{"id":25861,"date":"2025-10-20T05:27:13","date_gmt":"2025-10-20T05:27:13","guid":{"rendered":"https:\/\/www.europesays.com\/lv\/25861\/"},"modified":"2025-10-20T05:27:13","modified_gmt":"2025-10-20T05:27:13","slug":"majdzivnieki-bus-jaatstaj-vieni-uz-patvertnem-apdraudejuma-gadijuma-olaines-novada-vares-doties-tikai-cilveki","status":"publish","type":"post","link":"https:\/\/www.europesays.com\/lv\/25861\/","title":{"rendered":"M\u0101jdz\u012bvnieki b\u016bs j\u0101atst\u0101j vieni &#8211; Uz patvertn\u0113m apdraud\u0113juma gad\u012bjum\u0101 Olaines novad\u0101 var\u0113s doties tikai cilv\u0113ki"},"content":{"rendered":"<p>Uz Olaines novad\u0101 izvietotaj\u0101m patvertn\u0113m apdraud\u0113juma gad\u012bjum\u0101 nedr\u012bkst\u0113s \u0146emt l\u012bdzi m\u0101jdz\u012bvniekus, paredz novada domes apstiprin\u0101tie pa\u0161vald\u012bbas patvert\u0146u izmanto\u0161anas noteikumi.<\/p>\n<p>Patvertnes ir telpas pa\u0161vald\u012bbas \u0113k\u0101, kur iedz\u012bvot\u0101jiem \u012bslaic\u012bgi patverties, lai mazin\u0101tu ietekmi no b\u012bstamiem faktoriem, kas rodas katastrofas, milit\u0101ra iebrukuma vai kara gad\u012bjum\u0101. Patvertnes pa\u0161vald\u012bbas \u0113k\u0101s ier\u012bko atbilsto\u0161i Valsts ugunsdz\u0113s\u012bbas un gl\u0101b\u0161anas dienesta (VUGD) nov\u0113rt\u0113jumam. T\u0101s ir izveidotas \u0113ku pagrabst\u0101vos, pazemes st\u0101vos, k\u0101 ar\u012b cokola st\u0101vos, lai mazin\u0101tu ietekmi no spr\u0101dziena triecienvi\u013c\u0146a un \u0161\u0137emb\u0101m.<\/p>\n<p>Pie ieejas \u0113k\u0101, kur ier\u012bkota patvertne, iev\u0113rojot VUGD vadl\u012bnij\u0101s sniegt\u0101s rekomend\u0101cijas, izvieto patvertnes z\u012bmi.<\/p>\n<p>&#13;<br \/>\n&#13;<br \/>\nSeko l\u012bdzi port\u0101la 1188.lv jaunumiem ar\u012b &#8220;Whatsapp&#8221; kan\u0101l\u0101 <a target=\"_blank\" href=\"https:\/\/whatsapp.com\/channel\/0029Vb6zcYhIiRp25N9ArG3o\" rel=\"nofollow noopener\">\u0160EIT<\/a>.&#13;<br \/>\n&#13;<br \/>\n<\/p>\n<p>Noteikts, ka patvert\u0146u telpas, kuras ikdien\u0101 izmanto iest\u0101des vajadz\u012bb\u0101m, p\u0113c publiski izsludin\u0101ta iesp\u0113jama apdraud\u0113juma 24 stundu laik\u0101 sagatavo un apr\u012bko atbilsto\u0161i patvertnes vajadz\u012bb\u0101m. Iest\u0101des tie\u0161o funkciju veik\u0161anas laik\u0101 patvertne prim\u0101ri paredz\u0113ta t\u0101m person\u0101m, kuras attiec\u012bgaj\u0101 apdraud\u0113juma br\u012bd\u012b atrodas \u0161aj\u0101 iest\u0101d\u0113. Par citu personu iek\u013c\u016b\u0161anu \u0161\u0101d\u0101 patvertn\u0113 atbild\u012bgais darbinieks lems, \u0146emot v\u0113r\u0101 patvertnes ietilp\u012bbu.<\/p>\n<p>Noteikumos paredz\u0113ts, ka izsludin\u0101ta apdraud\u0113juma gad\u012bjum\u0101 nor\u012bkotie atbild\u012bgie darbinieki veic patvert\u0146u durvju atsl\u0113g\u0161anu, uzrauga sabiedrisko k\u0101rt\u012bbu, nodro\u0161ina piek\u013c\u016bstam\u012bbu telp\u0101m vai telpu grup\u0101m person\u0101m ar ierobe\u017eot\u0101m p\u0101rvieto\u0161an\u0101s sp\u0113j\u0101m, uzrauga sanit\u0101r\u0101s un higi\u0113nas pras\u012bbu iev\u0113ro\u0161anu telp\u0101s 24 stundu laik\u0101. T\u0101pat nepiecie\u0161ams uzraudz\u012bt uztur\u0113\u0161an\u0101s un komforta pras\u012bbas telp\u0101s vai telpu grup\u0101s, ugunsdro\u0161\u012bbas pras\u012bbu iev\u0113ro\u0161anu patvertnes telp\u0101s.<\/p>\n<p>\u0160ie darbinieki nepiecie\u0161am\u012bbas gad\u012bjum\u0101 izsniedz pirm\u0101s medic\u012bnisk\u0101s pal\u012bdz\u012bbas l\u012bdzek\u013cus, ier\u0101da vietas s\u0113d\u0113\u0161anai un gul\u0113\u0161anai, nepiecie\u0161am\u012bbas gad\u012bjum\u0101 izsniedz speci\u0101lus instrumentus, kas pal\u012bdz\u0113tu atbr\u012bvot izeju no gruve\u0161iem.<\/p>\n<p>Pa\u0161vald\u012bba ar\u012b noteikusi uzved\u012bbas normas, kas j\u0101iev\u0113ro patversm\u0113m. Tostarp j\u0101pal\u012bdz person\u0101m, kuras fiziski nevar patst\u0101v\u012bgi iek\u013c\u016bt patvertn\u0113 vai izk\u013c\u016bt no t\u0101s, j\u0101iev\u0113ro ugunsdro\u0161\u012bbas un citi ar dro\u0161\u012bbu saist\u012bti noteikumi, j\u0101izvair\u0101s no konfliktsitu\u0101cij\u0101m. Patvertn\u0113s nedr\u012bkst trok\u0161\u0146ot, j\u0101sarun\u0101jas klusi, ar cie\u0146u j\u0101izturas pret vis\u0101m person\u0101m, kuras atrodas patvertn\u0113, atbilsto\u0161i sav\u0101m sp\u0113j\u0101m j\u0101sniedz nepiecie\u0161amo atbalstu patvertn\u0113 eso\u0161aj\u0101m person\u0101m.<\/p>\n<p>T\u0101pat citiem atbilsto\u0161i sav\u0101m sp\u0113j\u0101m j\u0101atbalsta pa\u0161vald\u012bbas iest\u0101des atbild\u012bgo darbinieku, kur\u0161 atbild\u012bgs par iek\u013c\u016b\u0161anu patvertn\u0113 un k\u0101rt\u012bbas nodro\u0161in\u0101\u0161anu taj\u0101, j\u0101veic pas\u0101kumi, lai nepie\u013cautu panikas izcel\u0161anos vai mazin\u0101tu t\u0101s ietekmi, k\u0101 ar\u012b nekav\u0113joties j\u0101inform\u0113 pa\u0161vald\u012bbas iest\u0101des atbild\u012bgais darbinieks par situ\u0101cij\u0101m, kas apdraud vai var apdraud\u0113t patvertn\u0113 eso\u0161\u0101s personas. Patvertn\u0113 eso\u0161ajiem ar\u012b j\u0101sadarbojas ar cit\u0101m patvertn\u0113 eso\u0161\u0101m person\u0101m un j\u0101iev\u0113ro sanit\u0101r\u0101s un higi\u0113nas normas.<\/p>\n<p>Patvertn\u0113 aizliegts \u0146emt l\u012bdzi m\u0101jdz\u012bvniekus, iz\u0146emot person\u0101m ar dienesta su\u0146iem vai su\u0146iem pavado\u0146iem. T\u0101pat nedr\u012bkst lietot alkoholiskos dz\u0113rienus un apreibino\u0161as vielas, sm\u0113\u0137\u0113t, lietot atkl\u0101tu uguni, k\u0101 ar\u012b ienest viegli uzliesmojo\u0161us \u0161\u0137idrumus.<\/p>\n<p>Patvertnes oblig\u0101ti j\u0101atst\u0101j p\u0113c atbild\u012bgo dienestu pazi\u0146ojuma sa\u0146em\u0161anas.<\/p>\n","protected":false},"excerpt":{"rendered":"Uz Olaines novad\u0101 izvietotaj\u0101m patvertn\u0113m apdraud\u0113juma gad\u012bjum\u0101 nedr\u012bkst\u0113s \u0146emt l\u012bdzi m\u0101jdz\u012bvniekus, paredz novada domes apstiprin\u0101tie pa\u0161vald\u012bbas patvert\u0146u izmanto\u0161anas&hellip;\n","protected":false},"author":2,"featured_media":25862,"comment_status":"","ping_status":"","sticky":false,"template":"","format":"standard","meta":{"footnotes":""},"categories":[12],"tags":[129,6036,23,28,29,32,33,22,30,31,35,39,38,36,37,34,40,20,26,27,6037,6038,24,25,21],"class_list":{"0":"post-25861","1":"post","2":"type-post","3":"status-publish","4":"format-standard","5":"has-post-thumbnail","7":"category-latvija","8":"tag-__typenameadvicekeyword","9":"tag-id740","10":"tag-aktualitates","11":"tag-breaking-news","12":"tag-breakingnews","13":"tag-featured-news","14":"tag-featurednews","15":"tag-headlines","16":"tag-latest-news","17":"tag-latestnews","18":"tag-latvia","19":"tag-latvian","20":"tag-latviesu","21":"tag-latviesu-valoda","22":"tag-latviesuvaloda","23":"tag-latvija","24":"tag-lv","25":"tag-news","26":"tag-popularakas-zinas","27":"tag-popularakaszinas","28":"tag-slugdzivnieki","29":"tag-titledzivnieki","30":"tag-top-stories","31":"tag-topstories","32":"tag-zinas"},"share_on_mastodon":{"url":"","error":""},"_links":{"self":[{"href":"https:\/\/www.europesays.com\/lv\/wp-json\/wp\/v2\/posts\/25861","targetHints":{"allow":["GET"]}}],"collection":[{"href":"https:\/\/www.europesays.com\/lv\/wp-json\/wp\/v2\/posts"}],"about":[{"href":"https:\/\/www.europesays.com\/lv\/wp-json\/wp\/v2\/types\/post"}],"author":[{"embeddable":true,"href":"https:\/\/www.europesays.com\/lv\/wp-json\/wp\/v2\/users\/2"}],"replies":[{"embeddable":true,"href":"https:\/\/www.europesays.com\/lv\/wp-json\/wp\/v2\/comments?post=25861"}],"version-history":[{"count":0,"href":"https:\/\/www.europesays.com\/lv\/wp-json\/wp\/v2\/posts\/25861\/revisions"}],"wp:featuredmedia":[{"embeddable":true,"href":"https:\/\/www.europesays.com\/lv\/wp-json\/wp\/v2\/media\/25862"}],"wp:attachment":[{"href":"https:\/\/www.europesays.com\/lv\/wp-json\/wp\/v2\/media?parent=25861"}],"wp:term":[{"taxonomy":"category","embeddable":true,"href":"https:\/\/www.europesays.com\/lv\/wp-json\/wp\/v2\/categories?post=25861"},{"taxonomy":"post_tag","embeddable":true,"href":"https:\/\/www.europesays.com\/lv\/wp-json\/wp\/v2\/tags?post=25861"}],"curies":[{"name":"wp","href":"https:\/\/api.w.org\/{rel}","templated":true}]}}