{"id":259510,"date":"2026-08-02T11:34:08","date_gmt":"2026-08-02T11:34:08","guid":{"rendered":"https:\/\/www.europesays.com\/lv\/259510\/"},"modified":"2026-08-02T11:34:08","modified_gmt":"2026-08-02T11:34:08","slug":"bijusi-vef-riga-zvaigzne-pirmo-reizi-karjera-speles-uleb-eiroliga","status":"publish","type":"post","link":"https:\/\/www.europesays.com\/lv\/259510\/","title":{"rendered":"Bijus\u012b &#8220;VEF R\u012bga&#8221; zvaigzne pirmo reizi karjer\u0101 sp\u0113l\u0113s ULEB Eirol\u012bg\u0101"},"content":{"rendered":"<p>                                <img decoding=\"async\" src=\"https:\/\/www.europesays.com\/lv\/wp-content\/uploads\/2026\/08\/kails-almens-sportazinas-com-750x450.jpg\"   alt=\"Kails Almens\" class=\"post-featured-image\"\/><\/p>\n<p>Kails Almens | Foto: euroleaguebasketball.net<\/p>\n<p class=\"wp-block-paragraph\">ULEB Eirol\u012bgas klubs Belgradas \u201cPartizan\u201d <a href=\"https:\/\/partizan.basketball\/vesti\/aktuelno\/4231\" target=\"_blank\" rel=\"noreferrer noopener nofollow\">parakst\u012bjis divu gadu l\u012bgumu<\/a> ar amerik\u0101\u0146u basketbolistu <a href=\"https:\/\/www.sportazinas.com\/atsl%C4%93gv%C4%81rdi\/kails-almens\/\" rel=\"nofollow noopener\" target=\"_blank\">Kailu Almenu<\/a>, kur\u0161 savas profesion\u0101l\u0101s karjeras ievad\u0101 sp\u0113l\u0113ja \u201cVEF R\u012bga\u201d komand\u0101.<\/p>\n<p class=\"wp-block-paragraph\">Almenam t\u0101 b\u016bs pirm\u0101 pirm\u0101 pieredze Eirol\u012bg\u0101. 28 gadus vecais aizsargs aizvad\u012btaj\u0101 sezon\u0101 p\u0101rst\u0101v\u0113ja Turcijas klubu Ankaras \u201cTurk Telekom\u201d un bija viens no ULEB Eirokausa spilgt\u0101kajiem sp\u0113l\u0113t\u0101jiem. <\/p>\n<p class=\"wp-block-paragraph\">Almens 18 Eirokausa sp\u0113l\u0113s izc\u0113l\u0101s ar vid\u0113ji 14,3 punktiem, tr\u0101pot 48% t\u0101lmetienu, 3,6 rezultat\u012bv\u0101m piesp\u0113l\u0113m un 2,4 atl\u0113ku\u0161aj\u0101m bumb\u0101m. Vi\u0146\u0161 pal\u012bdz\u0113ja \u201cTurk Telekom\u201d sasniegt Eirokausa pusfin\u0101lu, bet pats Almens tika iek\u013cauts sezonas pirmaj\u0101 simboliskaj\u0101 izlas\u0113.<\/p>\n<p class=\"wp-block-paragraph\">Turcijas \u010dempion\u0101t\u0101 Almens 21 pamatturn\u012bra sp\u0113l\u0113 atz\u012bm\u0113j\u0101s ar caurm\u0113r\u0101 12,3 punktiem, 3,5 piesp\u0113l\u0113m un 2,4 bumb\u0101m zem groziem. \u201cTurk Telekom\u201d regul\u0101ro \u010dempion\u0101tu nosl\u0113dza piektaj\u0101 viet\u0101, bet \u201cplay-off\u201d nep\u0101rvar\u0113ja ceturtda\u013cfin\u0101lu.<\/p>\n<p class=\"wp-block-paragraph\">Almens p\u0113c koled\u017eas absolv\u0113\u0161anas 2019. gad\u0101 p\u0101rc\u0113l\u0101s uz Grie\u0137iju, bet gadu v\u0113l\u0101k tie\u0161i Latvijas titul\u0113t\u0101k\u0101 kluba \u201cVEF R\u012bga\u201d sast\u0101v\u0101 pieteica sevi uz Eiropas basketbola skatuves, b\u016bdams komandas l\u012bderis. N\u0101kam\u0101s divas sezonas Almens pavad\u012bja \u201cParis\u201d rind\u0101s, kam sekoja tr\u012bs gadi Turcij\u0101 \u2013 bez jau min\u0113t\u0101s \u201cTurk Telekom\u201d vi\u0146\u0161 p\u0101rst\u0101v\u0113ja Stambulas \u201cBesiktas\u201d, k\u0101 ar\u012b pirms tam veica \u012bsu pitstopu Stambulas \u201cDarussafaka\u201d vien\u012bb\u0101.<\/p>\n<p class=\"wp-block-paragraph\">J\u0101piemin, ka izla\u0161u l\u012bmen\u012b Almens kop\u0161 pag\u0101ju\u0161aj\u0101 gada p\u0101rst\u0101v Melnkalni. P\u0113rn vi\u0146\u0161 piedal\u012bj\u0101s \u201cEurobasket 2025\u201d fin\u0101lturn\u012br\u0101.<\/p>\n<blockquote class=\"twitter-tweet\" data-width=\"500\" data-dnt=\"true\">\n<p lang=\"und\" dir=\"ltr\">Kajl Olmen je novo poja\u010danje Parnog valjka! \u010clan idealne petorke Evrokupa za proteklu sezonu i reprezentativac Crne Gore, potpisao je dvogodi\u0161nji ugovor sa crno-belima.\u26ab\ufe0f\u26aa\ufe0f<\/p>\n<p>Igra\u010d ro\u0111en drugog septembra 1997. godine u Bruklinu, priklju\u010duje se Partizanu Mozzart Bet nakon sezone u\u2026 <a href=\"https:\/\/t.co\/lBO228OSTa\" rel=\"nofollow\">pic.twitter.com\/lBO228OSTa<\/a><\/p>\n<p>\u2014 KK Partizan Mozzart Bet (@PartizanBC) <a href=\"https:\/\/x.com\/PartizanBC\/status\/2083144673946693905?ref_src=twsrc%5Etfw\" rel=\"nofollow\">July 31, 2026<\/a><\/p><\/blockquote>\n<p>                    <script async src=\"https:\/\/platform.twitter.com\/widgets.js\" charset=\"utf-8\"><\/script><\/p>\n","protected":false},"excerpt":{"rendered":"Kails Almens | Foto: euroleaguebasketball.net ULEB Eirol\u012bgas klubs Belgradas \u201cPartizan\u201d parakst\u012bjis divu gadu l\u012bgumu ar amerik\u0101\u0146u basketbolistu Kailu&hellip;\n","protected":false},"author":2,"featured_media":259511,"comment_status":"","ping_status":"","sticky":false,"template":"","format":"standard","meta":{"footnotes":"","_share_on_mastodon":"0"},"categories":[17],"tags":[23,15986,41065,35,39,38,36,37,34,40,67,2120],"class_list":["post-259510","post","type-post","status-publish","format-standard","has-post-thumbnail","category-sports","tag-aktualitates","tag-belgradas-partizan","tag-kails-almens","tag-latvia","tag-latvian","tag-latviesu","tag-latviesu-valoda","tag-latviesuvaloda","tag-latvija","tag-lv","tag-sports","tag-uleb-eiroliga"],"share_on_mastodon":{"url":"https:\/\/pubeurope.com\/@lv\/117025706045087925","error":""},"_links":{"self":[{"href":"https:\/\/www.europesays.com\/lv\/wp-json\/wp\/v2\/posts\/259510","targetHints":{"allow":["GET"]}}],"collection":[{"href":"https:\/\/www.europesays.com\/lv\/wp-json\/wp\/v2\/posts"}],"about":[{"href":"https:\/\/www.europesays.com\/lv\/wp-json\/wp\/v2\/types\/post"}],"author":[{"embeddable":true,"href":"https:\/\/www.europesays.com\/lv\/wp-json\/wp\/v2\/users\/2"}],"replies":[{"embeddable":true,"href":"https:\/\/www.europesays.com\/lv\/wp-json\/wp\/v2\/comments?post=259510"}],"version-history":[{"count":0,"href":"https:\/\/www.europesays.com\/lv\/wp-json\/wp\/v2\/posts\/259510\/revisions"}],"wp:featuredmedia":[{"embeddable":true,"href":"https:\/\/www.europesays.com\/lv\/wp-json\/wp\/v2\/media\/259511"}],"wp:attachment":[{"href":"https:\/\/www.europesays.com\/lv\/wp-json\/wp\/v2\/media?parent=259510"}],"wp:term":[{"taxonomy":"category","embeddable":true,"href":"https:\/\/www.europesays.com\/lv\/wp-json\/wp\/v2\/categories?post=259510"},{"taxonomy":"post_tag","embeddable":true,"href":"https:\/\/www.europesays.com\/lv\/wp-json\/wp\/v2\/tags?post=259510"}],"curies":[{"name":"wp","href":"https:\/\/api.w.org\/{rel}","templated":true}]}}