{"id":25984,"date":"2025-10-20T06:57:15","date_gmt":"2025-10-20T06:57:15","guid":{"rendered":"https:\/\/www.europesays.com\/lv\/25984\/"},"modified":"2025-10-20T06:57:15","modified_gmt":"2025-10-20T06:57:15","slug":"saeima-atklata-izstade-latviesu-gramatai-500-godinot-valodu-un-kulturu-lente-lv-2","status":"publish","type":"post","link":"https:\/\/www.europesays.com\/lv\/25984\/","title":{"rendered":"Saeim\u0101 atkl\u0101ta izst\u0101de \u201cLatvie\u0161u gr\u0101matai 500\u201d, godinot valodu un kult\u016bru\u00a0\u2014\u00a0Lente.lv"},"content":{"rendered":"<p>Saeim\u0101 atkl\u0101ta izst\u0101de, kas godina latvie\u0161u gr\u0101matniec\u012bbas 500 gadus<\/p>\n<p>\u0160oned\u0113\u013c, 16. oktobr\u012b, Saeim\u0101 tika atkl\u0101ta v\u0113sturiska izst\u0101de \u201cLatvie\u0161u gr\u0101matai 500\u201d. \u0160is notikums, kas sakr\u012bt ar Valsts valodas dienu, iez\u012bm\u0113 noz\u012bm\u012bgu pagrieziena punktu latvie\u0161u kult\u016bras un valodas att\u012bst\u012bb\u0101 \u2013 piecsimtgadi kop\u0161 pirm\u0101s latvie\u0161u valod\u0101 iespiest\u0101s gr\u0101matas izn\u0101k\u0161anas. Lai gan prec\u012bzas liec\u012bbas par pa\u0161u pirmo iespieddarbu nav saglab\u0101ju\u0161\u0101s, t\u0101 aizs\u0101kums ir licis pamatus m\u016bsu valsts kult\u016bras un valodas plaukumam.<\/p>\n<p>Valodas sp\u0113ks un gr\u0101matniec\u012bbas noz\u012bme tautas identit\u0101t\u0113<\/p>\n<p>Saeimas priek\u0161s\u0113d\u0113t\u0101ja Daiga Mieri\u0146a atkl\u0101\u0161anas pas\u0101kum\u0101 uzsv\u0113ra valodas fundament\u0101lo noz\u012bmi tautas identit\u0101t\u0113. \u201cValoda glab\u0101 v\u0113sturi, \u013cauj dom\u0101t, just un redz\u0113t vien\u0101 veselum\u0101,\u201d vi\u0146a sac\u012bja, piebilstot, ka tie\u0161i valoda ir nacion\u0101l\u0101s kult\u016bras veido\u0161an\u0101s priek\u0161noteikums. Gr\u0101mata, savuk\u0101rt, tiek uzskat\u012bta par valodas neatsveramu turpin\u0101jumu, kas savieno pag\u0101tni ar tagadni un \u013cauj saglab\u0101t nenov\u0113rt\u0113jamu mantojumu n\u0101kamaj\u0101m paaudz\u0113m. Mieri\u0146a aicin\u0101ja kl\u0101teso\u0161os akt\u012bvi lietot un svin\u0113t latvie\u0161u valodu, lai t\u0101 joproj\u0101m b\u016btu dz\u012bva un sp\u0113c\u012bga.<\/p>\n<p>Izgl\u012bt\u012bbas, kult\u016bras un zin\u0101tnes komisijas priek\u0161s\u0113d\u0113t\u0101ja Agita Zari\u0146a-St\u016bre izst\u0101di raksturoja k\u0101 st\u0101stu par tautas sakn\u0113m un identit\u0101ti. Vi\u0146a uzsv\u0113ra gr\u0101matas lomu k\u0101 person\u012bbas un kult\u016bras veidot\u0101jas, k\u0101 ar\u012b sabiedr\u012bbas domas virz\u012bt\u0101jsp\u0113ka. \u201cTie\u0161i lasot m\u0113s m\u0101c\u0101mies dom\u0101t patst\u0101v\u012bgi, saprast un cien\u012bt citu viedok\u013cus,\u201d nor\u0101d\u012bja Zari\u0146a-St\u016bre, piebilstot, ka las\u012b\u0161anas prasme ir un paliks vit\u0101li svar\u012bga, neatkar\u012bgi no tehnolo\u0123iju att\u012bst\u012bbas. Vi\u0146a ar\u012b akcent\u0113ja bibliot\u0113ku noz\u012bmi k\u0101 br\u012bv\u012bbas dom\u0101t un m\u0101c\u012bties centriem, kas nodro\u0161ina zin\u0101\u0161anu pieejam\u012bbu visiem, uzsverot, ka las\u012b\u0161anas veicin\u0101\u0161ana ir ieguld\u012bjums sabiedr\u012bbas att\u012bst\u012bb\u0101.<\/p>\n<p>Izst\u0101des saturs un pieejam\u012bba<\/p>\n<p>Izst\u0101di \u201cLatvie\u0161u gr\u0101matai 500\u201d, kuru veidojusi Latvijas Nacion\u0101l\u0101 bibliot\u0113ka, papildina ar\u012b izgl\u012btojo\u0161i materi\u0101li, kas pieejami digit\u0101l\u0101 form\u0101t\u0101 vietn\u0113 www.gramatai500.lv\/piedalies. Pas\u0101kuma atkl\u0101\u0161an\u0101 piedal\u012bj\u0101s ar\u012b Latvijas Nacion\u0101l\u0101s bibliot\u0113kas Speci\u0101lo kr\u0101jumu departamenta direktore Marika Selga, kura iepaz\u012bstin\u0101ja ar pirm\u0101s latvie\u0161u valod\u0101 iespiest\u0101s gr\u0101matas v\u0113sturi un t\u0101s noz\u012bmi valodas att\u012bst\u012bb\u0101. Izst\u0101de atspogu\u013co latvie\u0161u gr\u0101matniec\u012bbas v\u0113stures noz\u012bm\u012bg\u0101kos notikumus, s\u0101kot no pirmajiem iespieddarbiem un bibliot\u0113k\u0101m, l\u012bdz pat m\u016bsdienu las\u012b\u0161anas veicin\u0101\u0161anas kust\u012bb\u0101m, piem\u0113ram, B\u0113rnu, jaunie\u0161u un vec\u0101ku \u017e\u016briju.<\/p>\n<p>\u0160\u012b izst\u0101de ir da\u013ca no pla\u0161\u0101ka notikumu cikla, kas nosl\u0113gsies novembr\u012b un godina latvie\u0161u rakst\u012bt\u0101 v\u0101rda 500 gadu ilgo att\u012bst\u012bbas ce\u013cu, akcent\u0113jot t\u0101 noz\u012bmi tautas kult\u016br\u0101 un identit\u0101t\u0113.<\/p>\n","protected":false},"excerpt":{"rendered":"Saeim\u0101 atkl\u0101ta izst\u0101de, kas godina latvie\u0161u gr\u0101matniec\u012bbas 500 gadus \u0160oned\u0113\u013c, 16. oktobr\u012b, Saeim\u0101 tika atkl\u0101ta v\u0113sturiska izst\u0101de \u201cLatvie\u0161u&hellip;\n","protected":false},"author":2,"featured_media":25985,"comment_status":"","ping_status":"","sticky":false,"template":"","format":"standard","meta":{"footnotes":""},"categories":[12],"tags":[23,28,29,32,33,7900,22,7899,30,31,35,39,38,7898,36,37,34,160,40,20,26,27,24,25,21],"class_list":{"0":"post-25984","1":"post","2":"type-post","3":"status-publish","4":"format-standard","5":"has-post-thumbnail","7":"category-latvija","8":"tag-aktualitates","9":"tag-breaking-news","10":"tag-breakingnews","11":"tag-featured-news","12":"tag-featurednews","13":"tag-gramatas-500-gadadiena","14":"tag-headlines","15":"tag-izstade-saeima","16":"tag-latest-news","17":"tag-latestnews","18":"tag-latvia","19":"tag-latvian","20":"tag-latviesu","21":"tag-latviesu-gramatnieciba","22":"tag-latviesu-valoda","23":"tag-latviesuvaloda","24":"tag-latvija","25":"tag-latvijas-kultura","26":"tag-lv","27":"tag-news","28":"tag-popularakas-zinas","29":"tag-popularakaszinas","30":"tag-top-stories","31":"tag-topstories","32":"tag-zinas"},"share_on_mastodon":{"url":"","error":""},"_links":{"self":[{"href":"https:\/\/www.europesays.com\/lv\/wp-json\/wp\/v2\/posts\/25984","targetHints":{"allow":["GET"]}}],"collection":[{"href":"https:\/\/www.europesays.com\/lv\/wp-json\/wp\/v2\/posts"}],"about":[{"href":"https:\/\/www.europesays.com\/lv\/wp-json\/wp\/v2\/types\/post"}],"author":[{"embeddable":true,"href":"https:\/\/www.europesays.com\/lv\/wp-json\/wp\/v2\/users\/2"}],"replies":[{"embeddable":true,"href":"https:\/\/www.europesays.com\/lv\/wp-json\/wp\/v2\/comments?post=25984"}],"version-history":[{"count":0,"href":"https:\/\/www.europesays.com\/lv\/wp-json\/wp\/v2\/posts\/25984\/revisions"}],"wp:featuredmedia":[{"embeddable":true,"href":"https:\/\/www.europesays.com\/lv\/wp-json\/wp\/v2\/media\/25985"}],"wp:attachment":[{"href":"https:\/\/www.europesays.com\/lv\/wp-json\/wp\/v2\/media?parent=25984"}],"wp:term":[{"taxonomy":"category","embeddable":true,"href":"https:\/\/www.europesays.com\/lv\/wp-json\/wp\/v2\/categories?post=25984"},{"taxonomy":"post_tag","embeddable":true,"href":"https:\/\/www.europesays.com\/lv\/wp-json\/wp\/v2\/tags?post=25984"}],"curies":[{"name":"wp","href":"https:\/\/api.w.org\/{rel}","templated":true}]}}