{"id":25998,"date":"2025-10-20T07:05:07","date_gmt":"2025-10-20T07:05:07","guid":{"rendered":"https:\/\/www.europesays.com\/lv\/25998\/"},"modified":"2025-10-20T07:05:07","modified_gmt":"2025-10-20T07:05:07","slug":"brizita-bardo-atveselojas-majas-pec-hospitalizacijas-un-operacijas-lente-lv","status":"publish","type":"post","link":"https:\/\/www.europesays.com\/lv\/25998\/","title":{"rendered":"Bri\u017eita Bardo atvese\u013cojas m\u0101j\u0101s p\u0113c hospitaliz\u0101cijas un oper\u0101cijas\u00a0\u2014\u00a0Lente.lv"},"content":{"rendered":"<p>Ikonisk\u0101 fran\u010du aktrise Bri\u017eita Bardo, kura nesen tika hospitaliz\u0113ta ar \u201cnopietnu saslim\u0161anu\u201d, nu ir izrakst\u012bta no slimn\u012bcas un atvese\u013cojas m\u0101j\u0101s.<\/p>\n<p>Vesel\u012bbas probl\u0113mas un hospitaliz\u0101cija<\/p>\n<p>91 gadu vec\u0101 zvaigzne, kas slavena ar sav\u0101m lom\u0101m t\u0101d\u0101s film\u0101s k\u0101 \u201cUn Dievs rad\u012bja sievieti\u201d, gandr\u012bz tr\u012bs ned\u0113\u013cas pavad\u012bja priv\u0101taj\u0101 slimn\u012bc\u0101 Tulon\u0101, Francijas dienvidos. Saska\u0146\u0101 ar fran\u010du mediju zi\u0146\u0101m, aktrise izg\u0101ja oper\u0101ciju, kas saist\u012bta ar nopietnu saslim\u0161anu. Lai gan s\u0101kotn\u0113j\u0101 inform\u0101cija liecin\u0101ja par satrauco\u0161u st\u0101vokli, vi\u0146as p\u0101rst\u0101vji apstiprin\u0101ju\u0161i, ka oper\u0101cija norit\u0113jusi veiksm\u012bgi.<\/p>\n<p>Pirms trim ned\u0113\u013c\u0101m Bri\u017eita Bardo tika nog\u0101d\u0101ta slimn\u012bc\u0101 no savas rezidences Sentrop\u0113z\u0101. Fran\u010du medijs \u201cVar-Matin\u201d pirmais zi\u0146oja par hospitaliz\u0101ciju, nor\u0101dot, ka aktrises st\u0101voklis ir \u201cuztrauco\u0161s\u201d, ta\u010du ar\u012b paredzot, ka vi\u0146a dr\u012bzum\u0101 var\u0113tu tikt izrakst\u012bta. Vi\u0146as p\u0101rst\u0101vji gan nekoment\u0113ja prec\u012bzu saslim\u0161anas dabu, saglab\u0101jot nosl\u0113pumu par vesel\u012bbas st\u0101vokli.<\/p>\n<p>Atvese\u013co\u0161an\u0101s un n\u0101kotnes pl\u0101ni<\/p>\n<p>Tagad aktrise ir dro\u0161i atgriezusies sav\u0101s m\u0101j\u0101s Sentrop\u0113z\u0101, kur atp\u016b\u0161as un pilnv\u0113rt\u012bgi atg\u016bstas. Vi\u0146a pateikusies slimn\u012bcas person\u0101lam un \u0101rstiem par profesion\u0101lo apr\u016bpi un r\u016bp\u0113m. Lai gan Bri\u017eita Bardo ir atk\u0101pusies no aktierm\u0101kslas jau vair\u0101k nek\u0101 pirms div\u0101m desmitgad\u0113m, vi\u0146a joproj\u0101m ir akt\u012bva sav\u0101 darb\u0101 dz\u012bvnieku ties\u012bbu aizst\u0101v\u012bb\u0101 un ir dibin\u0101jusi savu fondu, kas velt\u012bts dz\u012bvnieku labkl\u0101j\u012bbai.<\/p>\n<p>Lai gan Bardo p\u0113d\u0113jos gados dz\u012bvo sam\u0113r\u0101 nosl\u0113gtu dz\u012bvi, vi\u0146as vesel\u012bbas st\u0101voklis vienm\u0113r tiek r\u016bp\u012bgi uzraudz\u012bts, un jebkuras vesel\u012bbas probl\u0113mas izsauc pla\u0161u sabiedr\u012bbas un mediju interesi. \u0160\u012b hospitaliz\u0101cija nav pirm\u0101 vi\u0146as vesel\u012bbas probl\u0113mu epizode; 2023. gad\u0101 vi\u0146a sa\u0146\u0113ma medic\u012bnisko pal\u012bdz\u012bbu sav\u0101s m\u0101j\u0101s elpo\u0161anas gr\u016bt\u012bbu d\u0113\u013c karstuma vi\u013c\u0146a laik\u0101.<\/p>\n<p>Aktrises jaun\u0101k\u0101 gr\u0101mata \u201cMon BBc\u00e9daire\u201d, kas ir person\u012bgs defin\u012bciju apkopojums, tika izdota nesen, pirms vi\u0146as 91. dzim\u0161anas dienas. \u0160is darbs tiek uzskat\u012bts par atspogu\u013cojumu vi\u0146as raksturam un person\u012bbai.<\/p>\n","protected":false},"excerpt":{"rendered":"Ikonisk\u0101 fran\u010du aktrise Bri\u017eita Bardo, kura nesen tika hospitaliz\u0113ta ar \u201cnopietnu saslim\u0161anu\u201d, nu ir izrakst\u012bta no slimn\u012bcas un&hellip;\n","protected":false},"author":2,"featured_media":25999,"comment_status":"","ping_status":"","sticky":false,"template":"","format":"standard","meta":{"footnotes":""},"categories":[19],"tags":[8108,8106,8105,89,1309,90,35,39,38,36,37,34,40,8107,183,181],"class_list":{"0":"post-25998","1":"post","2":"type-post","3":"status-publish","4":"format-standard","5":"has-post-thumbnail","7":"category-izklaide","8":"tag-atveselosanas","9":"tag-brigitte-bardot","10":"tag-brizita-bardo","11":"tag-entertainment","12":"tag-francija","13":"tag-izklaide","14":"tag-latvia","15":"tag-latvian","16":"tag-latviesu","17":"tag-latviesu-valoda","18":"tag-latviesuvaloda","19":"tag-latvija","20":"tag-lv","21":"tag-operacija","22":"tag-slimnica","23":"tag-veseliba"},"share_on_mastodon":{"url":"","error":""},"_links":{"self":[{"href":"https:\/\/www.europesays.com\/lv\/wp-json\/wp\/v2\/posts\/25998","targetHints":{"allow":["GET"]}}],"collection":[{"href":"https:\/\/www.europesays.com\/lv\/wp-json\/wp\/v2\/posts"}],"about":[{"href":"https:\/\/www.europesays.com\/lv\/wp-json\/wp\/v2\/types\/post"}],"author":[{"embeddable":true,"href":"https:\/\/www.europesays.com\/lv\/wp-json\/wp\/v2\/users\/2"}],"replies":[{"embeddable":true,"href":"https:\/\/www.europesays.com\/lv\/wp-json\/wp\/v2\/comments?post=25998"}],"version-history":[{"count":0,"href":"https:\/\/www.europesays.com\/lv\/wp-json\/wp\/v2\/posts\/25998\/revisions"}],"wp:featuredmedia":[{"embeddable":true,"href":"https:\/\/www.europesays.com\/lv\/wp-json\/wp\/v2\/media\/25999"}],"wp:attachment":[{"href":"https:\/\/www.europesays.com\/lv\/wp-json\/wp\/v2\/media?parent=25998"}],"wp:term":[{"taxonomy":"category","embeddable":true,"href":"https:\/\/www.europesays.com\/lv\/wp-json\/wp\/v2\/categories?post=25998"},{"taxonomy":"post_tag","embeddable":true,"href":"https:\/\/www.europesays.com\/lv\/wp-json\/wp\/v2\/tags?post=25998"}],"curies":[{"name":"wp","href":"https:\/\/api.w.org\/{rel}","templated":true}]}}