{"id":26002,"date":"2025-10-20T07:09:13","date_gmt":"2025-10-20T07:09:13","guid":{"rendered":"https:\/\/www.europesays.com\/lv\/26002\/"},"modified":"2025-10-20T07:09:13","modified_gmt":"2025-10-20T07:09:13","slug":"jau-nakama-gada-budzeta-papildu-ietaupijumu-varetu-gut-no-publisko-iepirkumu-reformas-dienas-bizness","status":"publish","type":"post","link":"https:\/\/www.europesays.com\/lv\/26002\/","title":{"rendered":"Jau n\u0101kam\u0101 gada bud\u017eet\u0101 papildu ietaup\u012bjumu var\u0113tu g\u016bt no publisko iepirkumu reformas :: Dienas Bizness"},"content":{"rendered":"<p class=\"text-font font-size--text-xlarge margin-3--bottom font-weight--bold padding-1--top\">Jau n\u0101kam\u0101 gada valsts bud\u017eet\u0101 iev\u0113rojamu papildu ietaup\u012bjumu var\u0113tu g\u016bt no publisko iepirkumu sist\u0113mas struktur\u0101l\u0101s reformas, kas jau ir izstr\u0101d\u0101ta, bet bud\u017eeta pl\u0101n\u0101 v\u0113l nav ier\u0113\u0137in\u0101ta, intervij\u0101 TV3 raid\u012bjumam &#8220;900 sekundes&#8221; sac\u012bja Latvijas Tirdzniec\u012bbas un r\u016bpniec\u012bbas kamera (LTRK) valdes priek\u0161s\u0113d\u0113t\u0101js J\u0101nis Endzi\u0146\u0161, kur\u0161 novembr\u012b atst\u0101s \u0161o amatu, lai p\u0101r\u0146emtu Birokr\u0101tijas mazin\u0101\u0161anas r\u012bc\u012bbas grupas vad\u012bbu.<\/p>\n<p class=\"text-font font-size--text-xlarge margin-3--bottom\">Vi\u0146\u0161 skaidroja, ka vald\u012bbas nesen apstiprin\u0101taj\u0101 publisko iepirkumu reformas anot\u0101cij\u0101 Finan\u0161u ministrija (FM) ir prognoz\u0113jusi ietaup\u012bjumu l\u012bdz 4% no publisko iepirkumu kop\u0113j\u0101 apjoma. Ja \u0161is apjoms \u0161ogad ir ap 5,4 miljardiem eiro, tad 4% var\u0113tu b\u016bt vair\u0101k nek\u0101 200 miljoni eiro. &#8220;Ja m\u0113s raug\u0101mies uz eso\u0161o bud\u017eetu n\u0101kamajam gadam un turpm\u0101kajos v\u0113l divos gados, tur \u0161\u012b summa redzama nav,&#8221; apgalvoja Endzi\u0146\u0161, pau\u017eot neizpratni, k\u0101p\u0113c gan \u0161o paredzamo ietaup\u012bjumu ner\u0113\u0137in\u0101t iek\u0161\u0101 bud\u017eet\u0101.<\/p>\n<p class=\"text-font font-size--text-xlarge margin-3--bottom\">Turkl\u0101t Endzi\u0146\u0161 piebilda, ka min\u0113tais FM apr\u0113\u0137ins v\u0113l ir \u013coti pietic\u012bgs, jo Ekonomisk\u0101s sadarb\u012bbas un att\u012bst\u012bbas organiz\u0101cijas apr\u0113\u0137ini liecina, ka, veicot \u0161\u0101da l\u012bme\u0146a reformas, ietaup\u012bt var no 7% l\u012bdz 35%. &#8220;T\u0101 b\u016btu jau piln\u012bgi cita summa. M\u0113s aizg\u0101j\u0101m uz 4%, bet ar\u012b tas nav iek\u0161\u0101 bud\u017eet\u0101. \u0160\u012b ir, k\u0101 vi\u0146iem pat\u012bk teikt, fisk\u0101l\u0101 telpa, kuru var izmantot defic\u012bta mazin\u0101\u0161anai,&#8221; skaidroja uz\u0146\u0113m\u0113ju p\u0101rst\u0101vis.<\/p>\n<p class=\"text-font font-size--text-xlarge margin-3--bottom\">Vienlaikus LTRK vad\u012bt\u0101js pauda skepsi par to, ka Saeima, izskatot bud\u017eetu, taj\u0101 ievies\u012bs b\u016btiskas korekcijas. &#8220;Ticam\u0101k, t\u0101 neb\u016bs, bet, protams, cer\u012bba ir,&#8221; vi\u0146\u0161 sac\u012bja.<\/p>\n<p class=\"text-font font-size--text-xlarge margin-3--bottom\">K\u0101 zi\u0146ots, Saeimas Bud\u017eeta un finan\u0161u (nodok\u013cu) komisija pirmdien s\u0101ks v\u0113t\u012bt ministriju izdevumus 2026. gada valsts bud\u017eeta projekt\u0101 un bud\u017eeta ietvar\u0101 2027. un 2028. gadam, liecina komisijas s\u0113\u017eu darba k\u0101rt\u012bbas.<\/p>\n<p class=\"text-font font-size--text-xlarge margin-3--bottom\">Vald\u012bbas oktobra vid\u016b atbalst\u012btaj\u0101 2026. gada valsts bud\u017eeta projekt\u0101 konsolid\u0113t\u0101 kopbud\u017eeta ie\u0146\u0113mumi pl\u0101noti 16,064 miljardu eiro apm\u0113r\u0101, bet izdevumi &#8211; 17,945 miljardi eiro.<\/p>\n<p class=\"text-font font-size--text-xlarge margin-3--bottom\">Sal\u012bdzinot ar 2025. gada bud\u017eetu, 2026. gad\u0101 valsts bud\u017eeta ie\u0146\u0113mumu pieaugums p\u0101rsniedz izdevumu pieaugumu. Valsts bud\u017eeta ie\u0146\u0113mumiem pl\u0101nots pieaugums par 944,6 miljoniem eiro, savuk\u0101rt izdevumiem &#8211; par 804,3 miljoniem eiro.<\/p>\n<p class=\"text-font font-size--text-xlarge margin-3--bottom\">LETA jau zi\u0146oja, ka oktobra s\u0101kum\u0101 Saeima pirmaj\u0101 las\u012bjum\u0101 atbalst\u012bja groz\u012bjumus Publisko iepirkumu likum\u0101, kas paredz publisko iepirkumu sist\u0113mas struktur\u0101lo reformu. Ar groz\u012bjumiem Publisko iepirkumu likum\u0101 paredz\u0113ta atteik\u0161an\u0101s no nacion\u0101l\u0101 l\u012bme\u0146a mazajiem iepirkumiem, saglab\u0101jot tikai Eiropas Savien\u012bbas l\u012bmen\u012b noteiktos publisko iepirkumu sliek\u0161\u0146us &#8211; 143 000 eiro prec\u0113m un pakalpojumiem un 5,538 miljoni eiro b\u016bvdarbiem.<\/p>\n<p class=\"text-font font-size--text-xlarge margin-3--bottom\">T\u0101pat pl\u0101notie groz\u012bjumi likum\u0101 paredz p\u0101rskat\u012bt iepirkumu pretendentu izsl\u0113g\u0161anas noteikumus, no 12 oblig\u0101tajiem krit\u0113rijiem saglab\u0101jot divus. Tostarp pl\u0101nots saglab\u0101t pras\u012bbu izsl\u0113gt pretendentu par korupciju un noziedz\u012bgiem nodar\u012bjumiem, k\u0101 ar\u012b izsl\u0113g\u0161anu par nodok\u013cu par\u0101diem. Vienlaikus reforma paredz iesp\u0113ju \u013caut pretendentam nok\u0101rtot nodok\u013cu saist\u012bbas, nevis autom\u0101tiski to izsl\u0113gt no iepirkuma k\u0101 l\u012bdz \u0161im.<\/p>\n<p class=\"text-font font-size--text-xlarge margin-3--bottom\">Reformas pl\u0101not\u0101s izmai\u0146as publisko iepirkumu sist\u0113m\u0101 pak\u0101peniski st\u0101tos sp\u0113k\u0101 no 2026. gada, nor\u0101da FM.<\/p>\n","protected":false},"excerpt":{"rendered":"Jau n\u0101kam\u0101 gada valsts bud\u017eet\u0101 iev\u0113rojamu papildu ietaup\u012bjumu var\u0113tu g\u016bt no publisko iepirkumu sist\u0113mas struktur\u0101l\u0101s reformas, kas jau&hellip;\n","protected":false},"author":2,"featured_media":26003,"comment_status":"","ping_status":"","sticky":false,"template":"","format":"standard","meta":{"footnotes":""},"categories":[12],"tags":[23,869,77,870,28,29,867,32,33,22,30,31,35,39,38,36,37,34,871,868,40,20,26,27,24,25,21],"class_list":{"0":"post-26002","1":"post","2":"type-post","3":"status-publish","4":"format-standard","5":"has-post-thumbnail","7":"category-latvija","8":"tag-aktualitates","9":"tag-biznesa-zinas","10":"tag-bizness","11":"tag-bizness-latvija","12":"tag-breaking-news","13":"tag-breakingnews","14":"tag-dienas-zinas","15":"tag-featured-news","16":"tag-featurednews","17":"tag-headlines","18":"tag-latest-news","19":"tag-latestnews","20":"tag-latvia","21":"tag-latvian","22":"tag-latviesu","23":"tag-latviesu-valoda","24":"tag-latviesuvaloda","25":"tag-latvija","26":"tag-latvijas-biznesa-zinas","27":"tag-latvijas-zinas","28":"tag-lv","29":"tag-news","30":"tag-popularakas-zinas","31":"tag-popularakaszinas","32":"tag-top-stories","33":"tag-topstories","34":"tag-zinas"},"share_on_mastodon":{"url":"","error":""},"_links":{"self":[{"href":"https:\/\/www.europesays.com\/lv\/wp-json\/wp\/v2\/posts\/26002","targetHints":{"allow":["GET"]}}],"collection":[{"href":"https:\/\/www.europesays.com\/lv\/wp-json\/wp\/v2\/posts"}],"about":[{"href":"https:\/\/www.europesays.com\/lv\/wp-json\/wp\/v2\/types\/post"}],"author":[{"embeddable":true,"href":"https:\/\/www.europesays.com\/lv\/wp-json\/wp\/v2\/users\/2"}],"replies":[{"embeddable":true,"href":"https:\/\/www.europesays.com\/lv\/wp-json\/wp\/v2\/comments?post=26002"}],"version-history":[{"count":0,"href":"https:\/\/www.europesays.com\/lv\/wp-json\/wp\/v2\/posts\/26002\/revisions"}],"wp:featuredmedia":[{"embeddable":true,"href":"https:\/\/www.europesays.com\/lv\/wp-json\/wp\/v2\/media\/26003"}],"wp:attachment":[{"href":"https:\/\/www.europesays.com\/lv\/wp-json\/wp\/v2\/media?parent=26002"}],"wp:term":[{"taxonomy":"category","embeddable":true,"href":"https:\/\/www.europesays.com\/lv\/wp-json\/wp\/v2\/categories?post=26002"},{"taxonomy":"post_tag","embeddable":true,"href":"https:\/\/www.europesays.com\/lv\/wp-json\/wp\/v2\/tags?post=26002"}],"curies":[{"name":"wp","href":"https:\/\/api.w.org\/{rel}","templated":true}]}}