{"id":26012,"date":"2025-10-20T07:16:08","date_gmt":"2025-10-20T07:16:08","guid":{"rendered":"https:\/\/www.europesays.com\/lv\/26012\/"},"modified":"2025-10-20T07:16:08","modified_gmt":"2025-10-20T07:16:08","slug":"svetdien-celu-satiksmes-negadijumos-cietusi-devini-cilveki","status":"publish","type":"post","link":"https:\/\/www.europesays.com\/lv\/26012\/","title":{"rendered":"Sv\u0113tdien ce\u013cu satiksmes negad\u012bjumos cietu\u0161i devi\u0146i cilv\u0113ki"},"content":{"rendered":"<p>Kopum\u0101 valst\u012b re\u0123istr\u0113ti 97 ce\u013cu satiksmes negad\u012bjumi, no kuriem se\u0161i biju\u0161i ar cietu\u0161ajiem. Visvair\u0101k cilv\u0113ku &#8211; pieci &#8211; cietu\u0161i av\u0101rij\u0101s R\u012bgas re\u0123ion\u0101, tostarp divi g\u0101j\u0113ji un viens velosip\u0113dists.<\/p>\n<p>T\u0101pat aizvad\u012btaj\u0101 diennakt\u012b ce\u013cu policija aiztur\u0113jusi desmit transportl\u012bdzek\u013cu vad\u012bt\u0101jus alkohola reibum\u0101. Se\u0161iem vad\u012bt\u0101jiem piem\u0113rota administrat\u012bv\u0101 atbild\u012bba, savuk\u0101rt \u010detros gad\u012bjumos s\u0101kts krimin\u0101lprocess. No \u0161iem \u010detriem autovad\u012bt\u0101jiem diviem sp\u0113krati konfisc\u0113ti, bet no diviem tiks piedz\u012bta vad\u012bt\u0101 transportl\u012bdzek\u013ca v\u0113rt\u012bba.<\/p>\n<p>Par at\u013caut\u0101 brauk\u0161anas \u0101truma p\u0101rsnieg\u0161anu noform\u0113ti 239 administrat\u012bv\u0101 p\u0101rk\u0101puma protokoli.<\/p>\n<p>Kopum\u0101 ce\u013cu satiksmes noteikumu jom\u0101 policija re\u0123istr\u0113jusi 530 administrat\u012bvos p\u0101rk\u0101pumus.<\/p>\n","protected":false},"excerpt":{"rendered":"Kopum\u0101 valst\u012b re\u0123istr\u0113ti 97 ce\u013cu satiksmes negad\u012bjumi, no kuriem se\u0161i biju\u0161i ar cietu\u0161ajiem. Visvair\u0101k cilv\u0113ku &#8211; pieci &#8211;&hellip;\n","protected":false},"author":2,"featured_media":9560,"comment_status":"","ping_status":"","sticky":false,"template":"","format":"standard","meta":{"footnotes":""},"categories":[5],"tags":[23,1465,28,29,32,33,22,30,31,35,39,38,36,37,34,40,20,26,27,24,25,138,21],"class_list":{"0":"post-26012","1":"post","2":"type-post","3":"status-publish","4":"format-standard","5":"has-post-thumbnail","7":"category-aktualitates","8":"tag-aktualitates","9":"tag-autoavarijas","10":"tag-breaking-news","11":"tag-breakingnews","12":"tag-featured-news","13":"tag-featurednews","14":"tag-headlines","15":"tag-latest-news","16":"tag-latestnews","17":"tag-latvia","18":"tag-latvian","19":"tag-latviesu","20":"tag-latviesu-valoda","21":"tag-latviesuvaloda","22":"tag-latvija","23":"tag-lv","24":"tag-news","25":"tag-popularakas-zinas","26":"tag-popularakaszinas","27":"tag-top-stories","28":"tag-topstories","29":"tag-valsts-policija","30":"tag-zinas"},"share_on_mastodon":{"url":"","error":""},"_links":{"self":[{"href":"https:\/\/www.europesays.com\/lv\/wp-json\/wp\/v2\/posts\/26012","targetHints":{"allow":["GET"]}}],"collection":[{"href":"https:\/\/www.europesays.com\/lv\/wp-json\/wp\/v2\/posts"}],"about":[{"href":"https:\/\/www.europesays.com\/lv\/wp-json\/wp\/v2\/types\/post"}],"author":[{"embeddable":true,"href":"https:\/\/www.europesays.com\/lv\/wp-json\/wp\/v2\/users\/2"}],"replies":[{"embeddable":true,"href":"https:\/\/www.europesays.com\/lv\/wp-json\/wp\/v2\/comments?post=26012"}],"version-history":[{"count":0,"href":"https:\/\/www.europesays.com\/lv\/wp-json\/wp\/v2\/posts\/26012\/revisions"}],"wp:featuredmedia":[{"embeddable":true,"href":"https:\/\/www.europesays.com\/lv\/wp-json\/wp\/v2\/media\/9560"}],"wp:attachment":[{"href":"https:\/\/www.europesays.com\/lv\/wp-json\/wp\/v2\/media?parent=26012"}],"wp:term":[{"taxonomy":"category","embeddable":true,"href":"https:\/\/www.europesays.com\/lv\/wp-json\/wp\/v2\/categories?post=26012"},{"taxonomy":"post_tag","embeddable":true,"href":"https:\/\/www.europesays.com\/lv\/wp-json\/wp\/v2\/tags?post=26012"}],"curies":[{"name":"wp","href":"https:\/\/api.w.org\/{rel}","templated":true}]}}