{"id":26013,"date":"2025-10-20T07:17:06","date_gmt":"2025-10-20T07:17:06","guid":{"rendered":"https:\/\/www.europesays.com\/lv\/26013\/"},"modified":"2025-10-20T07:17:06","modified_gmt":"2025-10-20T07:17:06","slug":"foto-%e2%9f%a9-vai-zale-ir-kads-neprecejies-virietis-vera-brezneva-parsteidz-tallinu-ar-karstu-koncertu","status":"publish","type":"post","link":"https:\/\/www.europesays.com\/lv\/26013\/","title":{"rendered":"FOTO \u27e9 &#8220;Vai z\u0101l\u0113 ir k\u0101ds neprec\u0113jies v\u012brietis?&#8221; Vera Bre\u017e\u0146eva p\u0101rsteidz Tallinu ar karstu koncertu"},"content":{"rendered":"<p>Izejot uz skatuves, Vera atzina, ka vi\u0146a bija sailgojusies, jo Tallin\u0101 nav bijusi veselus septi\u0146us gadus.<\/p>\n<p>K\u0101ds no z\u0101les izsauc\u0101s, ka jau dev\u012bto reizi apmekl\u0113 vi\u0146as koncertu. &#8220;Ak, Dievs! Cilv\u0113ks jau dev\u012bto reizi apmekl\u0113 manu koncertu? Ar ko j\u016bs v\u0113l p\u0101rsteigt &#8211; pat nezinu,&#8221; smaidot teica Vera.<\/p>\n<p>Cits skat\u012bt\u0101js, savuk\u0101rt, l\u016bdza vi\u0146ai nodzied\u0101t &#8220;\u041d\u0435 \u043e\u0441\u0442\u0430\u0432\u043b\u044f\u0439 \u043c\u0435\u043d\u044f, \u043b\u044e\u0431\u0438\u043c\u044b\u0439&#8221;, ko Bre\u017e\u0146eva savulaik izpild\u012bja kop\u0101 ar grupu &#8220;VIA Gra&#8221;.<\/p>\n<p>Atbildot uz to, Vera visiem atkl\u0101ja, ka vi\u0146as sirds \u0161obr\u012bd ir<\/p>\n","protected":false},"excerpt":{"rendered":"Izejot uz skatuves, Vera atzina, ka vi\u0146a bija sailgojusies, jo Tallin\u0101 nav bijusi veselus septi\u0146us gadus. K\u0101ds no&hellip;\n","protected":false},"author":2,"featured_media":26014,"comment_status":"","ping_status":"","sticky":false,"template":"","format":"standard","meta":{"footnotes":""},"categories":[19],"tags":[89,90,202,35,39,38,36,37,34,40,2794,8109],"class_list":{"0":"post-26013","1":"post","2":"type-post","3":"status-publish","4":"format-standard","5":"has-post-thumbnail","7":"category-izklaide","8":"tag-entertainment","9":"tag-izklaide","10":"tag-koncerts","11":"tag-latvia","12":"tag-latvian","13":"tag-latviesu","14":"tag-latviesu-valoda","15":"tag-latviesuvaloda","16":"tag-latvija","17":"tag-lv","18":"tag-tallina","19":"tag-vera-brezneva"},"share_on_mastodon":{"url":"","error":""},"_links":{"self":[{"href":"https:\/\/www.europesays.com\/lv\/wp-json\/wp\/v2\/posts\/26013","targetHints":{"allow":["GET"]}}],"collection":[{"href":"https:\/\/www.europesays.com\/lv\/wp-json\/wp\/v2\/posts"}],"about":[{"href":"https:\/\/www.europesays.com\/lv\/wp-json\/wp\/v2\/types\/post"}],"author":[{"embeddable":true,"href":"https:\/\/www.europesays.com\/lv\/wp-json\/wp\/v2\/users\/2"}],"replies":[{"embeddable":true,"href":"https:\/\/www.europesays.com\/lv\/wp-json\/wp\/v2\/comments?post=26013"}],"version-history":[{"count":0,"href":"https:\/\/www.europesays.com\/lv\/wp-json\/wp\/v2\/posts\/26013\/revisions"}],"wp:featuredmedia":[{"embeddable":true,"href":"https:\/\/www.europesays.com\/lv\/wp-json\/wp\/v2\/media\/26014"}],"wp:attachment":[{"href":"https:\/\/www.europesays.com\/lv\/wp-json\/wp\/v2\/media?parent=26013"}],"wp:term":[{"taxonomy":"category","embeddable":true,"href":"https:\/\/www.europesays.com\/lv\/wp-json\/wp\/v2\/categories?post=26013"},{"taxonomy":"post_tag","embeddable":true,"href":"https:\/\/www.europesays.com\/lv\/wp-json\/wp\/v2\/tags?post=26013"}],"curies":[{"name":"wp","href":"https:\/\/api.w.org\/{rel}","templated":true}]}}