{"id":26021,"date":"2025-10-20T07:23:09","date_gmt":"2025-10-20T07:23:09","guid":{"rendered":"https:\/\/www.europesays.com\/lv\/26021\/"},"modified":"2025-10-20T07:23:09","modified_gmt":"2025-10-20T07:23:09","slug":"miks-galvanovskis-piedava-jaunu-versiju-legendarajai-raimonda-paula-dziesmai-es-aiziet-nevaru","status":"publish","type":"post","link":"https:\/\/www.europesays.com\/lv\/26021\/","title":{"rendered":"Miks Galvanovskis pied\u0101v\u0101 jaunu versiju le\u0123end\u0101rajai Raimonda Paula dziesmai &#8220;Es aiziet nevaru&#8221;"},"content":{"rendered":"<p>M\u016bzi\u0137is un dziesmu autors <a href=\"https:\/\/sejas.tvnet.lv\/term\/705775\/miks-galvanovskis\" class=\"topicLink\" target=\"_blank\" rel=\"nofollow noopener\">Miks Galvanovskis<\/a> izsaka pateic\u012bbu par atsauc\u012bbu Guntaram Ra\u010dam, kur\u0161 pal\u012bdz\u0113ja \u0161o dziesmu nog\u0101d\u0101t l\u012bdz Maestro, kur\u0161 dziesmas versiju noklaus\u012bj\u0101s un apstiprin\u0101ja.<\/p>\n<p>Jau novembr\u012b norisin\u0101sies alla\u017e sp\u0113kpiln\u0101 m\u016bzi\u0137a pirm\u0101 liel\u0101 koncertt\u016bre \u201cPar savu zemi saukt\u201d un tuv\u0101kaj\u0101s ned\u0113\u013c\u0101s gaid\u0101ms ar\u012b jauns albums.<\/p>\n<p>St\u0101sta pats Miks: \u201cRaimonda Paula dziesma \u201cEs aiziet nevaru\u201d ar Vizmas Bel\u0161evicas v\u0101rdiem vienm\u0113r ir bijusi viena no man\u0101m m\u012b\u013c\u0101kaj\u0101m latvie\u0161u dziesm\u0101m, ko nekad iepriek\u0161 nebiju uzdro\u0161in\u0101jies izpild\u012bt.<\/p>\n<blockquote class=\"quote ck-widget\" contenteditable=\"false\">\n<p>Ar dziesmas ori\u0123in\u0101lo Mirdzas Z\u012bveres versiju biju pavad\u012bjis sav\u0101s austi\u0146\u0101s jau vair\u0101kus gadus un p\u0113c viena pas\u0101kuma, kur Mirdza pien\u0101ca pie manis apsveicin\u0101ties un izteica atzin\u012bgus v\u0101rdus par dzird\u0113tu interviju ar mani, es beidzot uzdro\u0161in\u0101jos to izpild\u012bt.<\/p>\n<\/blockquote>\n<p>Jau p\u0113c pirm\u0101 koncerta, kur t\u0101 izskan\u0113ja roka aran\u017eij\u0101, cilv\u0113ki man piepras\u012bja dziesmas ierakstu un \u0161eit nu m\u0113s esam \u2013 p\u0113c vair\u0101k k\u0101 gada, kop\u0161 dziesma skan koncertos. Esmu neizsak\u0101mi priec\u012bgs, ka m\u0113s to beidzot esam ierakst\u012bju\u0161i un varam nodot klaus\u012bt\u0101jiem!\u201d<\/p>\n<p><img decoding=\"async\" class=\"figure__image\" onclick=\"triggerEvent('articleImageClick', { id: 17225399, focus: 'single-image', focusIndex: '17225399' })\" onkeydown=\"if (event.key === 'Enter') {&#10;        triggerEvent('articleImageClick', { id: 17225399, focus: 'single-image', focusIndex: '17225399' })&#10;        }\" role=\"button\" tabindex=\"0\" data-focus-from=\"single-image\" data-focus-index=\"17225399\" src=\"https:\/\/www.europesays.com\/lv\/wp-content\/uploads\/2025\/10\/17225399t1had78.jpg\" onload=\"this.parentElement.classList.remove('figure__image-loading')\" alt=\"\"\/> Foto: Publicit\u0101tes foto<\/p>\n","protected":false},"excerpt":{"rendered":"M\u016bzi\u0137is un dziesmu autors Miks Galvanovskis izsaka pateic\u012bbu par atsauc\u012bbu Guntaram Ra\u010dam, kur\u0161 pal\u012bdz\u0113ja \u0161o dziesmu nog\u0101d\u0101t l\u012bdz&hellip;\n","protected":false},"author":2,"featured_media":26022,"comment_status":"","ping_status":"","sticky":false,"template":"","format":"standard","meta":{"footnotes":""},"categories":[19],"tags":[89,90,35,39,38,36,37,34,40,8110,2672,8111],"class_list":{"0":"post-26021","1":"post","2":"type-post","3":"status-publish","4":"format-standard","5":"has-post-thumbnail","7":"category-izklaide","8":"tag-entertainment","9":"tag-izklaide","10":"tag-latvia","11":"tag-latvian","12":"tag-latviesu","13":"tag-latviesu-valoda","14":"tag-latviesuvaloda","15":"tag-latvija","16":"tag-lv","17":"tag-miks-galvanovskis","18":"tag-raimonds-pauls","19":"tag-vizma-belsevica"},"share_on_mastodon":{"url":"","error":""},"_links":{"self":[{"href":"https:\/\/www.europesays.com\/lv\/wp-json\/wp\/v2\/posts\/26021","targetHints":{"allow":["GET"]}}],"collection":[{"href":"https:\/\/www.europesays.com\/lv\/wp-json\/wp\/v2\/posts"}],"about":[{"href":"https:\/\/www.europesays.com\/lv\/wp-json\/wp\/v2\/types\/post"}],"author":[{"embeddable":true,"href":"https:\/\/www.europesays.com\/lv\/wp-json\/wp\/v2\/users\/2"}],"replies":[{"embeddable":true,"href":"https:\/\/www.europesays.com\/lv\/wp-json\/wp\/v2\/comments?post=26021"}],"version-history":[{"count":0,"href":"https:\/\/www.europesays.com\/lv\/wp-json\/wp\/v2\/posts\/26021\/revisions"}],"wp:featuredmedia":[{"embeddable":true,"href":"https:\/\/www.europesays.com\/lv\/wp-json\/wp\/v2\/media\/26022"}],"wp:attachment":[{"href":"https:\/\/www.europesays.com\/lv\/wp-json\/wp\/v2\/media?parent=26021"}],"wp:term":[{"taxonomy":"category","embeddable":true,"href":"https:\/\/www.europesays.com\/lv\/wp-json\/wp\/v2\/categories?post=26021"},{"taxonomy":"post_tag","embeddable":true,"href":"https:\/\/www.europesays.com\/lv\/wp-json\/wp\/v2\/tags?post=26021"}],"curies":[{"name":"wp","href":"https:\/\/api.w.org\/{rel}","templated":true}]}}