{"id":26023,"date":"2025-10-20T07:24:12","date_gmt":"2025-10-20T07:24:12","guid":{"rendered":"https:\/\/www.europesays.com\/lv\/26023\/"},"modified":"2025-10-20T07:24:12","modified_gmt":"2025-10-20T07:24:12","slug":"emils-liepins-ieklust-labako-cetrdesmitnieka-tour-of-holland-sarezgitaja-ceturtaja-posma-lente-lv","status":"publish","type":"post","link":"https:\/\/www.europesays.com\/lv\/26023\/","title":{"rendered":"Em\u012bls Liepi\u0146\u0161 iek\u013c\u016bst lab\u0101ko \u010detrdesmitniek\u0101 &#8220;Tour of Holland&#8221; sare\u017e\u0123\u012btaj\u0101 ceturtaj\u0101 posm\u0101\u00a0\u2014\u00a0Lente.lv"},"content":{"rendered":"<p>Em\u012bls Liepi\u0146\u0161 sasniedz 38. vietu sare\u017e\u0123\u012btaj\u0101 &#8220;Tour of Holland&#8221; ceturtaj\u0101 posm\u0101<\/p>\n<p>Daudzk\u0101rt\u0113jais Latvijas \u010dempions grupas braucien\u0101 Em\u012bls Liepi\u0146\u0161 demonstr\u0113jis savu iztur\u012bbu un meistar\u012bbu, iek\u013c\u016bstot lab\u0101ko \u010detrdesmitniek\u0101 presti\u017e\u0101 UCI kategorijas 2.1 sacens\u012bbu &#8220;Tour of Holland&#8221; ceturtaj\u0101 posm\u0101. Vair\u0101k nek\u0101 simts dal\u012bbnieku konkurenc\u0113 Liepi\u0146\u0161 ie\u0146\u0113ma 38. vietu, par\u0101dot sp\u0113c\u012bgu sniegumu sare\u017e\u0123\u012btaj\u0101 159 kilometru garaj\u0101 distanc\u0113.<\/p>\n<p>Posma raksturojums un rezult\u0101ti<\/p>\n<p>Ceturtais posms izc\u0113l\u0101s ar savdab\u012bgu un pras\u012bgu trasi, kur rite\u0146brauc\u0113jiem 13 reizes bija j\u0101veic aplis ar nelielu pauguru un bru\u0123a sekciju. \u0160\u0101ds reljefs un ce\u013ca seguma mai\u0146a p\u0101rbaud\u012bja sportistu sp\u0113jas piel\u0101goties da\u017e\u0101diem apst\u0101k\u013ciem un demonstr\u0113t gan tehnisko meistar\u012bbu, gan fizisko iztur\u012bbu.<\/p>\n<p>Par posma uzvar\u0113t\u0101ju k\u013cuva n\u012bderlandietis Timo de Jongs no komandas &#8220;VolkerWessels&#8221;, kur\u0161 uzvar\u0113ja tr\u012bs vado\u0161o rite\u0146brauc\u0113ju fini\u0161\u0101. Otr\u0101s vietas ieguv\u0113js bija Francijas p\u0101rst\u0101vis Kristofs Laports no &#8220;Visma | Lease a Bike&#8221;, bet godalgoto trijnieku nosl\u0113dza slov\u0101ks Luk\u0101\u0161s Kubi\u0161s no &#8220;Unibet Tietema Rockets&#8221;. Liepi\u0146\u0161 fini\u0161\u0113ja nedaudz vair\u0101k nek\u0101 piecas min\u016btes aiz uzvar\u0113t\u0101ja, nodro\u0161inot sev 38. poz\u012bciju starp 106 dal\u012bbniekiem.<\/p>\n<p>Kopv\u0113rt\u0113jums un Liepi\u0146a poz\u012bcija<\/p>\n<p>P\u0113c aizvad\u012btajiem \u010detriem posmiem kopv\u0113rt\u0113jum\u0101 l\u012bderpoz\u012bcij\u0101 nostiprin\u0101jies Kristofs Laports, kur\u0161 par pusmin\u016bti apsteidz Kubi\u0161u un par min\u016bti tre\u0161aj\u0101 viet\u0101 eso\u0161o zviedru J\u0101kobu S\u0113derkvistu no &#8220;Lidl-Trek&#8221;. Em\u012bls Liepi\u0146\u0161 kopv\u0113rt\u0113jum\u0101 ie\u0146em to pa\u0161u 38. vietu, zaud\u0113jot l\u012bderim septi\u0146as min\u016btes.<\/p>\n<p>\u0160is rezult\u0101ts apliecina Liepi\u0146a sp\u0113ju konkur\u0113t starp pasaules elites rite\u0146brauc\u0113jiem, pat ja pilns potenci\u0101ls v\u0113l nav atkl\u0101jies piln\u012bb\u0101. Vi\u0146a sniegums liecina par nep\u0101rtrauktu progresu un gatav\u012bbu c\u012bn\u012bties n\u0101kamajos posmos.<\/p>\n<p>&#8220;Tour of Holland&#8221; \u2013 izaicin\u0101jumiem bag\u0101ta pirm\u0101 sezona<\/p>\n<p>\u0160\u012b &#8220;Tour of Holland&#8221; izdevums izc\u0113lies ar vair\u0101kiem negaid\u012btiem pav\u0113rsieniem un izaicin\u0101jumiem. Sacens\u012bbas, kas ir UCI kategorijas 2.1 l\u012bme\u0146a pas\u0101kums, \u0161ogad piedz\u012bvo savu atdzim\u0161anu p\u0113c 21 gada p\u0101rtraukuma.<\/p>\n<p>Piem\u0113ram, tre\u0161ais posms tika atcelts dro\u0161\u012bbas apsv\u0113rumu d\u0113\u013c, kad sacens\u012bbu tras\u0113 iebrauca vair\u0101kas automa\u0161\u012bnas. \u0160\u012b starpgad\u012bjumu virkne mudin\u0101ja organizatorus un brauc\u0113jus mekl\u0113t risin\u0101jumus, lai nodro\u0161in\u0101tu gan dro\u0161\u012bbu, gan sacens\u012bbu turpin\u0101\u0161anos.<\/p>\n<p>Neskatoties uz \u0161iem sare\u017e\u0123\u012bjumiem, &#8220;Tour of Holland&#8221; ir pied\u0101v\u0101jusi aizraujo\u0161us br\u012b\u017eus un demonstr\u0113jusi rite\u0146brauk\u0161anas sporta spilgt\u0101k\u0101s person\u012bbas. Posmu raksturojis ar\u012b ce\u013ca seguma da\u017e\u0101d\u012bba, ieskaitot bru\u0123i un paugurus, kas padara to par \u012bstu p\u0101rbaud\u012bjumu gan pieredz\u0113ju\u0161iem, gan jaunajiem talantiem.<\/p>\n<p>P\u0113d\u0113jais, piektais posms, kas norisin\u0101j\u0101s Arnhem\u0101, nosl\u0113dz\u0101s ar uzvaru Denijs van Poppelem no &#8220;Visma | Lease a Bike&#8221;, un kopv\u0113rt\u0113jum\u0101 uzvaru izc\u012bn\u012bja komandas biedrs Kristofs Laports. \u0160\u012b sezona ir pier\u0101d\u012bjusi, ka &#8220;Tour of Holland&#8221; sp\u0113j pied\u0101v\u0101t gan klasisko rite\u0146brauk\u0161anas cien\u012bgu c\u012b\u0146u, gan ar\u012b negaid\u012btus notikumus, kas padara katru etapu par intrigu pilnu piedz\u012bvojumu.<\/p>\n","protected":false},"excerpt":{"rendered":"Em\u012bls Liepi\u0146\u0161 sasniedz 38. vietu sare\u017e\u0123\u012btaj\u0101 &#8220;Tour of Holland&#8221; ceturtaj\u0101 posm\u0101 Daudzk\u0101rt\u0113jais Latvijas \u010dempions grupas braucien\u0101 Em\u012bls Liepi\u0146\u0161&hellip;\n","protected":false},"author":2,"featured_media":26024,"comment_status":"","ping_status":"","sticky":false,"template":"","format":"standard","meta":{"footnotes":""},"categories":[17],"tags":[2530,35,39,38,36,37,34,40,462,4829,67,8022,7447],"class_list":{"0":"post-26023","1":"post","2":"type-post","3":"status-publish","4":"format-standard","5":"has-post-thumbnail","7":"category-sports","8":"tag-emils-liepins","9":"tag-latvia","10":"tag-latvian","11":"tag-latviesu","12":"tag-latviesu-valoda","13":"tag-latviesuvaloda","14":"tag-latvija","15":"tag-lv","16":"tag-ritenbrauksana","17":"tag-sporta-rezultati","18":"tag-sports","19":"tag-tour-of-holland","20":"tag-uci-sacensibas"},"share_on_mastodon":{"url":"","error":""},"_links":{"self":[{"href":"https:\/\/www.europesays.com\/lv\/wp-json\/wp\/v2\/posts\/26023","targetHints":{"allow":["GET"]}}],"collection":[{"href":"https:\/\/www.europesays.com\/lv\/wp-json\/wp\/v2\/posts"}],"about":[{"href":"https:\/\/www.europesays.com\/lv\/wp-json\/wp\/v2\/types\/post"}],"author":[{"embeddable":true,"href":"https:\/\/www.europesays.com\/lv\/wp-json\/wp\/v2\/users\/2"}],"replies":[{"embeddable":true,"href":"https:\/\/www.europesays.com\/lv\/wp-json\/wp\/v2\/comments?post=26023"}],"version-history":[{"count":0,"href":"https:\/\/www.europesays.com\/lv\/wp-json\/wp\/v2\/posts\/26023\/revisions"}],"wp:featuredmedia":[{"embeddable":true,"href":"https:\/\/www.europesays.com\/lv\/wp-json\/wp\/v2\/media\/26024"}],"wp:attachment":[{"href":"https:\/\/www.europesays.com\/lv\/wp-json\/wp\/v2\/media?parent=26023"}],"wp:term":[{"taxonomy":"category","embeddable":true,"href":"https:\/\/www.europesays.com\/lv\/wp-json\/wp\/v2\/categories?post=26023"},{"taxonomy":"post_tag","embeddable":true,"href":"https:\/\/www.europesays.com\/lv\/wp-json\/wp\/v2\/tags?post=26023"}],"curies":[{"name":"wp","href":"https:\/\/api.w.org\/{rel}","templated":true}]}}