{"id":26029,"date":"2025-10-20T07:31:06","date_gmt":"2025-10-20T07:31:06","guid":{"rendered":"https:\/\/www.europesays.com\/lv\/26029\/"},"modified":"2025-10-20T07:31:06","modified_gmt":"2025-10-20T07:31:06","slug":"investejot-4355-tukstosus-eiro-domina-shopping-atverti-11-jauni-veikali-dienas-bizness","status":"publish","type":"post","link":"https:\/\/www.europesays.com\/lv\/26029\/","title":{"rendered":"Invest\u0113jot 435,5 t\u016bksto\u0161us eiro, Domina Shopping atv\u0113rti 11 jauni veikali :: Dienas Bizness"},"content":{"rendered":"<p class=\"text-font font-size--text-xlarge margin-3--bottom font-weight--bold padding-1--top\">Invest\u0113jot vair\u0101k nek\u0101 7,5 miljonus eiro, uz\u0146\u0113muma \u201cEfTEN Capital\u201d z\u012bmols \u201cEfTEN Living\u201d atjauno un moderniz\u0113 daudz\u012bvok\u013cu \u0113ku R\u012bg\u0101, \u0136engarag\u0101, Avi\u0101cijas iel\u0101, kur\u0101 top \u012bres projekts &#8220;Easy Riga&#8221;. \u012arei tiks pied\u0101v\u0101ti 102 dz\u012bvok\u013ci, ar \u012bres maksu, s\u0101kot no 370 eiro.<\/p>\n<p class=\"text-font font-size--text-xlarge margin-3--bottom\">\u0112kas rekonstrukciju pl\u0101nots pabeigt \u0161\u012b gada ruden\u012b. 2023. gad\u0101 \u201cEfTEN Capital\u201d ieg\u0101d\u0101j\u0101s 12 st\u0101vu dz\u012bvojamo \u0113ku Avi\u0101cijas iel\u0101, net\u0101lu no tirdzniec\u012bbas centra \u201cDole\u201d.<\/p>\n<p class=\"text-font font-size--text-xlarge margin-3--bottom\">\u0160aj\u0101 12 st\u0101vu \u0113k\u0101, kas b\u016bs pirmais \u201cEfTEN Living\u201d att\u012bst\u012btais \u012bpa\u0161ums, b\u016bs pieejami 102 \u012bres dz\u012bvok\u013ci, no kuriem 35 b\u016bs studio tipa un 67 vienas gu\u013camistabas dz\u012bvok\u013ci plat\u012bb\u0101 no 34 l\u012bdz 40 m\u00b2.<\/p>\n<p class=\"text-font font-size--text-xlarge margin-3--bottom\">&#8220;EfTEN Capital&#8221; ir komerci\u0101lo nekustamo \u012bpa\u0161umu fondu p\u0101rvaldnieks Baltijas valst\u012bs, p\u0101rvaldot vair\u0101k nek\u0101 55 \u012bpa\u0161umus un vair\u0101k nek\u0101 1000 nomnieku. &#8220;EfTEN Capital&#8221; kopum\u0101 p\u0101rvalda akt\u012bvus vair\u0101k nek\u0101 1,1 miljarda eiro apm\u0113r\u0101 un ir septi\u0146u fondu \u012bpa\u0161nieks.<\/p>\n<p class=\"text-font font-size--text-xlarge margin-3--bottom\">&#8220;EfTEN Capital&#8221; Latvijas portfel\u012b ir: tirdzniec\u012bbas centrs &#8220;Domina Shopping&#8221;, biroju komplekss \u201cJaun\u0101 Teika\u201d, biroju \u0113kas &#8220;T\u0113rbatas Biznesa Centrs&#8221;, \u201cDuntes biroji\u201d un &#8220;Blauma\u0146a Centrs\u201d, Latvijas nacion\u0101l\u0101s aviokomp\u0101nijas &#8220;airBaltic&#8221; galven\u0101 m\u012btne, lo\u0123istikas centri \u201cEfTEN Logistics Ber\u0123i\u201d, \u201cEfTEN Logistics Piepils\u0113tas\u201d, \u201cEfTEN Logistics \u0136ekava\u201d un &#8220;DSV lo\u0123istikas centrs\u201d, biznesa un industri\u0101lais komplekss \u201cTehnolo\u0123iskais parks J\u016brkalne\u201d un tirdzniec\u012bbas centrs &#8220;RAF Centrs&#8221; Jelgav\u0101.<\/p>\n","protected":false},"excerpt":{"rendered":"Invest\u0113jot vair\u0101k nek\u0101 7,5 miljonus eiro, uz\u0146\u0113muma \u201cEfTEN Capital\u201d z\u012bmols \u201cEfTEN Living\u201d atjauno un moderniz\u0113 daudz\u012bvok\u013cu \u0113ku R\u012bg\u0101,&hellip;\n","protected":false},"author":2,"featured_media":26030,"comment_status":"","ping_status":"","sticky":false,"template":"","format":"standard","meta":{"footnotes":""},"categories":[16],"tags":[869,77,870,76,867,35,39,38,36,37,34,871,868,40,21],"class_list":{"0":"post-26029","1":"post","2":"type-post","3":"status-publish","4":"format-standard","5":"has-post-thumbnail","7":"category-bizness","8":"tag-biznesa-zinas","9":"tag-bizness","10":"tag-bizness-latvija","11":"tag-business","12":"tag-dienas-zinas","13":"tag-latvia","14":"tag-latvian","15":"tag-latviesu","16":"tag-latviesu-valoda","17":"tag-latviesuvaloda","18":"tag-latvija","19":"tag-latvijas-biznesa-zinas","20":"tag-latvijas-zinas","21":"tag-lv","22":"tag-zinas"},"share_on_mastodon":{"url":"","error":""},"_links":{"self":[{"href":"https:\/\/www.europesays.com\/lv\/wp-json\/wp\/v2\/posts\/26029","targetHints":{"allow":["GET"]}}],"collection":[{"href":"https:\/\/www.europesays.com\/lv\/wp-json\/wp\/v2\/posts"}],"about":[{"href":"https:\/\/www.europesays.com\/lv\/wp-json\/wp\/v2\/types\/post"}],"author":[{"embeddable":true,"href":"https:\/\/www.europesays.com\/lv\/wp-json\/wp\/v2\/users\/2"}],"replies":[{"embeddable":true,"href":"https:\/\/www.europesays.com\/lv\/wp-json\/wp\/v2\/comments?post=26029"}],"version-history":[{"count":0,"href":"https:\/\/www.europesays.com\/lv\/wp-json\/wp\/v2\/posts\/26029\/revisions"}],"wp:featuredmedia":[{"embeddable":true,"href":"https:\/\/www.europesays.com\/lv\/wp-json\/wp\/v2\/media\/26030"}],"wp:attachment":[{"href":"https:\/\/www.europesays.com\/lv\/wp-json\/wp\/v2\/media?parent=26029"}],"wp:term":[{"taxonomy":"category","embeddable":true,"href":"https:\/\/www.europesays.com\/lv\/wp-json\/wp\/v2\/categories?post=26029"},{"taxonomy":"post_tag","embeddable":true,"href":"https:\/\/www.europesays.com\/lv\/wp-json\/wp\/v2\/tags?post=26029"}],"curies":[{"name":"wp","href":"https:\/\/api.w.org\/{rel}","templated":true}]}}