{"id":26031,"date":"2025-10-20T07:34:07","date_gmt":"2025-10-20T07:34:07","guid":{"rendered":"https:\/\/www.europesays.com\/lv\/26031\/"},"modified":"2025-10-20T07:34:07","modified_gmt":"2025-10-20T07:34:07","slug":"kravas-lidmasina-honkonga-no-skrejcela-ieslidejusi-jura-ir-bojagajusie","status":"publish","type":"post","link":"https:\/\/www.europesays.com\/lv\/26031\/","title":{"rendered":"Kravas lidma\u0161\u012bna Honkong\u0101 no skrejce\u013ca iesl\u012bd\u0113jusi j\u016br\u0101; ir boj\u0101g\u0101ju\u0161ie"},"content":{"rendered":"<p>\u0160aj\u0101 incident\u0101 dz\u012bv\u012bbu zaud\u0113ja divi lidostas darbinieki, kuri atrad\u0101s automa\u0161\u012bn\u0101, kas p\u0113c sadursmes ar lidma\u0161\u012bnu ieg\u0101z\u0101s \u016bden\u012b.<\/p>\n<p>Av\u0101riju piedz\u012bvoja Turcijas kravu p\u0101rvad\u0101jumu lidsabiedr\u012bbas \u201cACT Airlines\u201d lidma\u0161\u012bna \u201cBoeing 747-481&#8243;, kas bija ce\u013c\u0101 no Dubaijas.<\/p>\n<p>Lidma\u0161\u012bna incident\u0101 nopietni boj\u0101ta &#8211; priek\u0161gals cietis b\u016btiskus post\u012bjumus, bet t\u0101s aizmugur\u0113j\u0101 da\u013ca nol\u016bzusi pavisam.<\/p>\n<p>Lidma\u0161\u012bn\u0101 bija \u010detri apkalpes locek\u013ci, kas ar nog\u0101d\u0101ti slimn\u012bc\u0101.<\/p>\n<p>Av\u0101rijas iemesli pagaid\u0101m nav zin\u0101mi.<\/p>\n","protected":false},"excerpt":{"rendered":"\u0160aj\u0101 incident\u0101 dz\u012bv\u012bbu zaud\u0113ja divi lidostas darbinieki, kuri atrad\u0101s automa\u0161\u012bn\u0101, kas p\u0113c sadursmes ar lidma\u0161\u012bnu ieg\u0101z\u0101s \u016bden\u012b. Av\u0101riju&hellip;\n","protected":false},"author":2,"featured_media":26032,"comment_status":"","ping_status":"","sticky":false,"template":"","format":"standard","meta":{"footnotes":""},"categories":[5],"tags":[23,1133,28,29,32,33,22,8114,30,31,35,39,38,36,37,34,40,20,26,27,24,25,21],"class_list":{"0":"post-26031","1":"post","2":"type-post","3":"status-publish","4":"format-standard","5":"has-post-thumbnail","7":"category-aktualitates","8":"tag-aktualitates","9":"tag-aviacija","10":"tag-breaking-news","11":"tag-breakingnews","12":"tag-featured-news","13":"tag-featurednews","14":"tag-headlines","15":"tag-honkonga","16":"tag-latest-news","17":"tag-latestnews","18":"tag-latvia","19":"tag-latvian","20":"tag-latviesu","21":"tag-latviesu-valoda","22":"tag-latviesuvaloda","23":"tag-latvija","24":"tag-lv","25":"tag-news","26":"tag-popularakas-zinas","27":"tag-popularakaszinas","28":"tag-top-stories","29":"tag-topstories","30":"tag-zinas"},"share_on_mastodon":{"url":"","error":""},"_links":{"self":[{"href":"https:\/\/www.europesays.com\/lv\/wp-json\/wp\/v2\/posts\/26031","targetHints":{"allow":["GET"]}}],"collection":[{"href":"https:\/\/www.europesays.com\/lv\/wp-json\/wp\/v2\/posts"}],"about":[{"href":"https:\/\/www.europesays.com\/lv\/wp-json\/wp\/v2\/types\/post"}],"author":[{"embeddable":true,"href":"https:\/\/www.europesays.com\/lv\/wp-json\/wp\/v2\/users\/2"}],"replies":[{"embeddable":true,"href":"https:\/\/www.europesays.com\/lv\/wp-json\/wp\/v2\/comments?post=26031"}],"version-history":[{"count":0,"href":"https:\/\/www.europesays.com\/lv\/wp-json\/wp\/v2\/posts\/26031\/revisions"}],"wp:featuredmedia":[{"embeddable":true,"href":"https:\/\/www.europesays.com\/lv\/wp-json\/wp\/v2\/media\/26032"}],"wp:attachment":[{"href":"https:\/\/www.europesays.com\/lv\/wp-json\/wp\/v2\/media?parent=26031"}],"wp:term":[{"taxonomy":"category","embeddable":true,"href":"https:\/\/www.europesays.com\/lv\/wp-json\/wp\/v2\/categories?post=26031"},{"taxonomy":"post_tag","embeddable":true,"href":"https:\/\/www.europesays.com\/lv\/wp-json\/wp\/v2\/tags?post=26031"}],"curies":[{"name":"wp","href":"https:\/\/api.w.org\/{rel}","templated":true}]}}