{"id":260314,"date":"2026-08-03T10:14:07","date_gmt":"2026-08-03T10:14:07","guid":{"rendered":"https:\/\/www.europesays.com\/lv\/260314\/"},"modified":"2026-08-03T10:14:07","modified_gmt":"2026-08-03T10:14:07","slug":"etikete-zem-lupas-%e2%9f%a9-kad-terpu-izvelas-mi-algoritms-summer-sound-stila-uzvaretaji-un-zaudetaji","status":"publish","type":"post","link":"https:\/\/www.europesays.com\/lv\/260314\/","title":{"rendered":"ETI\u0136ETE ZEM LUPAS \u27e9 Kad t\u0113rpu izv\u0113las MI algoritms: Summer Sound stila uzvar\u0113t\u0101ji un zaud\u0113t\u0101ji"},"content":{"rendered":"<p>Vai \u0161odien stilu rada cilv\u0113ks vai algoritms? P\u0113c \u0161\u012b gada Summer Sound 2026. fotogalerij\u0101m \u0161\u0137iet, ka atbilde dal\u0101s trij\u0101s festiv\u0101la nometn\u0113s. Vieni bija r\u016bp\u012bgi dom\u0101ju\u0161i, pl\u0101noju\u0161i, pa\u0161i \u0161uvu\u0161i, r\u016bp\u012bgi piemekl\u0113ju\u0161i aksesu\u0101ri un festiv\u0101la t\u0113li. Otri&#8230; \u0161\u0137iet, vienk\u0101r\u0161i \u013c\u0101vu\u0161i izv\u0113l\u0113ties algoritmam. Da\u017ei klik\u0161\u0137i, eksprespieg\u0101de, sint\u0113tisks komplekts ar m\u0101ksl\u012bg\u0101 intelekta \u0123ener\u0113tu t\u012b\u0123eri, \u0137ir\u0161iem, gur\u0137iem vai kosmosa liesm\u0101m \u2013 un festiv\u0101la &#8220;mode&#8221; gatava. Un tad v\u0113l ir tre\u0161\u0101 kategorija \u2013 tie, kuri nol\u0113mu\u0161i, ka visdro\u0161\u0101kais stila risin\u0101jums ir&#8230; nek\u0101ds. Pliks torss, peldbikses un cer\u012bba, ka ar to pietiks.<\/p>\n<p>Apl\u016bkosim \u0161\u012b gada festiv\u0101la modi!<\/p>\n","protected":false},"excerpt":{"rendered":"Vai \u0161odien stilu rada cilv\u0113ks vai algoritms? P\u0113c \u0161\u012b gada Summer Sound 2026. fotogalerij\u0101m \u0161\u0137iet, ka atbilde dal\u0101s&hellip;\n","protected":false},"author":2,"featured_media":260315,"comment_status":"","ping_status":"","sticky":false,"template":"","format":"standard","meta":{"footnotes":"","_share_on_mastodon":"0"},"categories":[5],"tags":[23,28,29,10214,32,33,22,30,31,35,39,38,36,37,34,40,175,20,26,27,16512,24,25,21],"class_list":["post-260314","post","type-post","status-publish","format-standard","has-post-thumbnail","category-aktualitates","tag-aktualitates","tag-breaking-news","tag-breakingnews","tag-etikete-zem-lupas","tag-featured-news","tag-featurednews","tag-headlines","tag-latest-news","tag-latestnews","tag-latvia","tag-latvian","tag-latviesu","tag-latviesu-valoda","tag-latviesuvaloda","tag-latvija","tag-lv","tag-mode","tag-news","tag-popularakas-zinas","tag-popularakaszinas","tag-summer-sound","tag-top-stories","tag-topstories","tag-zinas"],"share_on_mastodon":{"url":"https:\/\/pubeurope.com\/@lv\/117031054041980432","error":""},"_links":{"self":[{"href":"https:\/\/www.europesays.com\/lv\/wp-json\/wp\/v2\/posts\/260314","targetHints":{"allow":["GET"]}}],"collection":[{"href":"https:\/\/www.europesays.com\/lv\/wp-json\/wp\/v2\/posts"}],"about":[{"href":"https:\/\/www.europesays.com\/lv\/wp-json\/wp\/v2\/types\/post"}],"author":[{"embeddable":true,"href":"https:\/\/www.europesays.com\/lv\/wp-json\/wp\/v2\/users\/2"}],"replies":[{"embeddable":true,"href":"https:\/\/www.europesays.com\/lv\/wp-json\/wp\/v2\/comments?post=260314"}],"version-history":[{"count":0,"href":"https:\/\/www.europesays.com\/lv\/wp-json\/wp\/v2\/posts\/260314\/revisions"}],"wp:featuredmedia":[{"embeddable":true,"href":"https:\/\/www.europesays.com\/lv\/wp-json\/wp\/v2\/media\/260315"}],"wp:attachment":[{"href":"https:\/\/www.europesays.com\/lv\/wp-json\/wp\/v2\/media?parent=260314"}],"wp:term":[{"taxonomy":"category","embeddable":true,"href":"https:\/\/www.europesays.com\/lv\/wp-json\/wp\/v2\/categories?post=260314"},{"taxonomy":"post_tag","embeddable":true,"href":"https:\/\/www.europesays.com\/lv\/wp-json\/wp\/v2\/tags?post=260314"}],"curies":[{"name":"wp","href":"https:\/\/api.w.org\/{rel}","templated":true}]}}