{"id":26033,"date":"2025-10-20T07:35:06","date_gmt":"2025-10-20T07:35:06","guid":{"rendered":"https:\/\/www.europesays.com\/lv\/26033\/"},"modified":"2025-10-20T07:35:06","modified_gmt":"2025-10-20T07:35:06","slug":"no-vienradzu-noslepumiem-lidz-springstina-kino-un-tortoise-muzikas-atgriesanai-lente-lv","status":"publish","type":"post","link":"https:\/\/www.europesays.com\/lv\/26033\/","title":{"rendered":"No vienrad\u017eu nosl\u0113pumiem l\u012bdz Springst\u012bna kino un Tortoise m\u016bzikas atgrie\u0161anai\u00a0\u2014\u00a0Lente.lv"},"content":{"rendered":"<p>Magi\u0137a vienrad\u017ea izst\u0101de un Br\u016bsa Springst\u012bna biogr\u0101fisk\u0101 filma: Kult\u016bras notikumi Eirop\u0101 \u0161oned\u0113\u013c<\/p>\n<p>Rudens tum\u0161\u0101k\u0101s dienas piepild\u012btas ar burv\u012bbu \u2013 s\u0101kot no vienrad\u017eu nosl\u0113pumiem m\u0101ksl\u0101 l\u012bdz pat Br\u016bsa Springst\u012bna iedvesmotai filmai. T\u0101 ir k\u0101rt\u0113j\u0101 ned\u0113\u013ca, kas pied\u0101v\u0101 kult\u016bras ieteikumus, lai aizpild\u012btu \u0161o ainavu.<\/p>\n<p>Muzej\u0101 Barberini Potsdam\u0101 atkl\u0101ta elpu aizraujo\u0161a izst\u0101de, kas velt\u012bta vienrad\u017eiem. \u0160is m\u012btiskais rad\u012bjums, kas gadsimtiem ilgi fascin\u0113jis cilv\u0113ci, tagad tiek apl\u016bkots vair\u0101k nek\u0101 simts da\u017e\u0101dos m\u0101kslas darbos. No bag\u0101t\u012bg\u0101m fant\u0101zij\u0101m l\u012bdz m\u016bsdienu modes tendenc\u0113m, vienrad\u017ea t\u0113ls turpina iedvesmot jaunus interpret\u0113jumus. Izst\u0101d\u0113, kas turpin\u0101sies l\u012bdz 2026. gada febru\u0101rim, apmekl\u0113t\u0101ji var\u0113s apbr\u012bnot apm\u0113ram 150 vienrad\u017ea t\u0113mai velt\u012btus darbus, kuru tap\u0161ana aizs\u0101k\u0101s pirms aptuveni 4000 gadiem. \u0160eit apskat\u0101mi gan sare\u017e\u0123\u012bti gobel\u0113ni, gan bronzas skulpt\u016bras, gan delik\u0101tas gleznas un ilumin\u0113ti manuskripti \u2013 da\u017ei no tiem ir tikpat reti sastopami k\u0101 pats vienradzis.<\/p>\n<p>Ieskats laikmet\u012bg\u0101s m\u0101kslas pasaul\u0113 Par\u012bz\u0113<\/p>\n<p>Savuk\u0101rt Par\u012bz\u0113 Fondation Cartier atz\u012bm\u0113 savu 40 gadu past\u0101v\u0113\u0161anu ar iespaid\u012bgu atkl\u0101\u0161anas izst\u0101di jaunaj\u0101s telp\u0101s. Nesen p\u0101rcelta uz jaunu, Jean Nouvel projekt\u0113tu \u0113ku, kas iepriek\u0161 bijusi slavenu Par\u012bzes univers\u0101lveikalu m\u0101jvieta, fonds svin savu filantropisko darbu laikmet\u012bg\u0101s m\u0101kslas jom\u0101. Inaugur\u0101cijas izst\u0101de, kas ir atv\u0113rta kop\u0161 25. oktobra, p\u0113ta da\u017e\u0101das t\u0113mas, tai skait\u0101 arhitekt\u016bru, dabu, meistar\u012bbu un dz\u012bves pieredzi, atkl\u0101jot daudzveid\u012bgu mediju un perspekt\u012bvu kl\u0101stu, kas saist\u012bts gan ar cilv\u0113cisko, gan ar ne-cilv\u0113cisko pasauli.<\/p>\n<p>Kino un seri\u0101lu jaunumi<\/p>\n<p>M\u016bzikas m\u012b\u013cot\u0101jiem \u012bpa\u0161u prieku sag\u0101d\u0101s inform\u0101cija par jauno Br\u016bsa Springst\u012bna biogr\u0101fisko filmu &#8220;Springsteen: Deliver Me From Nowhere&#8221;, kas Eiropas kinote\u0101tros non\u0101ks 24. oktobr\u012b. Lielisko D\u017eeremiju Alenu Vaitu (no seri\u0101la &#8220;The Bear&#8221;) redz\u0113sim Br\u016bsa Springst\u012bna lom\u0101, atainojot vi\u0146a dz\u012bves posmu 1982. gad\u0101, kad tika ierakst\u012bts slavenais albums &#8220;Nebraska&#8221;. Tas bija sare\u017e\u0123\u012bts un p\u0101rmai\u0146u pilns laiks Springst\u012bna karjer\u0101, kad vi\u0146\u0161 c\u012bn\u012bj\u0101s ar savu pan\u0101kumu rad\u012bto vil\u0161anos un person\u012bgajiem d\u0113moniem. Filma sol\u0101s b\u016bt dzi\u013c\u0161 un emocion\u0101ls portrets par le\u0123end\u0101ro amerik\u0101\u0146u m\u016bzi\u0137i.<\/p>\n<p>Tiem, kuri labpr\u0101t\u0101k laiku pavada m\u0101j\u0101s, pieejams otrais Netflix seri\u0101la &#8220;Nobody Wants This&#8221; sezonas jaunums, kas atgriez\u012bsies 23. oktobr\u012b. \u0160aj\u0101 s\u0113rij\u0101 rab\u012bns (\u0100dams Brodijs) un sekspodk\u0101stiste (Kristena Bella) iem\u012blas, radot interesantus starpkult\u016bru d\u0113kas. Pret\u0113ji nosaukumam, \u0161\u0137iet, ka visi v\u0113las (vair\u0101k) \u0161\u0101du saturu, jo otraj\u0101 sezon\u0101 tiek dzi\u013c\u0101k p\u0113t\u012bta attiec\u012bbu att\u012bst\u012bba un \u0123imenes locek\u013cu iejauk\u0161an\u0101s, kad partneri ir piln\u012bgi at\u0161\u0137ir\u012bgi. K\u0101 papildu bonuss &#8220;Gossip Girl&#8221; faniem \u2013 Leitone M\u012bstere pievienosies k\u0101 Eibija, D\u017eoannesas (Bell) biju\u0161\u0101 skolas ienaidniece.<\/p>\n<p>M\u016bzika un arhitekt\u016bras br\u012bnumi<\/p>\n<p>Devi\u0146u gadu p\u0101rtraukums ir beidzies \u2013 24. oktobr\u012b post-roka pionieri Tortoise atgrie\u017eas ar ilgi gaid\u012btu jaunu albumu &#8220;Touch&#8221;. Grupa, kas paz\u012bstama ar savu 90. gadu \u017eanrus sapludino\u0161o dai\u013cradi, kur\u0101 apvienoj\u0101s d\u017eeza, elektronikas un citi elementi, ar\u012b jaunaj\u0101 album\u0101 demonstr\u0113 savu rakstur\u012bgo daudzpus\u012bbu. &#8220;Touch&#8221; atspogu\u013co dal\u012bbnieku savstarp\u0113jo savienojumu, apvienojot unik\u0101las muzik\u0101l\u0101s ietekmes no vi\u0146u dz\u012bves da\u017e\u0101d\u0101s Amerikas pils\u0113t\u0101s. \u0160\u012b ir eksperiment\u0101la un inovat\u012bva m\u016bzika, kur\u0101 j\u016btams kop\u012bg\u0101 rado\u0161\u0101 gara sp\u0113ks, idej\u0101m savijoties d\u012bvain\u0101 un valdzino\u0161\u0101 atmosf\u0113r\u0101.<\/p>\n<p>Papildus tam, 24. oktobr\u012b notiks ar\u012b viens no pasaul\u0113 liel\u0101kajiem m\u016bsdienu un laikmet\u012bg\u0101s m\u0101kslas \u0161oviem \u2013 Art Basel \u0160veic\u0113. Savuk\u0101rt filmas &#8220;Franken\u0161teins&#8221; cien\u012bt\u0101jiem v\u0113rts apmekl\u0113t Londonas Selfridges, kur norisin\u0101sies bezmaksas izst\u0101de, kas velt\u012bta filmas tap\u0161anai. Turkl\u0101t, godinot austrie\u0161u komponista Johana \u0160trausa II 200. gadadienu, V\u012bn\u0113 notiks vair\u0101kas izst\u0101des un pas\u0101kumi, kas velt\u012bti val\u0161a kara\u013ca dai\u013cradei.<\/p>\n","protected":false},"excerpt":{"rendered":"Magi\u0137a vienrad\u017ea izst\u0101de un Br\u016bsa Springst\u012bna biogr\u0101fisk\u0101 filma: Kult\u016bras notikumi Eirop\u0101 \u0161oned\u0113\u013c Rudens tum\u0161\u0101k\u0101s dienas piepild\u012btas ar burv\u012bbu&hellip;\n","protected":false},"author":2,"featured_media":26034,"comment_status":"","ping_status":"","sticky":false,"template":"","format":"standard","meta":{"footnotes":""},"categories":[19],"tags":[89,90,2429,1226,2987,35,39,38,36,37,34,40,2286,103],"class_list":{"0":"post-26033","1":"post","2":"type-post","3":"status-publish","4":"format-standard","5":"has-post-thumbnail","7":"category-izklaide","8":"tag-entertainment","9":"tag-izklaide","10":"tag-izstades","11":"tag-kino","12":"tag-kulturas-notikumi","13":"tag-latvia","14":"tag-latvian","15":"tag-latviesu","16":"tag-latviesu-valoda","17":"tag-latviesuvaloda","18":"tag-latvija","19":"tag-lv","20":"tag-maksla","21":"tag-muzika"},"share_on_mastodon":{"url":"","error":""},"_links":{"self":[{"href":"https:\/\/www.europesays.com\/lv\/wp-json\/wp\/v2\/posts\/26033","targetHints":{"allow":["GET"]}}],"collection":[{"href":"https:\/\/www.europesays.com\/lv\/wp-json\/wp\/v2\/posts"}],"about":[{"href":"https:\/\/www.europesays.com\/lv\/wp-json\/wp\/v2\/types\/post"}],"author":[{"embeddable":true,"href":"https:\/\/www.europesays.com\/lv\/wp-json\/wp\/v2\/users\/2"}],"replies":[{"embeddable":true,"href":"https:\/\/www.europesays.com\/lv\/wp-json\/wp\/v2\/comments?post=26033"}],"version-history":[{"count":0,"href":"https:\/\/www.europesays.com\/lv\/wp-json\/wp\/v2\/posts\/26033\/revisions"}],"wp:featuredmedia":[{"embeddable":true,"href":"https:\/\/www.europesays.com\/lv\/wp-json\/wp\/v2\/media\/26034"}],"wp:attachment":[{"href":"https:\/\/www.europesays.com\/lv\/wp-json\/wp\/v2\/media?parent=26033"}],"wp:term":[{"taxonomy":"category","embeddable":true,"href":"https:\/\/www.europesays.com\/lv\/wp-json\/wp\/v2\/categories?post=26033"},{"taxonomy":"post_tag","embeddable":true,"href":"https:\/\/www.europesays.com\/lv\/wp-json\/wp\/v2\/tags?post=26033"}],"curies":[{"name":"wp","href":"https:\/\/api.w.org\/{rel}","templated":true}]}}