{"id":26040,"date":"2025-10-20T07:40:12","date_gmt":"2025-10-20T07:40:12","guid":{"rendered":"https:\/\/www.europesays.com\/lv\/26040\/"},"modified":"2025-10-20T07:40:12","modified_gmt":"2025-10-20T07:40:12","slug":"aizvaditas-nedelas-nogale-rigas-regiona-piekerti-13-dzerajsoferi","status":"publish","type":"post","link":"https:\/\/www.europesays.com\/lv\/26040\/","title":{"rendered":"Aizvad\u012bt\u0101s ned\u0113\u013cas nogal\u0113 R\u012bgas re\u0123ion\u0101 pie\u0137erti 13 dz\u0113r\u0101j\u0161oferi"},"content":{"rendered":"<p>Kop\u0161 piektdienas policija R\u012bg\u0101 un galvaspils\u0113tas apk\u0101rtn\u0113 aiztur\u0113jusi 13 transporta l\u012bdzek\u013cu vad\u012bt\u0101jus alkohola reibum\u0101, liecina Valsts policijas inform\u0101cija.<\/p>\n<p>\u010cetriem dz\u0113r\u0101j\u0161oferiem noform\u0113ts administrat\u012bv\u0101 p\u0101rk\u0101puma protokols, bet devi\u0146i tiks saukti pie krimin\u0101latbild\u012bbas. \u010cetriem pie\u0137ertajiem \u0161oferiem konfisc\u0113s\u00a0transportl\u012bdzekli, bet piecos gad\u012bjumos tiks piedz\u012bta t\u0101 v\u0113rt\u012bba.<\/p>\n<p>P\u0113d\u0113jo triju dienu laik\u0101 R\u012bgas re\u0123ion\u0101 re\u0123istr\u0113ti 235 ce\u013cu satiksmes negad\u012bjumi, kuros cietu\u0161i 24 cilv\u0113ki. Cietu\u0161o vid\u016b ir tr\u012bs g\u0101j\u0113ji, \u010detri velosip\u0113disti un viens elektrisko skrejrite\u0146u vad\u012bt\u0101js.<\/p>\n<p>Ned\u0113\u013cas nogal\u0113 R\u012bgas re\u0123ion\u0101 sast\u0101d\u012bti 72 protokoli par brauk\u0161anas \u0101truma p\u0101rsnieg\u0161anu un tr\u012bs protokoli par agres\u012bvu brauk\u0161anu, k\u0101 ar\u012b re\u0123istr\u0113tas piecas z\u0101dz\u012bbas no m\u0101jok\u013ca.<\/p>\n","protected":false},"excerpt":{"rendered":"Kop\u0161 piektdienas policija R\u012bg\u0101 un galvaspils\u0113tas apk\u0101rtn\u0113 aiztur\u0113jusi 13 transporta l\u012bdzek\u013cu vad\u012bt\u0101jus alkohola reibum\u0101, liecina Valsts policijas inform\u0101cija.&hellip;\n","protected":false},"author":2,"featured_media":26041,"comment_status":"","ping_status":"","sticky":false,"template":"","format":"standard","meta":{"footnotes":""},"categories":[5],"tags":[23,28,29,47,32,33,22,381,64,30,31,35,39,38,36,37,34,40,20,385,26,27,172,382,384,383,24,25,21],"class_list":{"0":"post-26040","1":"post","2":"type-post","3":"status-publish","4":"format-standard","5":"has-post-thumbnail","7":"category-aktualitates","8":"tag-aktualitates","9":"tag-breaking-news","10":"tag-breakingnews","11":"tag-ekonomika","12":"tag-featured-news","13":"tag-featurednews","14":"tag-headlines","15":"tag-jaunumi","16":"tag-kultura","17":"tag-latest-news","18":"tag-latestnews","19":"tag-latvia","20":"tag-latvian","21":"tag-latviesu","22":"tag-latviesu-valoda","23":"tag-latviesuvaloda","24":"tag-latvija","25":"tag-lv","26":"tag-news","27":"tag-pieriga","28":"tag-popularakas-zinas","29":"tag-popularakaszinas","30":"tag-riga","31":"tag-sabiedriba","32":"tag-sludinajumi","33":"tag-sports-afisa","34":"tag-top-stories","35":"tag-topstories","36":"tag-zinas"},"share_on_mastodon":{"url":"","error":""},"_links":{"self":[{"href":"https:\/\/www.europesays.com\/lv\/wp-json\/wp\/v2\/posts\/26040","targetHints":{"allow":["GET"]}}],"collection":[{"href":"https:\/\/www.europesays.com\/lv\/wp-json\/wp\/v2\/posts"}],"about":[{"href":"https:\/\/www.europesays.com\/lv\/wp-json\/wp\/v2\/types\/post"}],"author":[{"embeddable":true,"href":"https:\/\/www.europesays.com\/lv\/wp-json\/wp\/v2\/users\/2"}],"replies":[{"embeddable":true,"href":"https:\/\/www.europesays.com\/lv\/wp-json\/wp\/v2\/comments?post=26040"}],"version-history":[{"count":0,"href":"https:\/\/www.europesays.com\/lv\/wp-json\/wp\/v2\/posts\/26040\/revisions"}],"wp:featuredmedia":[{"embeddable":true,"href":"https:\/\/www.europesays.com\/lv\/wp-json\/wp\/v2\/media\/26041"}],"wp:attachment":[{"href":"https:\/\/www.europesays.com\/lv\/wp-json\/wp\/v2\/media?parent=26040"}],"wp:term":[{"taxonomy":"category","embeddable":true,"href":"https:\/\/www.europesays.com\/lv\/wp-json\/wp\/v2\/categories?post=26040"},{"taxonomy":"post_tag","embeddable":true,"href":"https:\/\/www.europesays.com\/lv\/wp-json\/wp\/v2\/tags?post=26040"}],"curies":[{"name":"wp","href":"https:\/\/api.w.org\/{rel}","templated":true}]}}