{"id":26042,"date":"2025-10-20T07:41:08","date_gmt":"2025-10-20T07:41:08","guid":{"rendered":"https:\/\/www.europesays.com\/lv\/26042\/"},"modified":"2025-10-20T07:41:08","modified_gmt":"2025-10-20T07:41:08","slug":"krievija-dzivojosa-latviesu-aktrise-muceniece-parada-savu-grezno-dzemdibu-palatu","status":"publish","type":"post","link":"https:\/\/www.europesays.com\/lv\/26042\/","title":{"rendered":"Krievij\u0101 dz\u012bvojo\u0161\u0101 latvie\u0161u aktrise Muceniece par\u0101da savu grezno dzemd\u012bbu pal\u0101tu"},"content":{"rendered":"<p>Krievij\u0101 dz\u012bvojo\u0161\u0101 latvie\u0161u aktrise Agata Muceniece gatavojas sagaid\u012bt savu tre\u0161o b\u0113rnu. Kop\u0101 ar v\u012bru, m\u016bzi\u0137i Pjotru Drangu, vi\u0146a dr\u012bzum\u0101 k\u013c\u016bs par meiti\u0146as mammu. Sagaidot \u0161o \u012bpa\u0161o notikumu, p\u0101ris nol\u0113mis neekonom\u0113t \u2013 par dzemd\u012bb\u0101m presti\u017e\u0101 kl\u012bnik\u0101 Maskavas apgabal\u0101 vi\u0146i var\u0113tu samaks\u0101t vair\u0101k nek\u0101 divus miljonus rub\u013cu. Topo\u0161ajai m\u0101mi\u0146ai izv\u0113l\u0113t\u0101 pal\u0101ta p\u0101rsteidz ar greznumu un komfortu, kas vair\u0101k atg\u0101dina luksusa dz\u012bvokli nek\u0101 slimn\u012bcu, raksta port\u0101ls &#8220;Woman.ru&#8221;.<\/p>\n<p>Lai gan prec\u012bzu dzemd\u012bbu datumu Agata neatkl\u0101j, tiek l\u0113sts, ka mazulis pasaul\u0113 n\u0101ks jau tuv\u0101ko ned\u0113\u013cu laik\u0101. Nav izsl\u0113gts, ka l\u012bdz oktobra beig\u0101m Agata un Pjotrs piln\u012bb\u0101 iegrims jaunaj\u0101 \u0123imenes dz\u012bves posm\u0101.<\/p>\n<p>Aktrise soci\u0101lajos t\u012bklos pati par\u0101d\u012bja, kur notiks dzemd\u012bbas, un saviem sekot\u0101jiem pied\u0101v\u0101ja \u012bstu &#8220;room tour&#8221; \u2013 ekskursiju pa izv\u0113l\u0113to kl\u012bniku. Ierodoties slimn\u012bc\u0101, vi\u0146u sagaid\u012bja person\u0101ls un izr\u0101d\u012bja vair\u0101kas pal\u0101tas.<\/p>\n<blockquote><p> Izv\u0113l\u0113jos dzemd\u012bbu noda\u013cu un dzemd\u012bbu z\u0101li. \u0160eit es atgriez\u012b\u0161os, kad viss s\u0101ksies. Mazliet uztraucos, bet zinu, ka viss b\u016bs labi,&#8221; vi\u0146a sac\u012bja, ien\u0101kot telp\u0101.<\/p><\/blockquote>\n<p>Pal\u0101ta p\u0101rsteidz ar greznumu \u2014 \u0113rta gulta, d\u012bv\u0101ns t\u0113tim, kafijas autom\u0101ts, televizors, viedkolonna m\u016bzikas atska\u0146o\u0161anai un pat atsevi\u0161\u0137a istaba t\u0113vam ar d\u012bv\u0101nu un nelielu virtuvi. &#8220;T\u0113tis var iedzert kafiju, aps\u0113sties pie galda un mazliet atvilkt elpu,&#8221; ar smaidu st\u0101sta Agata.<\/p>\n<p>Aktrise apl\u016bkoja ar\u012b &#8220;m\u0101jas dzemd\u012bbu centru&#8221;, kas iek\u0101rtots k\u0101 pla\u0161s, m\u0101j\u012bgs dz\u012bvoklis ar viesistabu, virtuvi un lielu apa\u013cu galdu, pie kura var\u0113tu san\u0101kt visa \u0123imene. <\/p>\n<blockquote><p>Es uzreiz gribu dzemd\u0113t \u0161eit! Viss k\u0101 m\u0101j\u0101s \u2013 tik skaisti!&#8221; vi\u0146a atzina. Tom\u0113r medi\u0137i pagaid\u0101m ieteiku\u0161i izv\u0113l\u0113ties citu telpu r\u0113tas d\u0113\u013c p\u0113c iepriek\u0161\u0113j\u0101m dzemd\u012bb\u0101m.<\/p><\/blockquote>\n<p>Pal\u0101t\u0101 topo\u0161ajai m\u0101mi\u0146ai paredz\u0113ts ar\u012b d\u017eakuzi un \u0161\u016bpu\u013ct\u012bkls, kas pal\u012bdz atvieglot kontrakcijas. Blakus dzemd\u012bbu galdam atrodas pla\u0161a divgu\u013cam\u0101 gulta, kur p\u0113c dzemd\u012bb\u0101m var\u0113s atp\u016bsties m\u0101mi\u0146a. Agata ar interesi apskat\u012bja ar\u012b VIP pal\u0101tu, kas vi\u0146ai atg\u0101din\u0101jusi veselu dz\u012bvokli. &#8220;\u0160\u012b nav pal\u0101ta \u2013 \u0161\u012b ir \u012bsta m\u0101ja!&#8221; vi\u0146a smejoties sac\u012bja.<\/p>\n<p>Kl\u012bnika izl\u0113ma izpild\u012bt zvaig\u017e\u0146u m\u0101mi\u0146as v\u0113lmi \u2013 Agatai p\u0113c dzemd\u012bb\u0101m pie\u0161\u0137irs jauno VIP pal\u0101tu, kur\u0101 vi\u0146a var\u0113s pat rot\u0101t telpu ar saviem gaismas luktur\u012b\u0161iem. &#8220;Teica, ka varu pa\u0146emt savus fon\u0101ri\u0146us un tos iedegt \u2013 t\u0101 es ar\u012b dar\u012b\u0161u,&#8221; aktrise priec\u012bgi piebilda.<\/p>\n<blockquote><p>Par \u0161\u0101du komfortu n\u0101ksies \u0161\u0137irties no iev\u0113rojamas summas \u2013 uztur\u0113\u0161an\u0101s centr\u0101 maks\u0101 no 590 t\u016bksto\u0161iem l\u012bdz 1,5 miljoniem rub\u013cu (aptuveni 5900- 15 000 eiro), savuk\u0101rt dzemd\u012bbas cit\u0101s pal\u0101t\u0101s var izmaks\u0101t l\u012bdz pat 2,4 miljoniem rub\u013cu (aptuveni 24 000 eiro), atkar\u012bb\u0101 no medi\u0137u komandas un procesa sare\u017e\u0123\u012bt\u012bbas.<\/p><\/blockquote>\n<p>\u0160\u012bs dzemd\u012bbas Agatai b\u016bs tre\u0161\u0101s. No iepriek\u0161\u0113j\u0101m attiec\u012bb\u0101m ar aktieri P\u0101velu Prilu\u010dniju vi\u0146ai jau ir divi b\u0113rni \u2013 d\u0113ls Timofejs un meita Mija. Otrreiz laul\u012bb\u0101 vi\u0146a st\u0101j\u0101s 2025. gada vasar\u0101, un kop\u0101 ar Pjotru Drangu dz\u012bvo Maskavas apgabal\u0101. Gr\u016btniec\u012bbas laik\u0101 Agata nav p\u0101rtraukusi darbu \u2013 vi\u0146a film\u0113jusies vair\u0101kos projektos un pati atzinusi, ka pie\u0146\u0113musies svar\u0101 par  12 kilogramiem.<\/p>\n<p>&#8220;Gr\u016btniec\u012bbu s\u0101ku ar 56 kilogramiem, lab\u0101kaj\u0101s dien\u0101s \u2013 55. Tagad sveru 68,4 kilogramus. Viss norm\u0101li \u2013 tie\u0161i beig\u0101s svars aug vis\u0101tr\u0101k,&#8221; piebilst Muceniece.<\/p>\n<p>Lasi ar\u012b!<\/p>\n<p>&#13;<br \/>\n&#13;<br \/>\n<a target=\"_blank\" href=\"https:\/\/www.1188.lv\/zinas\/piecelos-un-aizgaju-grutniecibas-pedejos-menesos-krievija-dzivojosa-latviesu-aktrise-muceniece-turpina-sportot\/56062\" rel=\"nofollow noopener\">&#8220;Piec\u0113los un aizg\u0101ju!&#8221;Gr\u016btniec\u012bbas p\u0113d\u0113jos m\u0113ne\u0161os Krievij\u0101 dz\u012bvojo\u0161\u0101 latvie\u0161u aktrise Muceniece turpina sportot<\/a>&#13;<br \/>\n&#13;<br \/>\n<\/p>\n<p>&#13;<br \/>\n&#13;<br \/>\n<a target=\"_blank\" href=\"https:\/\/www.1188.lv\/zinas\/krievija-dzivojosa-latviesu-aktrise-muceniece-oficiali-nomainijusi-uzvardu-pase\/55479\" rel=\"nofollow noopener\">Krievij\u0101 dz\u012bvojo\u0161\u0101 latvie\u0161u aktrise Muceniece ofici\u0101li nomain\u012bjusi uzv\u0101rdu pas\u0113<\/a>&#13;<br \/>\n&#13;<br \/>\n<\/p>\n<p>&#13;<br \/>\n&#13;<br \/>\n<a target=\"_blank\" href=\"https:\/\/www.1188.lv\/zinas\/krievija-dzivojosa-latviesu-aktrise-agata-muceniece-budama-gaidibas-atgriezas-uz-kabare-skatuves\/55194\" rel=\"nofollow noopener\">Krievij\u0101 dz\u012bvojo\u0161\u0101 latvie\u0161u aktrise Agata Muceniece, b\u016bdama gaid\u012bb\u0101s, atgrie\u017eas uz kabar\u0113 skatuves<\/a>&#13;<br \/>\n&#13;<br \/>\n<\/p>\n<p>&#13;<br \/>\n&#13;<br \/>\n<a target=\"_blank\" href=\"https:\/\/www.1188.lv\/zinas\/krievija-dzivojosa-latviesu-aktrise-muceniece-pirms-tresa-berna-dzimsanas-viesojusies-latvija\/54992\" rel=\"nofollow noopener\">Krievij\u0101 dz\u012bvojo\u0161\u0101 latvie\u0161u aktrise Muceniece pirms tre\u0161\u0101 b\u0113rna dzim\u0161anas viesojusies Latvij\u0101<\/a>&#13;<br \/>\n&#13;<br \/><\/p>\n","protected":false},"excerpt":{"rendered":"Krievij\u0101 dz\u012bvojo\u0161\u0101 latvie\u0161u aktrise Agata Muceniece gatavojas sagaid\u012bt savu tre\u0161o b\u0113rnu. Kop\u0101 ar v\u012bru, m\u016bzi\u0137i Pjotru Drangu, vi\u0146a&hellip;\n","protected":false},"author":2,"featured_media":26043,"comment_status":"","ping_status":"","sticky":false,"template":"","format":"standard","meta":{"footnotes":""},"categories":[19],"tags":[129,2031,1773,8115,89,90,35,39,38,36,37,34,40,8116,2032,1774,8117,2033,1775],"class_list":{"0":"post-26042","1":"post","2":"type-post","3":"status-publish","4":"format-standard","5":"has-post-thumbnail","7":"category-izklaide","8":"tag-__typenameadvicekeyword","9":"tag-id1052","10":"tag-id1061","11":"tag-id1483","12":"tag-entertainment","13":"tag-izklaide","14":"tag-latvia","15":"tag-latvian","16":"tag-latviesu","17":"tag-latviesu-valoda","18":"tag-latviesuvaloda","19":"tag-latvija","20":"tag-lv","21":"tag-slugagata-muceniece","22":"tag-slugberni","23":"tag-slugslavenibas","24":"tag-titleagata-muceniece","25":"tag-titleberni","26":"tag-titleslavenibas"},"share_on_mastodon":{"url":"","error":""},"_links":{"self":[{"href":"https:\/\/www.europesays.com\/lv\/wp-json\/wp\/v2\/posts\/26042","targetHints":{"allow":["GET"]}}],"collection":[{"href":"https:\/\/www.europesays.com\/lv\/wp-json\/wp\/v2\/posts"}],"about":[{"href":"https:\/\/www.europesays.com\/lv\/wp-json\/wp\/v2\/types\/post"}],"author":[{"embeddable":true,"href":"https:\/\/www.europesays.com\/lv\/wp-json\/wp\/v2\/users\/2"}],"replies":[{"embeddable":true,"href":"https:\/\/www.europesays.com\/lv\/wp-json\/wp\/v2\/comments?post=26042"}],"version-history":[{"count":0,"href":"https:\/\/www.europesays.com\/lv\/wp-json\/wp\/v2\/posts\/26042\/revisions"}],"wp:featuredmedia":[{"embeddable":true,"href":"https:\/\/www.europesays.com\/lv\/wp-json\/wp\/v2\/media\/26043"}],"wp:attachment":[{"href":"https:\/\/www.europesays.com\/lv\/wp-json\/wp\/v2\/media?parent=26042"}],"wp:term":[{"taxonomy":"category","embeddable":true,"href":"https:\/\/www.europesays.com\/lv\/wp-json\/wp\/v2\/categories?post=26042"},{"taxonomy":"post_tag","embeddable":true,"href":"https:\/\/www.europesays.com\/lv\/wp-json\/wp\/v2\/tags?post=26042"}],"curies":[{"name":"wp","href":"https:\/\/api.w.org\/{rel}","templated":true}]}}