{"id":26049,"date":"2025-10-20T07:47:07","date_gmt":"2025-10-20T07:47:07","guid":{"rendered":"https:\/\/www.europesays.com\/lv\/26049\/"},"modified":"2025-10-20T07:47:07","modified_gmt":"2025-10-20T07:47:07","slug":"foto-%e2%9f%a9-neparastaja-britena-vijolkoncerta-liepajas-simfoniskais-orkestris-saspelejies-ar-elinu-buksu","status":"publish","type":"post","link":"https:\/\/www.europesays.com\/lv\/26049\/","title":{"rendered":"FOTO \u27e9 Neparastaj\u0101 Britena Vijo\u013ckoncert\u0101 Liep\u0101jas Simfoniskais or\u0137estris sasp\u0113l\u0113jies ar El\u012bnu Buk\u0161u"},"content":{"rendered":"<p>V\u0113l pirms koncerta intervij\u0101 laikrakstam \u201cKult\u016bras diena\u201d El\u012bna Buk\u0161a st\u0101st\u012bja: \u201cBritena m\u016bzika jau ilgu laiku ir mana m\u012blest\u012bba, \u012bsten\u012bb\u0101 pat aps\u0113st\u012bba. \u0160\u012b m\u016bzika mani \u0101rk\u0101rt\u012bgi vilina. Dom\u0101jot, k\u0101da \u012bsti esmu k\u0101 vijolniece un cilv\u0113ks, esmu sapratusi, cik svar\u012bgi ir sp\u0113t pied\u0101v\u0101t publikai kaut ko \u012bpa\u0161u. Protams, ir for\u0161i sp\u0113l\u0113t Mendelszonu, Br\u0101msu, un vienm\u0113r ar prieku atska\u0146oju Ravela \u010cig\u0101nieti, bet, ja man ir izv\u0113le iet dzi\u013c\u0101k, es dodu priek\u0161roku Britenam. \u013boti v\u0113l\u0113jos iedzi\u013cin\u0101ties vi\u0146a dai\u013crad\u0113 un atvest to uz Latviju.\u201d<\/p>\n<p>Sestdien, 25. oktobr\u012b, Liep\u0101jas Simfoniskais or\u0137estris dosies uz Rund\u0101les pili, kur aicina klaus\u012bt\u0101jus \u013cauties tr\u012bs fran\u010du komponistu meistardarbiem, kuros atspogu\u013cojas simfonisk\u0101s m\u016bzikas elegance, izsmalcin\u0101t\u012bba un melodisk\u0101 po\u0113zija \u2013 no Gabriela For\u0113 nosl\u0113pumain\u0101s lirikas l\u012bdz Ib\u0113ra virtuozajai dzirkstelei un \u017dor\u017ea Biz\u0113 jaun\u012bbas degsmei. \u017daka Ib\u0113ra Flautas koncerts skan\u0113s ar Egiju Spro\u0123i solistes lom\u0101.<\/p>\n<p>Bet jau novembr\u012b Liep\u0101jas Simfoniskajam or\u0137estrim gaid\u0101mi tr\u012bs v\u0113rien\u012bgi muzik\u0101lie piedz\u012bvojumi.<\/p>\n<p>7. un 8. novembr\u012b Liep\u0101jas koncertz\u0101le \u201cLielais dzintars\u201d aicina klaus\u012bt\u0101jus pievienoties desmitgades svin\u012bbu kulmin\u0101cijai, kur\u0101 tiks \u012bstenots sen lolots sapnis \u2013 Arnolda \u0160\u0113nberga romantisk\u0101 oratorija \u201cGurres dziesmas\u201d, kas uz vienas skatuves apvienos vair\u0101k nek\u0101 250 profesion\u0101lu m\u016bzi\u0137u \u2013 piecus solistus, lielu jaukto kori, tr\u012bs v\u012bru korus un grandiozu or\u0137estri.<\/p>\n<p>17. novembr\u012b Liep\u0101jas Simfoniskais or\u0137estris kop\u0101 ar daudziem popul\u0101r\u0101s m\u016bzikas p\u0101rst\u0101vjiem ir aicin\u0101ts atska\u0146ot Latvijas dzim\u0161anas dienas svin\u012bbu programmu, ko \u0161ogad Liep\u0101jas koncertz\u0101le \u201cLielais dzintars\u201d uztic\u0113jusi J\u0101nim \u0160ipk\u0113vicam un Reinim S\u0113j\u0101nam. T\u0101 b\u016bs nebijusi iesp\u0113ja piedz\u012bvot projekta \u201cIeklausies dv\u0113se\u013cu puten\u012b\u201d dz\u012bvo atska\u0146ojumu. Sakn\u0113s latvie\u0161a sirdij noz\u012bm\u012bgas dziesmas, kuras cauri laikiem skan\u0113ju\u0161as teju katr\u0101 Latvijas m\u0101j\u0101.<\/p>\n","protected":false},"excerpt":{"rendered":"V\u0113l pirms koncerta intervij\u0101 laikrakstam \u201cKult\u016bras diena\u201d El\u012bna Buk\u0161a st\u0101st\u012bja: \u201cBritena m\u016bzika jau ilgu laiku ir mana m\u012blest\u012bba,&hellip;\n","protected":false},"author":2,"featured_media":26050,"comment_status":"","ping_status":"","sticky":false,"template":"","format":"standard","meta":{"footnotes":""},"categories":[19],"tags":[677,89,90,35,39,38,36,37,34,1392,40],"class_list":{"0":"post-26049","1":"post","2":"type-post","3":"status-publish","4":"format-standard","5":"has-post-thumbnail","7":"category-izklaide","8":"tag-lielais-dzintars","9":"tag-entertainment","10":"tag-izklaide","11":"tag-latvia","12":"tag-latvian","13":"tag-latviesu","14":"tag-latviesu-valoda","15":"tag-latviesuvaloda","16":"tag-latvija","17":"tag-liepajas-simfoniskais-orkestris","18":"tag-lv"},"share_on_mastodon":{"url":"","error":""},"_links":{"self":[{"href":"https:\/\/www.europesays.com\/lv\/wp-json\/wp\/v2\/posts\/26049","targetHints":{"allow":["GET"]}}],"collection":[{"href":"https:\/\/www.europesays.com\/lv\/wp-json\/wp\/v2\/posts"}],"about":[{"href":"https:\/\/www.europesays.com\/lv\/wp-json\/wp\/v2\/types\/post"}],"author":[{"embeddable":true,"href":"https:\/\/www.europesays.com\/lv\/wp-json\/wp\/v2\/users\/2"}],"replies":[{"embeddable":true,"href":"https:\/\/www.europesays.com\/lv\/wp-json\/wp\/v2\/comments?post=26049"}],"version-history":[{"count":0,"href":"https:\/\/www.europesays.com\/lv\/wp-json\/wp\/v2\/posts\/26049\/revisions"}],"wp:featuredmedia":[{"embeddable":true,"href":"https:\/\/www.europesays.com\/lv\/wp-json\/wp\/v2\/media\/26050"}],"wp:attachment":[{"href":"https:\/\/www.europesays.com\/lv\/wp-json\/wp\/v2\/media?parent=26049"}],"wp:term":[{"taxonomy":"category","embeddable":true,"href":"https:\/\/www.europesays.com\/lv\/wp-json\/wp\/v2\/categories?post=26049"},{"taxonomy":"post_tag","embeddable":true,"href":"https:\/\/www.europesays.com\/lv\/wp-json\/wp\/v2\/tags?post=26049"}],"curies":[{"name":"wp","href":"https:\/\/api.w.org\/{rel}","templated":true}]}}