{"id":26053,"date":"2025-10-20T07:49:08","date_gmt":"2025-10-20T07:49:08","guid":{"rendered":"https:\/\/www.europesays.com\/lv\/26053\/"},"modified":"2025-10-20T07:49:08","modified_gmt":"2025-10-20T07:49:08","slug":"veja-parkam-pieskir-32-miljonus","status":"publish","type":"post","link":"https:\/\/www.europesays.com\/lv\/26053\/","title":{"rendered":"V\u0113ja parkam pie\u0161\u0137ir 32 miljonus"},"content":{"rendered":"<p><img fetchpriority=\"high\" decoding=\"async\" width=\"1024\" height=\"725\" src=\"https:\/\/www.europesays.com\/lv\/wp-content\/uploads\/2025\/10\/Vejas_parkspexel-1024x725.jpg\" alt=\"\" class=\"wp-image-978399\"  \/>Foto: pexels.com<\/p>\n<p>Luminor banka l\u012bdzfinans\u0113s v\u0113ja elektrostaciju parka \u201cAugstkalni\u201d b\u016bvniec\u012bbu Smiltenes novada Launkalnes un Drustu pagastos, pie\u0161\u0137irot 32 miljonus eiro.<\/p>\n<p>Projekta att\u012bst\u012bt\u0101js un finans\u0113juma sa\u0146\u0113m\u0113js ir uz\u0146\u0113mums SIA \u201cWPR2\u201d, inform\u0113 Inese Kronberga, \u201cLuminor\u201d sabiedrisko attiec\u012bbu vad\u012bt\u0101ja. Uz\u0146\u0113mums pieder \u201cTaaleri SolarWind III\u201d fondam, ko p\u0101rvalda \u201cTaaleri Energia Funds Management\u201d (Somija) un sl\u0113gts invest\u012bciju fonds Lietuv\u0101 \u201cAtsinaujinan\u010dios Energetikos Investicijos\u201d, kas specializ\u0113jas atjaun\u012bgaj\u0101 ener\u0123\u0113tik\u0101 un kuru p\u0101rvalda \u201cLords LB Asset Management\u201d.<\/p>\n<p>Projekta kop\u0113jais finans\u0113jums ir 92 miljoni eiro, ko l\u012bdz\u012bg\u0101s da\u013c\u0101s l\u012bdzfinans\u0113 Luminor banka, Eiropas Rekonstrukcijas un att\u012bst\u012bbas banka un Zieme\u013cu Invest\u012bciju banka.<\/p>\n<p>V\u0113ja parka \u201cAugstkalni\u201d b\u016bvniec\u012bba s\u0101k\u0101s 2024. gada ruden\u012b. Visas turb\u012bnas pl\u0101nots nodot ekspluat\u0101cij\u0101 2027. gada s\u0101kum\u0101.<\/p>\n<p>V\u0113ja parks Launkalnes un Drustu pagastos sast\u0101v\u0113s no 16 v\u0113ja elektrostacij\u0101m ar nomin\u0101lo jaudu septi\u0146i megavati katrai un gad\u0101 sara\u017eos pietiekami daudz elektroener\u0123ijas, lai apg\u0101d\u0101tu vair\u0101k nek\u0101 80 000 m\u0101jsaimniec\u012bbu. Liel\u0101k\u0101 da\u013ca sara\u017eot\u0101s elektroener\u0123ijas tiks p\u0101rdota viet\u0113j\u0101 tirg\u016b, medijiem izs\u016bt\u012btaj\u0101 rel\u012bz\u0113 nor\u0101da Luminor banka.<\/p>\n<p>\u201cAtbalstot \u0161o noz\u012bm\u012bgo projektu, m\u0113s ne tikai veicin\u0101m klienta m\u0113r\u0137u \u012bsteno\u0161anu, bet ar\u012b stiprin\u0101m Latvijas ener\u0123\u0113tisko neatkar\u012bbu un klimata m\u0113r\u0137u sasnieg\u0161anu. Latvijas energosist\u0113ma joproj\u0101m liel\u0101 m\u0113r\u0101 balst\u0101s uz lielajiem HES, k\u0101 ar\u012b fosilo kurin\u0101mo, jo \u012bpa\u0161i uz dabasg\u0101zi, un papildu atjaun\u012bgo energoresursu jaudas rad\u012b\u0161ana valst\u012b ir b\u016btisks solis p\u0101rej\u0101 uz za\u013co ekonomiku. \u0160is projekts ir ar\u012b labs piem\u0113rs tam, k\u0101 publiskais un priv\u0101tais sektors var sadarboties, lai veicin\u0101tu ilgtsp\u0113j\u012bgas ener\u0123ijas att\u012bst\u012bbu Latvij\u0101,\u201d uzsver Ilze Zoltnere, Luminor bankas korporat\u012bv\u0101 departamenta vad\u012bt\u0101ja.<\/p>\n<p>\u201cZieme\u013clatvija\u201d vair\u0101kk\u0101rt rakst\u012bjusi par pl\u0101noto v\u0113ja parka \u201cAugstkalni\u201d b\u016bvniec\u012bbu, ar\u012b saist\u012bb\u0101 ar viet\u0113jo iedz\u012bvot\u0101ju protestiem, kuri nev\u0113las v\u0113ja turb\u012bnas savu m\u0101ju tuvum\u0101, uzskatot, ka v\u0113ja parki nav labv\u0113l\u012bgi ne videi, ne cilv\u0113kiem, ta\u010du atbild\u012bg\u0101s instit\u016bcijas vi\u0146u iebildumus nav \u0146\u0113mu\u0161as v\u0113r\u0101.<\/p>\n<p>Jau inform\u0113j\u0101m, ka \u0161ovasar 116 Launkalnes un Drustu pagastu iedz\u012bvot\u0101ji nos\u016bt\u012bja iesniegumu Latvijas Republikas Saeimai, Valsts prezidentam Edgaram Rink\u0113vi\u010dam, Smiltenes novada pa\u0161vald\u012bbas domes vad\u012bbai un v\u0113l cit\u0101m atbild\u012bgaj\u0101m instit\u016bcij\u0101m, l\u016bdzot aptur\u0113t v\u0113ja elektrostaciju parka \u201cAugstkalni\u201d t\u0101l\u0101ko izb\u016bvi Launkalnes un Drustu pagastos l\u012bdz detaliz\u0113tai izp\u0113tei par ietekmi uz vidi un cilv\u0113kiem.<\/p>\n<p>\u201cAtbildes bija sausas un form\u0101las, mums pal\u012bg\u0101 neviens negras\u0101s doties,\u201d \u201cZieme\u013clatvijai\u201d v\u0113l nesen atzina Drustu pagasta iedz\u012bvot\u0101js M\u0101ris Naudi\u0146\u0161, kur\u0161 bija viens no iesnieguma tap\u0161anas iniciatoriem.<\/p>\n","protected":false},"excerpt":{"rendered":"Foto: pexels.com Luminor banka l\u012bdzfinans\u0113s v\u0113ja elektrostaciju parka \u201cAugstkalni\u201d b\u016bvniec\u012bbu Smiltenes novada Launkalnes un Drustu pagastos, pie\u0161\u0137irot 32&hellip;\n","protected":false},"author":2,"featured_media":26054,"comment_status":"","ping_status":"","sticky":false,"template":"","format":"standard","meta":{"footnotes":""},"categories":[16],"tags":[77,76,8118,35,39,38,36,37,34,8119,40,452,8120],"class_list":{"0":"post-26053","1":"post","2":"type-post","3":"status-publish","4":"format-standard","5":"has-post-thumbnail","7":"category-bizness","8":"tag-bizness","9":"tag-business","10":"tag-drustupagasts","11":"tag-latvia","12":"tag-latvian","13":"tag-latviesu","14":"tag-latviesu-valoda","15":"tag-latviesuvaloda","16":"tag-latvija","17":"tag-launkalnespagasts","18":"tag-lv","19":"tag-smiltenesnovads","20":"tag-vejaparksaugstkalni"},"share_on_mastodon":{"url":"","error":""},"_links":{"self":[{"href":"https:\/\/www.europesays.com\/lv\/wp-json\/wp\/v2\/posts\/26053","targetHints":{"allow":["GET"]}}],"collection":[{"href":"https:\/\/www.europesays.com\/lv\/wp-json\/wp\/v2\/posts"}],"about":[{"href":"https:\/\/www.europesays.com\/lv\/wp-json\/wp\/v2\/types\/post"}],"author":[{"embeddable":true,"href":"https:\/\/www.europesays.com\/lv\/wp-json\/wp\/v2\/users\/2"}],"replies":[{"embeddable":true,"href":"https:\/\/www.europesays.com\/lv\/wp-json\/wp\/v2\/comments?post=26053"}],"version-history":[{"count":0,"href":"https:\/\/www.europesays.com\/lv\/wp-json\/wp\/v2\/posts\/26053\/revisions"}],"wp:featuredmedia":[{"embeddable":true,"href":"https:\/\/www.europesays.com\/lv\/wp-json\/wp\/v2\/media\/26054"}],"wp:attachment":[{"href":"https:\/\/www.europesays.com\/lv\/wp-json\/wp\/v2\/media?parent=26053"}],"wp:term":[{"taxonomy":"category","embeddable":true,"href":"https:\/\/www.europesays.com\/lv\/wp-json\/wp\/v2\/categories?post=26053"},{"taxonomy":"post_tag","embeddable":true,"href":"https:\/\/www.europesays.com\/lv\/wp-json\/wp\/v2\/tags?post=26053"}],"curies":[{"name":"wp","href":"https:\/\/api.w.org\/{rel}","templated":true}]}}