{"id":2606,"date":"2025-09-23T06:17:07","date_gmt":"2025-09-23T06:17:07","guid":{"rendered":"https:\/\/www.europesays.com\/lv\/2606\/"},"modified":"2025-09-23T06:17:07","modified_gmt":"2025-09-23T06:17:07","slug":"vai-trenera-atlaisana-glabs-grobinu","status":"publish","type":"post","link":"https:\/\/www.europesays.com\/lv\/2606\/","title":{"rendered":"Vai trenera atlai\u0161ana gl\u0101bs &#8220;Grobi\u0146u&#8221;?"},"content":{"rendered":"<p>FK \u201cGrobi\u0146a\u201d piedz\u012bvoja s\u0101p\u012bgu zaud\u0113jumu no FK \u201cLiep\u0101ja\u201d &#8211; 0:1. Grobi\u0146as komandai jau sp\u0113les s\u0101kum\u0101 bija iesp\u0113ja g\u016bt v\u0101rtus, t\u0101 kopum\u0101 ar\u012b b\u012bstami uzbruka bie\u017e\u0101k, bet&#8230; Vien\u012bgos v\u0101rtus jau kompens\u0101cijas laika pirmaj\u0101 min\u016bt\u0113 guva D\u017eibrils Gejs. Vi\u0146am tie ir 15. v\u0101rti \u010dempion\u0101t\u0101. Grobi\u0146as komandai \u0161\u012b sezona nav tik laba, k\u0101 iepriek\u0161\u0113j\u0101 (laikam tom\u0113r darbojas nerakst\u012btais likums, ka debitantam otr\u0101 sezona p\u0113c sekm\u012bgas debijas virsl\u012bg\u0101 ir daudz gr\u016bt\u0101ka), kaut gan pirms sezonas priek\u0161noteikumi bija un ir ar\u012b tagad, lai t\u0101 b\u016btu lab\u0101ka.<\/p>\n<p>Tom\u0113r diezin vai tie\u0161i tagad bija gaid\u012bta galven\u0101 trenera Viktora Dobrecona atbr\u012bvo\u0161ana. Ja tas b\u016btu noticis, piem\u0113ram, p\u0113c otr\u0101 ap\u013ca (nep\u0101rprotiet \u2013 nedom\u0101ju, ka to tad vajadz\u0113ja dar\u012bt), tad tas liktos saprotam\u0101k \u2013 v\u0113l daudz laika, v\u0113l var daudz main\u012bt. Tagad&#8230; Redz\u0113sim, k\u0101das b\u016bs p\u0101rmai\u0146as komandas sniegum\u0101, jo jau n\u0101kam\u0101 sp\u0113le tai ir ar tie\u0161o konkurentu c\u012b\u0146\u0101 par palik\u0161anu virsl\u012bg\u0101 FK \u201cMetta\u201d un tad t\u0101das b\u016bs ar\u012b divas n\u0101kam\u0101s sp\u0113les.<\/p>\n<p>Nedom\u0101ju, ka Grobi\u0146a ir samierin\u0101jusies ar izkri\u0161anu un jau s\u0101ks veidot komandu n\u0101kamajai sezonai. Tam nav iemesla. L\u012bdz sezonas beig\u0101m pagaidu galven\u0101 trenera lom\u0101 b\u016bs Oskars K\u013cava, kur\u0161 bija viens no Dobrecova asistentiem.<\/p>\n<p>V\u0113l divu komandu, kuras sp\u0113kojas par vietas saglab\u0101\u0161anu virsl\u012bg\u0101, duel\u012b FK \u201cTukums 2000\u201d ar 3:2 uzvar\u0113ja FK \u201cMetta. Divus v\u0101rtus guva Ingars P\u016blis un vi\u0146am tagad ir 16 g\u016bti v\u0101rti. RFS ar 5:1 pieveica BFC \u201cDaugavpils\u201d. Divus v\u0101rtus guva J\u0101nis Ikaunieks un Darko Lemaji\u010ds, kura r\u0113\u0137in\u0101 tagad ir 23 v\u0101rti. FK \u201cAuda\u201d kompens\u0101cijas laika otraj\u0101 min\u016bt\u0113 izr\u0101va uzvaru sp\u0113l\u0113 ar \u201cSuper Nova\u201d un turn\u012bra tabul\u0101 atkal pan\u0101ca Daugavpils komandu.<\/p>\n","protected":false},"excerpt":{"rendered":"FK \u201cGrobi\u0146a\u201d piedz\u012bvoja s\u0101p\u012bgu zaud\u0113jumu no FK \u201cLiep\u0101ja\u201d &#8211; 0:1. Grobi\u0146as komandai jau sp\u0113les s\u0101kum\u0101 bija iesp\u0113ja g\u016bt&hellip;\n","protected":false},"author":2,"featured_media":2607,"comment_status":"","ping_status":"","sticky":false,"template":"","format":"standard","meta":{"footnotes":""},"categories":[17],"tags":[1423,713,35,39,38,36,37,34,40,1297,1422,67],"class_list":{"0":"post-2606","1":"post","2":"type-post","3":"status-publish","4":"format-standard","5":"has-post-thumbnail","7":"category-sports","8":"tag-auda","9":"tag-futbola-virsliga","10":"tag-latvia","11":"tag-latvian","12":"tag-latviesu","13":"tag-latviesu-valoda","14":"tag-latviesuvaloda","15":"tag-latvija","16":"tag-lv","17":"tag-metta","18":"tag-rfs","19":"tag-sports"},"share_on_mastodon":{"url":"","error":""},"_links":{"self":[{"href":"https:\/\/www.europesays.com\/lv\/wp-json\/wp\/v2\/posts\/2606","targetHints":{"allow":["GET"]}}],"collection":[{"href":"https:\/\/www.europesays.com\/lv\/wp-json\/wp\/v2\/posts"}],"about":[{"href":"https:\/\/www.europesays.com\/lv\/wp-json\/wp\/v2\/types\/post"}],"author":[{"embeddable":true,"href":"https:\/\/www.europesays.com\/lv\/wp-json\/wp\/v2\/users\/2"}],"replies":[{"embeddable":true,"href":"https:\/\/www.europesays.com\/lv\/wp-json\/wp\/v2\/comments?post=2606"}],"version-history":[{"count":0,"href":"https:\/\/www.europesays.com\/lv\/wp-json\/wp\/v2\/posts\/2606\/revisions"}],"wp:featuredmedia":[{"embeddable":true,"href":"https:\/\/www.europesays.com\/lv\/wp-json\/wp\/v2\/media\/2607"}],"wp:attachment":[{"href":"https:\/\/www.europesays.com\/lv\/wp-json\/wp\/v2\/media?parent=2606"}],"wp:term":[{"taxonomy":"category","embeddable":true,"href":"https:\/\/www.europesays.com\/lv\/wp-json\/wp\/v2\/categories?post=2606"},{"taxonomy":"post_tag","embeddable":true,"href":"https:\/\/www.europesays.com\/lv\/wp-json\/wp\/v2\/tags?post=2606"}],"curies":[{"name":"wp","href":"https:\/\/api.w.org\/{rel}","templated":true}]}}