{"id":26061,"date":"2025-10-20T07:57:17","date_gmt":"2025-10-20T07:57:17","guid":{"rendered":"https:\/\/www.europesays.com\/lv\/26061\/"},"modified":"2025-10-20T07:57:17","modified_gmt":"2025-10-20T07:57:17","slug":"latvija-sogad-kops-janvara-lidz-augustam-mirusi-80-bernu-un-jauniesu-lidz-20-gadu-vecumam-lente-lv","status":"publish","type":"post","link":"https:\/\/www.europesays.com\/lv\/26061\/","title":{"rendered":"Latvij\u0101 \u0161ogad kop\u0161 janv\u0101ra l\u012bdz augustam miru\u0161i 80 b\u0113rnu un jaunie\u0161u l\u012bdz 20 gadu vecumam\u00a0\u2014\u00a0Lente.lv"},"content":{"rendered":"<p>Atskumdin\u0101ma zi\u0146a: 80 b\u0113rni un jaunie\u0161i Latvij\u0101 nav sasniegu\u0161i pilngad\u012bbu \u0161ogad<\/p>\n<p>\u0160ogad l\u012bdz augusta beig\u0101m Latvij\u0101 zaud\u0113ti 80 b\u0113rnu un jaunie\u0161u dz\u012bv\u012bbas, nesasniedzot 20 gadu vecumu. \u0160is satrauco\u0161ais statistikas fakts, ko apkopojusi Centr\u0101l\u0101 statistikas p\u0101rvalde, liek aizdom\u0101ties par daudziem svar\u012bgiem jaut\u0101jumiem saist\u012bb\u0101 ar m\u016bsu jaun\u0101s paaudzes vesel\u012bbu un dro\u0161\u012bbu.<\/p>\n<p>Tendences un konteksts b\u0113rnu mirst\u012bbas jaut\u0101jumos<\/p>\n<p>Lai gan \u0161ie dati ir \u012bpa\u0161i smeldz\u012bgi, ir svar\u012bgi tos apl\u016bkot pla\u0161\u0101k\u0101 kontekst\u0101. P\u0113d\u0113jos gados Latvij\u0101 nov\u0113rojama tendence, ka b\u0113rnu un jaunie\u0161u kop\u0113jais vesel\u012bbas st\u0101voklis pasliktin\u0101s. Tas izpau\u017eas gan pieaugo\u0161\u0101 mazkust\u012bgum\u0101 un liekaj\u0101 svar\u0101, gan ar\u012b v\u0101j\u0101k\u0101 fiziskaj\u0101 sagatavot\u012bb\u0101. Pasaules Vesel\u012bbas organiz\u0101cijas ieteikto minim\u0101lo fizisko aktivit\u0101\u0161u daudzumu, kas ir viena stunda dien\u0101, sasniedz tikai neliela da\u013ca Latvijas b\u0113rnu, \u012bpa\u0161i tas attiecas uz meiten\u0113m. \u0160\u012bs probl\u0113mas, lai ar\u012b \u0161\u0137ietami ne tie\u0161i saist\u012btas ar let\u0101liem gad\u012bjumiem, tom\u0113r veido pamatu daudz\u0101m vesel\u012bbas probl\u0113m\u0101m, kas var novest pie tra\u0123isk\u0101m sek\u0101m.<\/p>\n<p>Centr\u0101l\u0101s statistikas p\u0101rvaldes dati liecina, ka Latvij\u0101 b\u0113rnu mirst\u012bba ir sare\u017e\u0123\u012bts r\u0101d\u012bt\u0101js, kas atspogu\u013co ne tikai tie\u0161os n\u0101ves c\u0113lo\u0146us, bet ar\u012b visp\u0101r\u0113jo sabiedr\u012bbas vesel\u012bbas st\u0101vokli, vesel\u012bbas apr\u016bpes pieejam\u012bbu un dz\u012bves apst\u0101k\u013cus. Jaundzimu\u0161o un z\u012bdai\u0146u mirst\u012bbas r\u0101d\u012bt\u0101ji, lai ar\u012b kopum\u0101 ir samazin\u0101ju\u0161ies kop\u0161 pag\u0101ju\u0161\u0101 gadsimta devi\u0146desmitajiem gadiem, joproj\u0101m ir svar\u012bgs demogr\u0101fiskais r\u0101d\u012bt\u0101js. B\u0113rnu mirst\u012bbas anal\u012bze atkl\u0101j, ka b\u016btisku ietekmi uz to var atst\u0101t gan iedzimtas slim\u012bbas, gan vesel\u012bbas apr\u016bpes kvalit\u0101te pirms un p\u0113c dzemd\u012bb\u0101m, k\u0101 ar\u012b vec\u0101ku soci\u0101lekonomiskais st\u0101voklis un dz\u012bvesveida izv\u0113les gr\u016btniec\u012bbas laik\u0101.<\/p>\n<p>Situ\u0101cijas uzlabo\u0161anas virzieni un institucion\u0101l\u0101 atbalsts<\/p>\n<p>Latvijas valsts apzin\u0101s \u0161\u012bs probl\u0113mas un str\u0101d\u0101 pie to risin\u0101\u0161anas. Tiek izstr\u0101d\u0101tas strat\u0113\u0123ijas un programmas, lai veicin\u0101tu b\u0113rnu vesel\u012bgu att\u012bst\u012bbu un nodro\u0161in\u0101tu agr\u012bnu prevent\u012bvu atbalstu. Viens no piem\u0113riem ir vald\u012bbas atbalst\u012bt\u0101 agr\u012bn\u0101 prevent\u012bv\u0101 atbalsta pakalpojumu sist\u0113mas izstr\u0101de, kas paredz apm\u0101c\u012bbu un metodisko atbalstu da\u017e\u0101d\u0101m instit\u016bcij\u0101m \u2013 izgl\u012bt\u012bbas iest\u0101d\u0113m, \u0101rstniec\u012bbas iest\u0101d\u0113m, soci\u0101lajiem dienestiem un b\u0101ri\u0146ties\u0101m. \u0160\u012b sist\u0113ma m\u0113r\u0137\u0113 uz to, lai risin\u0101tu probl\u0113mas prevent\u012bvi, pirms t\u0101s ir rad\u012bju\u0161as nopietnas gr\u016bt\u012bbas.<\/p>\n<p>Tiek veikti ar\u012b p\u0113t\u012bjumi un apkopoti dati par b\u0113rnu un pusaud\u017eu vesel\u012bbas st\u0101vokli. Piem\u0113ram, Slim\u012bbu profilakses un kontroles centrs regul\u0101ri sagatavo informat\u012bvus p\u0101rskatus, kuros analiz\u0113 demogr\u0101fiju, vesel\u012bbas paradumus, saslimst\u012bbu un mirst\u012bbu. \u0160\u0101da inform\u0101cija ir \u013coti v\u0113rt\u012bga, lai izprastu tendences un noteiktu efekt\u012bv\u0101kos risin\u0101jumus.<\/p>\n<p>Vesel\u012bbas apr\u016bpe un profilakse b\u0113rniem<\/p>\n<p>Lai gan daudzi b\u0113rni savu vesel\u012bbu v\u0113rt\u0113 k\u0101 labu vai \u013coti labu, ir svar\u012bgi nodro\u0161in\u0101t pilnv\u0113rt\u012bgu vesel\u012bbas apr\u016bpi un profilaksi visiem. Nacion\u0101lais vesel\u012bbas dienests sniedz inform\u0101ciju par b\u0113rnu vesel\u012bbas apr\u016bpes pakalpojumiem, s\u0101kot no profilaktiskaj\u0101m apskat\u0113m pie \u0123imenes \u0101rsta un vakcin\u0101cijas l\u012bdz pat specifisk\u0101m p\u0101rbaud\u0113m, piem\u0113ram, dzirdes p\u0101rbaudei jaundzimu\u0161ajiem. Svar\u012bgi ir ar\u012b veicin\u0101t b\u0113rnu fizisko aktivit\u0101ti un vesel\u012bgu dz\u012bvesveidu, jo tas ir pamats ilgtermi\u0146a vesel\u012bbai un labkl\u0101j\u012bbai.<\/p>\n<p>Lai gan mirst\u012bba no onkolo\u0123iskaj\u0101m slim\u012bb\u0101m b\u0113rniem Latvij\u0101 nav nov\u0113rota pieauguma tendence, tom\u0113r tas joproj\u0101m ir viens no nopietnajiem vesel\u012bbas izaicin\u0101jumiem. Valsts pieliek p\u016bles, lai uzlabotu onkolo\u0123ijas pacientu vesel\u012bbas apr\u016bpi, piem\u0113ram, ieviestot e-vesel\u012bbas sist\u0113m\u0101 v\u0113\u017ea pacienta karti un uzlabojot z\u0101\u013cu pieejam\u012bbu.<\/p>\n<p>Secin\u0101jumi un aicin\u0101jums<\/p>\n<p>\u0160\u012b statistika par zaud\u0113taj\u0101m jaunaj\u0101m dz\u012bv\u012bb\u0101m ir skumja atg\u0101din\u0101jums par to, cik svar\u012bgi ir nep\u0101rtraukti r\u016bp\u0113ties par m\u016bsu b\u0113rnu un jaunie\u0161u vesel\u012bbu un dro\u0161\u012bbu. Tas prasa gan individu\u0101lu atbild\u012bbu no vec\u0101kiem un jaunie\u0161iem, gan ar\u012b efekt\u012bvu valsts politiku vesel\u012bbas, izgl\u012bt\u012bbas un soci\u0101l\u0101s jom\u0101s. Kop\u012bgiem sp\u0113kiem m\u0113s varam censties nodro\u0161in\u0101t lab\u0101ku n\u0101kotni m\u016bsu jaunajai paaudzei.<\/p>\n","protected":false},"excerpt":{"rendered":"Atskumdin\u0101ma zi\u0146a: 80 b\u0113rni un jaunie\u0161i Latvij\u0101 nav sasniegu\u0161i pilngad\u012bbu \u0161ogad \u0160ogad l\u012bdz augusta beig\u0101m Latvij\u0101 zaud\u0113ti 80&hellip;\n","protected":false},"author":2,"featured_media":26062,"comment_status":"","ping_status":"","sticky":false,"template":"","format":"standard","meta":{"footnotes":""},"categories":[12],"tags":[23,8121,8124,28,29,4715,32,33,22,8123,30,31,35,39,38,36,37,34,8122,40,20,26,27,24,25,21],"class_list":{"0":"post-26061","1":"post","2":"type-post","3":"status-publish","4":"format-standard","5":"has-post-thumbnail","7":"category-latvija","8":"tag-aktualitates","9":"tag-bernu-mirstiba","10":"tag-bernu-veseliba","11":"tag-breaking-news","12":"tag-breakingnews","13":"tag-centrala-statistikas-parvalde","14":"tag-featured-news","15":"tag-featurednews","16":"tag-headlines","17":"tag-jauniesu-veseliba","18":"tag-latest-news","19":"tag-latestnews","20":"tag-latvia","21":"tag-latvian","22":"tag-latviesu","23":"tag-latviesu-valoda","24":"tag-latviesuvaloda","25":"tag-latvija","26":"tag-latvijas-statistika","27":"tag-lv","28":"tag-news","29":"tag-popularakas-zinas","30":"tag-popularakaszinas","31":"tag-top-stories","32":"tag-topstories","33":"tag-zinas"},"share_on_mastodon":{"url":"","error":""},"_links":{"self":[{"href":"https:\/\/www.europesays.com\/lv\/wp-json\/wp\/v2\/posts\/26061","targetHints":{"allow":["GET"]}}],"collection":[{"href":"https:\/\/www.europesays.com\/lv\/wp-json\/wp\/v2\/posts"}],"about":[{"href":"https:\/\/www.europesays.com\/lv\/wp-json\/wp\/v2\/types\/post"}],"author":[{"embeddable":true,"href":"https:\/\/www.europesays.com\/lv\/wp-json\/wp\/v2\/users\/2"}],"replies":[{"embeddable":true,"href":"https:\/\/www.europesays.com\/lv\/wp-json\/wp\/v2\/comments?post=26061"}],"version-history":[{"count":0,"href":"https:\/\/www.europesays.com\/lv\/wp-json\/wp\/v2\/posts\/26061\/revisions"}],"wp:featuredmedia":[{"embeddable":true,"href":"https:\/\/www.europesays.com\/lv\/wp-json\/wp\/v2\/media\/26062"}],"wp:attachment":[{"href":"https:\/\/www.europesays.com\/lv\/wp-json\/wp\/v2\/media?parent=26061"}],"wp:term":[{"taxonomy":"category","embeddable":true,"href":"https:\/\/www.europesays.com\/lv\/wp-json\/wp\/v2\/categories?post=26061"},{"taxonomy":"post_tag","embeddable":true,"href":"https:\/\/www.europesays.com\/lv\/wp-json\/wp\/v2\/tags?post=26061"}],"curies":[{"name":"wp","href":"https:\/\/api.w.org\/{rel}","templated":true}]}}