{"id":26073,"date":"2025-10-20T08:04:08","date_gmt":"2025-10-20T08:04:08","guid":{"rendered":"https:\/\/www.europesays.com\/lv\/26073\/"},"modified":"2025-10-20T08:04:08","modified_gmt":"2025-10-20T08:04:08","slug":"nakti-izcelies-plass-ugunsgreks-bernudarza-bitite-saulkrastu-puse","status":"publish","type":"post","link":"https:\/\/www.europesays.com\/lv\/26073\/","title":{"rendered":"Nakt\u012b izc\u0113lies pla\u0161s ugunsgr\u0113ks b\u0113rnud\u0101rz\u0101 &#8220;Bit\u012bte&#8221; Saulkrastu pus\u0113"},"content":{"rendered":"<p>Aptuveni stundu pirms pusnakts <a href=\"https:\/\/www.tvnet.lv\/term\/555464\/vugd\" class=\"topicLink\" target=\"_blank\" rel=\"nofollow noopener\">VUGD<\/a> sa\u0146\u0113ma izsaukumu uz Saulkrastu novada S\u0113jas pagastu, kur dega divst\u0101vu izgl\u012bt\u012bbas objekta jumts, b\u0113ni\u0146i, k\u0101 ar\u012b \u0113kas \u0101r\u0113j\u0101s k\u0101pnes. Ugunsgr\u0113ka kop\u0113j\u0101 deg\u0161anas plat\u012bba bija 405 kvadr\u0101tmetri, inform\u0113ja Valsts ugunsdz\u0113s\u012bbas un gl\u0101b\u0161anas dienest\u0101 (VUGD).<\/p>\n<p>Ugunsgr\u0113ka likvid\u0101cij\u0101 iesaist\u012bj\u0101s ar\u012b In\u010dukalna un Krimuldas br\u012bvpr\u0101t\u012bgo ugunsdz\u0113s\u0113ju biedr\u012bbas. Veicot dz\u0113\u0161anas darbus, cieta gl\u0101b\u0113js.<\/p>\n<p><a href=\"https:\/\/www.tvnet.lv\/term\/555502\/ugunsgreks\" class=\"topicLink\" target=\"_blank\" rel=\"nofollow noopener\">Ugunsgr\u0113ks<\/a> likvid\u0113ts \u0161or\u012bt plkst. 06.53.<\/p>\n<p>Saulkrastu novada pa\u0161vald\u012bbas pazi\u0146ojum\u0101 teikts, ka izdegusi ir \u0113kas viena da\u013ca, bet otra da\u013ca ir da\u013c\u0113ji appludin\u0101ta. \u0112kas ir apdro\u0161in\u0101tas.<\/p>\n<p>B\u0113rnud\u0101rzu apmekl\u0113 vair\u0101k nek\u0101 110 b\u0113rnu. Saulkrastu novada pa\u0161vald\u012bba pa\u0161laik mekl\u0113 risin\u0101jumus, kur izvietot b\u0113rnus, a\u0123ent\u016bra LETA uzzin\u0101ja pa\u0161vald\u012bb\u0101. \u0160obr\u012bd tiekot nov\u0113rt\u0113ta situ\u0101cija un izskat\u012bti piem\u0113rot\u0101kie risin\u0101jumi.<\/p>\n<p>Pa\u0161laik b\u0113rnud\u0101rza b\u0113rni ir m\u0101j\u0101s ar vec\u0101kiem, bet pa\u0161vald\u012bba mekl\u0113s iesp\u0113jas \u0101tr\u0101k ats\u0101k sniegt b\u0113rnud\u0101rza pakalpojumus, nor\u0101d\u012bja vietvar\u0101. Pa\u0161vald\u012bbas vad\u012bba ar\u012b dosies apsekot ugunsgr\u0113k\u0101 cietu\u0161o b\u0113rnud\u0101rzu.<\/p>\n","protected":false},"excerpt":{"rendered":"Aptuveni stundu pirms pusnakts VUGD sa\u0146\u0113ma izsaukumu uz Saulkrastu novada S\u0113jas pagastu, kur dega divst\u0101vu izgl\u012bt\u012bbas objekta jumts,&hellip;\n","protected":false},"author":2,"featured_media":26074,"comment_status":"","ping_status":"","sticky":false,"template":"","format":"standard","meta":{"footnotes":""},"categories":[5],"tags":[23,5928,28,29,32,33,22,30,31,35,39,38,36,37,34,40,20,26,27,24,25,377,4909,4908,21],"class_list":{"0":"post-26073","1":"post","2":"type-post","3":"status-publish","4":"format-standard","5":"has-post-thumbnail","7":"category-aktualitates","8":"tag-aktualitates","9":"tag-bernudarzs","10":"tag-breaking-news","11":"tag-breakingnews","12":"tag-featured-news","13":"tag-featurednews","14":"tag-headlines","15":"tag-latest-news","16":"tag-latestnews","17":"tag-latvia","18":"tag-latvian","19":"tag-latviesu","20":"tag-latviesu-valoda","21":"tag-latviesuvaloda","22":"tag-latvija","23":"tag-lv","24":"tag-news","25":"tag-popularakas-zinas","26":"tag-popularakaszinas","27":"tag-top-stories","28":"tag-topstories","29":"tag-ugunsgreks","30":"tag-valsts-ugunsdzesibas-un-glabsanas-dienests-vugd","31":"tag-vugd","32":"tag-zinas"},"share_on_mastodon":{"url":"","error":""},"_links":{"self":[{"href":"https:\/\/www.europesays.com\/lv\/wp-json\/wp\/v2\/posts\/26073","targetHints":{"allow":["GET"]}}],"collection":[{"href":"https:\/\/www.europesays.com\/lv\/wp-json\/wp\/v2\/posts"}],"about":[{"href":"https:\/\/www.europesays.com\/lv\/wp-json\/wp\/v2\/types\/post"}],"author":[{"embeddable":true,"href":"https:\/\/www.europesays.com\/lv\/wp-json\/wp\/v2\/users\/2"}],"replies":[{"embeddable":true,"href":"https:\/\/www.europesays.com\/lv\/wp-json\/wp\/v2\/comments?post=26073"}],"version-history":[{"count":0,"href":"https:\/\/www.europesays.com\/lv\/wp-json\/wp\/v2\/posts\/26073\/revisions"}],"wp:featuredmedia":[{"embeddable":true,"href":"https:\/\/www.europesays.com\/lv\/wp-json\/wp\/v2\/media\/26074"}],"wp:attachment":[{"href":"https:\/\/www.europesays.com\/lv\/wp-json\/wp\/v2\/media?parent=26073"}],"wp:term":[{"taxonomy":"category","embeddable":true,"href":"https:\/\/www.europesays.com\/lv\/wp-json\/wp\/v2\/categories?post=26073"},{"taxonomy":"post_tag","embeddable":true,"href":"https:\/\/www.europesays.com\/lv\/wp-json\/wp\/v2\/tags?post=26073"}],"curies":[{"name":"wp","href":"https:\/\/api.w.org\/{rel}","templated":true}]}}