{"id":26087,"date":"2025-10-20T08:11:09","date_gmt":"2025-10-20T08:11:09","guid":{"rendered":"https:\/\/www.europesays.com\/lv\/26087\/"},"modified":"2025-10-20T08:11:09","modified_gmt":"2025-10-20T08:11:09","slug":"valodas-vienkarsosanas-un-pasaules-nenoteiktiba-lente-lv","status":"publish","type":"post","link":"https:\/\/www.europesays.com\/lv\/26087\/","title":{"rendered":"valodas vienk\u0101r\u0161o\u0161an\u0101s un pasaules nenoteikt\u012bba\u00a0\u2014\u00a0Lente.lv"},"content":{"rendered":"<p>Jaun\u0101 paaudze run\u0101: &#8220;Das crazy&#8221; \u2013 2025. gada V\u0101cu jaunie\u0161u v\u0101rds<\/p>\n<p>V\u0101cu jaunie\u0161i ir izv\u0113l\u0113ju\u0161ies savu 2025. gada v\u0101rdu, un tas ir &#8220;Das crazy&#8221;. \u0160is izteiciens, kas aizst\u0101j iepriek\u0161 ierasto &#8220;Das ist verr\u00fcckt&#8221; (Tas ir traki), apliecina ne tikai valodas vienk\u0101r\u0161o\u0161anos, bet ar\u012b dzi\u013c\u0101ku koment\u0101ru par pasaules nenoteikt\u012bbu.<\/p>\n<p>Valodas evol\u016bcija un &#8220;Das crazy&#8221; fenomens<\/p>\n<p>Ilggad\u0113j\u0101 v\u0101cu jaunie\u0161u tendence izv\u0113l\u0113ties gada v\u0101rdu ir devusi mums aizraujo\u0161u ieskatu vi\u0146u valodas pasaul\u0113. \u0160ogad par uzvar\u0113t\u0101ju ir k\u013cuvis &#8220;Das crazy&#8221;, kas ir ne tikai gramatiski at\u0161\u0137ir\u012bgs, bet ar\u012b lingvistiski interesants. Tas ir piem\u0113rs tam, k\u0101 ang\u013cu valodas ietekme un v\u0113lme p\u0113c vienk\u0101r\u0161\u012bbas p\u0101r\u0146em jaunie\u0161u leksiku. &#8220;Das crazy&#8221; ir k\u013cuvis par univers\u0101lu r\u012bku, ko lieto br\u012b\u017eos, kad tr\u016bkst v\u0101rdu, nav v\u0113lmes atbild\u0113t vai vienk\u0101r\u0161i gribas saglab\u0101t piekl\u0101j\u012bbu sarun\u0101.<\/p>\n<p>Iz\u0161\u0137iro\u0161\u0101 balso\u0161ana un konkurence<\/p>\n<p>Frankfurtes gr\u0101matu tirg\u016b Langenscheidt Verlag pazi\u0146oja rezult\u0101tus. Divi miljoni jaunie\u0161u vecum\u0101 no 11 l\u012bdz 20 gadiem piedal\u012bj\u0101s tie\u0161saistes balsojum\u0101, lai noteiktu uzvar\u0113t\u0101ju. &#8220;Das crazy&#8221; ieguva p\u0101rliecino\u0161u 35,7% balsu, atst\u0101jot aiz sevis t\u0101dus konkurentus k\u0101 &#8220;goonen&#8221; un &#8220;checkst du&#8221;.<\/p>\n<p>Citi iev\u0113rojamie v\u0101rdi un to noz\u012bme<\/p>\n<p>\u0160ogad uzman\u012bbu piesaist\u012bja ar\u012b &#8220;goonen&#8221;, kas apz\u012bm\u0113 ilgsto\u0161u masturb\u0101ciju vai p\u0101rm\u0113r\u012bgu pornogr\u0101fijas lieto\u0161anu. Langenscheidt komiteja atzina, ka ir svar\u012bgi b\u016bt atkl\u0101tiem par seksu\u0101liem tematiem, ta\u010du vienlaikus br\u012bdin\u0101ja par iesp\u0113jamo dopam\u012bna atkar\u012bbu un nevesel\u012bg\u0101m seksu\u0101l\u0101s dz\u012bves izpratn\u0113m. &#8220;Checkst du&#8221;, kas ir &#8220;Vai tu saproti?&#8221; variants, tika izmantots, lai p\u0101rliecin\u0101tos, ka sarunas biedrs joproj\u0101m ir iesaist\u012bts. \u0160ie v\u0101rdi atspogu\u013co ne tikai ang\u013cu valodas ietekmi, bet ar\u012b interneta kult\u016bras nenoliedzamo sp\u0113ku jaunie\u0161u valod\u0101.<\/p>\n<p>Pag\u0101tnes uzvar\u0113t\u0101ji un valodas tendences<\/p>\n<p>&#8220;Das crazy&#8221; nav vien\u012bgais pier\u0101d\u012bjums valodas att\u012bst\u012bbai. Pag\u0101ju\u0161\u0101 gada uzvar\u0113t\u0101js &#8220;Aura&#8221; (apz\u012bm\u0113jot harizmu) sekoja 2023. gada v\u0101rdam &#8220;goofy&#8221; (atsaucoties uz neveikli). Iepriek\u0161\u0113jos gados ir biju\u0161i ar\u012b t\u0101di v\u0101rdi k\u0101 &#8220;smash&#8221; (2022. gad\u0101, seksa kontekst\u0101), &#8220;cringe&#8221; (2021. gad\u0101, apz\u012bm\u0113jot apmulsumu) un &#8220;lost&#8221; (2020. gad\u0101, nor\u0101dot uz perspekt\u012bvas tr\u016bkumu). Visi \u0161ie v\u0101rdi kop\u0101 veido bag\u0101t\u012bgu lingvistisko ainavu, kas raksturo m\u016bsdienu jaunie\u0161u izpratni par pasauli.<\/p>\n<p>Internets un glob\u0101l\u0101 kult\u016bra: jaunie\u0161u valodas virz\u012bt\u0101jsp\u0113ki<\/p>\n<p>Interesanti ir tas, ka &#8220;Das crazy&#8221; var atrast gandr\u012bz vis\u0101s soci\u0101lo mediju platform\u0101s, kas liecina par interneta kult\u016bras dominanci. \u0160is v\u0101rds ar\u012b par\u0101da, ka pasaule k\u013c\u016bst arvien &#8220;trak\u0101ka&#8221;, un jauni veidi, k\u0101 izteikt \u0161o nenoteikt\u012bbu, ir nevis tikai noder\u012bgi, bet, diem\u017e\u0113l, ar\u012b nepiecie\u0161ami. Konkurss &#8220;Gada jaunie\u0161u v\u0101rds&#8221; norisin\u0101s kop\u0161 2008. gada, un kop\u0161 2020. gada taj\u0101 var piedal\u012bties tikai jaunie\u0161i vecum\u0101 no 11 l\u012bdz 20 gadiem, nodro\u0161inot, ka izv\u0113l\u0113tais v\u0101rds patie\u0161\u0101m atspogu\u013co vi\u0146u valodas kult\u016bru.<\/p>\n","protected":false},"excerpt":{"rendered":"Jaun\u0101 paaudze run\u0101: &#8220;Das crazy&#8221; \u2013 2025. gada V\u0101cu jaunie\u0161u v\u0101rds V\u0101cu jaunie\u0161i ir izv\u0113l\u0113ju\u0161ies savu 2025. gada&hellip;\n","protected":false},"author":2,"featured_media":26088,"comment_status":"","ping_status":"","sticky":false,"template":"","format":"standard","meta":{"footnotes":""},"categories":[19],"tags":[8136,89,8135,90,8133,35,39,38,36,37,34,40,299,8134],"class_list":{"0":"post-26087","1":"post","2":"type-post","3":"status-publish","4":"format-standard","5":"has-post-thumbnail","7":"category-izklaide","8":"tag-das-crazy","9":"tag-entertainment","10":"tag-interneta-kultura","11":"tag-izklaide","12":"tag-jauniesu-vards","13":"tag-latvia","14":"tag-latvian","15":"tag-latviesu","16":"tag-latviesu-valoda","17":"tag-latviesuvaloda","18":"tag-latvija","19":"tag-lv","20":"tag-vacija","21":"tag-valodas-tendences"},"share_on_mastodon":{"url":"","error":""},"_links":{"self":[{"href":"https:\/\/www.europesays.com\/lv\/wp-json\/wp\/v2\/posts\/26087","targetHints":{"allow":["GET"]}}],"collection":[{"href":"https:\/\/www.europesays.com\/lv\/wp-json\/wp\/v2\/posts"}],"about":[{"href":"https:\/\/www.europesays.com\/lv\/wp-json\/wp\/v2\/types\/post"}],"author":[{"embeddable":true,"href":"https:\/\/www.europesays.com\/lv\/wp-json\/wp\/v2\/users\/2"}],"replies":[{"embeddable":true,"href":"https:\/\/www.europesays.com\/lv\/wp-json\/wp\/v2\/comments?post=26087"}],"version-history":[{"count":0,"href":"https:\/\/www.europesays.com\/lv\/wp-json\/wp\/v2\/posts\/26087\/revisions"}],"wp:featuredmedia":[{"embeddable":true,"href":"https:\/\/www.europesays.com\/lv\/wp-json\/wp\/v2\/media\/26088"}],"wp:attachment":[{"href":"https:\/\/www.europesays.com\/lv\/wp-json\/wp\/v2\/media?parent=26087"}],"wp:term":[{"taxonomy":"category","embeddable":true,"href":"https:\/\/www.europesays.com\/lv\/wp-json\/wp\/v2\/categories?post=26087"},{"taxonomy":"post_tag","embeddable":true,"href":"https:\/\/www.europesays.com\/lv\/wp-json\/wp\/v2\/tags?post=26087"}],"curies":[{"name":"wp","href":"https:\/\/api.w.org\/{rel}","templated":true}]}}