{"id":26093,"date":"2025-10-20T08:15:12","date_gmt":"2025-10-20T08:15:12","guid":{"rendered":"https:\/\/www.europesays.com\/lv\/26093\/"},"modified":"2025-10-20T08:15:12","modified_gmt":"2025-10-20T08:15:12","slug":"kas-tuvakaja-nakotne-notiks-ar-cenuklubs-veikaliem-tvnet","status":"publish","type":"post","link":"https:\/\/www.europesays.com\/lv\/26093\/","title":{"rendered":"Kas tuv\u0101kaj\u0101 n\u0101kotn\u0113 notiks ar &quot;Cenuklubs&quot; veikaliem? &#8211; TVNET"},"content":{"rendered":"<ol>\n<li><a href=\"https:\/\/news.google.com\/rss\/articles\/CBMihgFBVV95cUxOVmhiWnJESnNmYjhZQjUyX1ZmNTRTX1ZCSUhyUkVCSXZzY09zbnNYNmxXTXU2aEticm5ZYmVEbTdZMXd5WkgwNTZpenlscUZTTHV3eUlmeHRWZkNJR1NDWlRwVDBMdUtqYXZTRnVSQzhwTldnMVR0LXFIS1dySUhjc2hSUUJiUQ?oc=5\" target=\"_blank\" rel=\"nofollow noopener\">Kas tuv\u0101kaj\u0101 n\u0101kotn\u0113 notiks ar &#8220;Cenuklubs&#8221; veikaliem?<\/a>&nbsp;&nbsp;TVNET<\/li>\n<li><a href=\"https:\/\/news.google.com\/rss\/articles\/CBMiwgFBVV95cUxQd083TmpLZWc0UHgtZlZPNzFBSDljTmZabC1ZTWwwandRcmtFT3BILXBuYXE5dDVDeDhHMWxJWFN5LTVkemQ5TFhlSUVXMi0wV0R6R2FlbHFwWl8zT0lMYlV5cmtBdDlvQnk0NmJlazc3UEliM2dqTzJGbTFTcnBKc0RFdmY4OVZKNEFrUldTa2hEZU9yQ3lia3F1anRVdGhQQVdvVTRERkJrVEd5NGRzWmVlQlNfMTQzS2RMZGRVVzhZUQ?oc=5\" target=\"_blank\" rel=\"nofollow noopener\">M\u0101jsaimniec\u012bbas pre\u010du veikalu t\u012bkls &#8220;Cenuklubs&#8221; k\u013c\u016bst par v\u0113sturi<\/a>&nbsp;&nbsp;Delfi<\/li>\n<li><a href=\"https:\/\/news.google.com\/rss\/articles\/CBMiswFBVV95cUxPTWJrdnhhcW1DbURsb0tCcjQxRjh0UjJIS29TV3NCNnpnU1BtYUh4ajllcTNUZ0lBWmwtSFBNZnBqSmlNWUtZcGk0YmhidHdjRnBFbDNaQlk2NE1QUTY4R2h3NXFnaXZyaXJCVmhNNFZYOW1MYno0MDZRcjE0UzhSSWtWTGw1YVRoa1dHVTBTWnRndFJFMmZhZnpGbHg0dkZwTW5mUVJWemRIdUk1TkE4Umxndw?oc=5\" target=\"_blank\" rel=\"nofollow noopener\">Vai &#8220;Cenuklubs&#8221; veikaliem pien\u0101cis gals? Paties\u012bba par uz\u0146\u0113muma p\u0101rdo\u0161anu<\/a>&nbsp;&nbsp;Lente.lv<\/li>\n<li><a href=\"https:\/\/news.google.com\/rss\/articles\/CBMi7wJBVV95cUxOWVVIRTFheTRKLTlDQ3VSYjhWT2J5SGw5VVZPT2lhOFUtY2dNNGJuX3hkSnVDU0JxTDFKNy10UkZITG5DbFpiQkxjOEpFbGp0czNMc1hvM3J6SjQ1ZHNpWU1tQm5FMTBXOHVqZXVjU19nb2xZZHZTeWVFSXpXTDJ6d05DcHBpSHJxS1hxRW1DcFRHRXVYZ1RLQTFMU1AyenFENUFBVk1NdGZYM2NSa0FBYmZTc0pQOWZpbDRQaXFRVG1FWFBDN3NPQjcxRTlyTmdmVHZtdF9PLWhma0VwYjdURWNCbkYzbGhoeldtcEN6TDVaSVFheUZGcmlxRHF6UHdIVkdjNEhPVGpXR2RrSXJNamg1X2Q2emx5RXdLbXcxYURGRHQ3TGpPWGpweWRYLUNKN0lKY296Q3NxY2JjY0tKQUdfWjAtOGZpbzFzTF9PNFMzakhkZjl6YUZGd0lQQzBQSzBPWEU2TlU5YWdGYWw4?oc=5\" target=\"_blank\" rel=\"nofollow noopener\">Kl\u012bst baumas par &#8220;Cenuklubs&#8221; veikalu sl\u0113g\u0161anu. Vai t\u0101 ir taisn\u012bba?<\/a>&nbsp;&nbsp;Jauns.lv<\/li>\n<\/ol>\n","protected":false},"excerpt":{"rendered":"Kas tuv\u0101kaj\u0101 n\u0101kotn\u0113 notiks ar &#8220;Cenuklubs&#8221; veikaliem?&nbsp;&nbsp;TVNET M\u0101jsaimniec\u012bbas pre\u010du veikalu t\u012bkls &#8220;Cenuklubs&#8221; k\u013c\u016bst par v\u0113sturi&nbsp;&nbsp;Delfi Vai &#8220;Cenuklubs&#8221; veikaliem&hellip;\n","protected":false},"author":2,"featured_media":26094,"comment_status":"","ping_status":"","sticky":false,"template":"","format":"standard","meta":{"footnotes":""},"categories":[12],"tags":[23,77,28,29,32,33,22,30,31,35,39,38,36,37,34,8137,40,20,26,27,24,25,8031,21],"class_list":{"0":"post-26093","1":"post","2":"type-post","3":"status-publish","4":"format-standard","5":"has-post-thumbnail","7":"category-latvija","8":"tag-aktualitates","9":"tag-bizness","10":"tag-breaking-news","11":"tag-breakingnews","12":"tag-featured-news","13":"tag-featurednews","14":"tag-headlines","15":"tag-latest-news","16":"tag-latestnews","17":"tag-latvia","18":"tag-latvian","19":"tag-latviesu","20":"tag-latviesu-valoda","21":"tag-latviesuvaloda","22":"tag-latvija","23":"tag-lielveikali","24":"tag-lv","25":"tag-news","26":"tag-popularakas-zinas","27":"tag-popularakaszinas","28":"tag-top-stories","29":"tag-topstories","30":"tag-veikali","31":"tag-zinas"},"share_on_mastodon":{"url":"","error":""},"_links":{"self":[{"href":"https:\/\/www.europesays.com\/lv\/wp-json\/wp\/v2\/posts\/26093","targetHints":{"allow":["GET"]}}],"collection":[{"href":"https:\/\/www.europesays.com\/lv\/wp-json\/wp\/v2\/posts"}],"about":[{"href":"https:\/\/www.europesays.com\/lv\/wp-json\/wp\/v2\/types\/post"}],"author":[{"embeddable":true,"href":"https:\/\/www.europesays.com\/lv\/wp-json\/wp\/v2\/users\/2"}],"replies":[{"embeddable":true,"href":"https:\/\/www.europesays.com\/lv\/wp-json\/wp\/v2\/comments?post=26093"}],"version-history":[{"count":0,"href":"https:\/\/www.europesays.com\/lv\/wp-json\/wp\/v2\/posts\/26093\/revisions"}],"wp:featuredmedia":[{"embeddable":true,"href":"https:\/\/www.europesays.com\/lv\/wp-json\/wp\/v2\/media\/26094"}],"wp:attachment":[{"href":"https:\/\/www.europesays.com\/lv\/wp-json\/wp\/v2\/media?parent=26093"}],"wp:term":[{"taxonomy":"category","embeddable":true,"href":"https:\/\/www.europesays.com\/lv\/wp-json\/wp\/v2\/categories?post=26093"},{"taxonomy":"post_tag","embeddable":true,"href":"https:\/\/www.europesays.com\/lv\/wp-json\/wp\/v2\/tags?post=26093"}],"curies":[{"name":"wp","href":"https:\/\/api.w.org\/{rel}","templated":true}]}}