{"id":26104,"date":"2025-10-20T08:23:09","date_gmt":"2025-10-20T08:23:09","guid":{"rendered":"https:\/\/www.europesays.com\/lv\/26104\/"},"modified":"2025-10-20T08:23:09","modified_gmt":"2025-10-20T08:23:09","slug":"kima-kardasjana-parsteidz-ar-bezsejas-telu-kinoakademijas-muzeja-pasakuma","status":"publish","type":"post","link":"https:\/\/www.europesays.com\/lv\/26104\/","title":{"rendered":"Kima Karda\u0161jana p\u0101rsteidz ar &#8220;bezsejas&#8221; t\u0113lu Kinoakad\u0113mijas muzeja pas\u0101kum\u0101"},"content":{"rendered":"<p>Karda\u0161jana bija t\u0113rpusies miesas kr\u0101sas &#8220;Maison Margiela&#8221; modes ansambl\u012b, kura galvenais elements bija maska, kas nosedza visu seju, padarot vi\u0146as vaibstus neatpaz\u012bstamus. \u0160is &#8220;bezsejas&#8221; t\u0113ls lika viesiem un fotogr\u0101fiem min\u0113t, kas sl\u0113pjas aiz ekstravagant\u0101 t\u0113rpa, un ir izrais\u012bjis pla\u0161u rezonansi medijos.<\/p>\n<p><img decoding=\"async\" class=\"figure__image\" onclick=\"triggerEvent('articleImageClick', { id: 17225487, focus: 'single-image', focusIndex: '17225487' })\" onkeydown=\"if (event.key === 'Enter') {&#10;        triggerEvent('articleImageClick', { id: 17225487, focus: 'single-image', focusIndex: '17225487' })&#10;        }\" role=\"button\" tabindex=\"0\" data-focus-from=\"single-image\" data-focus-index=\"17225487\" src=\"https:\/\/www.europesays.com\/lv\/wp-content\/uploads\/2025\/10\/17225487t1hb370.jpg\" onload=\"this.parentElement.classList.remove('figure__image-loading')\" alt=\"Kimas Karda\u0161janas ekstravagantais t\u0113rps\"\/>Kimas Karda\u0161janas ekstravagantais t\u0113rps Foto: AFP \/ Scanpix<\/p>\n<p>Lai gan Karda\u0161janas t\u0113rps neap\u0161aub\u0101mi bija vakara apspriest\u0101kais, tas rad\u012bja ar\u012b praktiskas gr\u016bt\u012bbas. K\u0101 zi\u0146ots, zvaigznei bija apgr\u016btin\u0101ta redzam\u012bba, un, dodoties uz pas\u0101kumu, vi\u0146a gandr\u012bz paklupa.<\/p>\n<p>Kinoakad\u0113mijas muzeja gal\u0101 pulc\u0113j\u0101s Holivudas zvaig\u017e\u0146u elite. Viesu vid\u016b bija man\u0101mas t\u0101das slaven\u012bbas k\u0101 Kendala D\u017eenere, Heilija B\u012bbere, D\u017eena Ortega un Zoja Kravica, ta\u010du tie\u0161i <a href=\"https:\/\/www.apollo.lv\/term\/556091\/kima-kardasjana\" class=\"topicLink\" target=\"_blank\" rel=\"nofollow noopener\">Kima Karda\u0161jana<\/a> ar savu radik\u0101lo modes izv\u0113li k\u013cuva par vakara centr\u0101lo fig\u016bru.<\/p>\n<p>\u0160\u012b nav pirm\u0101 reize, kad Karda\u0161jana izv\u0113las piln\u012bb\u0101 aizkl\u0101t seju. L\u012bdz\u012bgu uzman\u012bbu vi\u0146a piesaist\u012bja 2021. gada &#8220;Met Gala&#8221; pas\u0101kum\u0101, kad ierad\u0101s meln\u0101 Balenciaga t\u0113rp\u0101, kas nosedza vi\u0146u no galvas l\u012bdz k\u0101j\u0101m. Daudzi fani soci\u0101lajos t\u012bklos jaun\u0101ko t\u0113lu sal\u012bdzin\u0101ja ar vi\u0146as biju\u0161\u0101 v\u012bra Kanjes Vesta, kas \u0161obr\u012bd sevi d\u0113v\u0113 par Je, iecien\u012bto stilu. Ar\u012b vi\u0146\u0161 bie\u017ei par\u0101d\u0101s publiski ar aizkl\u0101tu seju.<\/p>\n<p>Kinoakad\u0113mijas muzeja gal\u0101, kas tiek d\u0113v\u0113ta ar\u012b par &#8220;Rietumkrasta Met Galu&#8221;, ir noz\u012bm\u012bgs labdar\u012bbas pas\u0101kums, kura m\u0113r\u0137is ir v\u0101kt l\u012bdzek\u013cus muzeja izst\u0101d\u0113m un izgl\u012bt\u012bbas programm\u0101m. \u0160ogad tika sav\u0101kti vair\u0101k nek\u0101 12 miljoni dol\u0101ru. Pas\u0101kum\u0101 tika godin\u0101ti t\u0101di industrijas profesion\u0101\u013ci k\u0101 aktrise Penelope Krusa, m\u016bzi\u0137is Br\u016bss Springst\u012bns, re\u017eisors Valters Salless un komi\u0137is Bouens Jangs. Viesu vid\u016b bija neskait\u0101mas Holivudas zvaigznes, tostarp D\u017eena Ortega, Kendala D\u017eenere, Heilija B\u012bbere, Sel\u0113na Gomesa un daudzi citi.<\/p>\n","protected":false},"excerpt":{"rendered":"Karda\u0161jana bija t\u0113rpusies miesas kr\u0101sas &#8220;Maison Margiela&#8221; modes ansambl\u012b, kura galvenais elements bija maska, kas nosedza visu seju,&hellip;\n","protected":false},"author":2,"featured_media":26105,"comment_status":"","ping_status":"","sticky":false,"template":"","format":"standard","meta":{"footnotes":""},"categories":[19],"tags":[89,90,3398,35,39,38,36,37,34,40],"class_list":{"0":"post-26104","1":"post","2":"type-post","3":"status-publish","4":"format-standard","5":"has-post-thumbnail","7":"category-izklaide","8":"tag-entertainment","9":"tag-izklaide","10":"tag-kima-kardasjana","11":"tag-latvia","12":"tag-latvian","13":"tag-latviesu","14":"tag-latviesu-valoda","15":"tag-latviesuvaloda","16":"tag-latvija","17":"tag-lv"},"share_on_mastodon":{"url":"","error":""},"_links":{"self":[{"href":"https:\/\/www.europesays.com\/lv\/wp-json\/wp\/v2\/posts\/26104","targetHints":{"allow":["GET"]}}],"collection":[{"href":"https:\/\/www.europesays.com\/lv\/wp-json\/wp\/v2\/posts"}],"about":[{"href":"https:\/\/www.europesays.com\/lv\/wp-json\/wp\/v2\/types\/post"}],"author":[{"embeddable":true,"href":"https:\/\/www.europesays.com\/lv\/wp-json\/wp\/v2\/users\/2"}],"replies":[{"embeddable":true,"href":"https:\/\/www.europesays.com\/lv\/wp-json\/wp\/v2\/comments?post=26104"}],"version-history":[{"count":0,"href":"https:\/\/www.europesays.com\/lv\/wp-json\/wp\/v2\/posts\/26104\/revisions"}],"wp:featuredmedia":[{"embeddable":true,"href":"https:\/\/www.europesays.com\/lv\/wp-json\/wp\/v2\/media\/26105"}],"wp:attachment":[{"href":"https:\/\/www.europesays.com\/lv\/wp-json\/wp\/v2\/media?parent=26104"}],"wp:term":[{"taxonomy":"category","embeddable":true,"href":"https:\/\/www.europesays.com\/lv\/wp-json\/wp\/v2\/categories?post=26104"},{"taxonomy":"post_tag","embeddable":true,"href":"https:\/\/www.europesays.com\/lv\/wp-json\/wp\/v2\/tags?post=26104"}],"curies":[{"name":"wp","href":"https:\/\/api.w.org\/{rel}","templated":true}]}}