{"id":26112,"date":"2025-10-20T08:29:11","date_gmt":"2025-10-20T08:29:11","guid":{"rendered":"https:\/\/www.europesays.com\/lv\/26112\/"},"modified":"2025-10-20T08:29:11","modified_gmt":"2025-10-20T08:29:11","slug":"kaveties-vasaras-saulrieta-koncerts-shipsea-simfoniska-gaisma","status":"publish","type":"post","link":"https:\/\/www.europesays.com\/lv\/26112\/","title":{"rendered":"Kav\u0113ties vasaras saulriet\u0101 \u2013 koncerts &#8220;Shipsea. Simfonisk\u0101 gaism\u0101&#8221;"},"content":{"rendered":"<p><img decoding=\"async\" class=\"figure__image\" onclick=\"triggerEvent('articleImageClick', { id: 17225481, focus: 'single-image', focusIndex: '17225481' })\" onkeydown=\"if (event.key === 'Enter') {&#10;        triggerEvent('articleImageClick', { id: 17225481, focus: 'single-image', focusIndex: '17225481' })&#10;        }\" role=\"button\" tabindex=\"0\" data-focus-from=\"single-image\" data-focus-index=\"17225481\" src=\"https:\/\/www.europesays.com\/lv\/wp-content\/uploads\/2025\/10\/17225481t1h0722.jpg\" onload=\"this.parentElement.classList.remove('figure__image-loading')\" alt=\"Koncerts &quot;Shipsea. Simfonisk\u0101 gaism\u0101&quot;.\"\/>Koncerts &#8220;Shipsea. Simfonisk\u0101 gaism\u0101&#8221;. Foto: Publicit\u0101tes foto<\/p>\n<p>Ne maz\u0101k liels piedz\u012bvojums un p\u0101rdz\u012bvojumus bijis st\u0101ties or\u0137estra priek\u0161a pie diri\u0123enta pults, lai novad\u012btu koncerta pirm\u0101 ska\u0146darba atska\u0146ojumu.<\/p>\n<p>&#8220;Skudri\u0146as pa visu \u0137ermeni! Nebiju to dar\u012bjis apm\u0113ram 20 gadus kop\u0161 diri\u0123\u0113\u0161anas studij\u0101m J\u0101zepa V\u012btola Latvijas m\u016bzikas akad\u0113mij\u0101. T\u0101 saj\u016bta nepamet, un gribas v\u0113l!&#8221; atz\u012bst Shipsea.<\/p>\n<p><img decoding=\"async\" class=\"figure__image\" onclick=\"triggerEvent('articleImageClick', { id: 17225475, focus: 'single-image', focusIndex: '17225475' })\" onkeydown=\"if (event.key === 'Enter') {&#10;        triggerEvent('articleImageClick', { id: 17225475, focus: 'single-image', focusIndex: '17225475' })&#10;        }\" role=\"button\" tabindex=\"0\" data-focus-from=\"single-image\" data-focus-index=\"17225475\" src=\"https:\/\/www.europesays.com\/lv\/wp-content\/uploads\/2025\/10\/17225475t1hccac.jpg\" onload=\"this.parentElement.classList.remove('figure__image-loading')\" alt=\"J\u0101nis \u0160ipk\u0113vics jeb Shipsea.\"\/>J\u0101nis \u0160ipk\u0113vics jeb Shipsea. Foto: Publicit\u0101tes foto<\/p>\n<p>Par laimi, t\u0101da iesp\u0113ja b\u016bs, jo 2026. gada 18. j\u016bnij\u0101 Dzintaru koncertz\u0101li atkal piepild\u012bs Shipsea simfonisk\u0101 gaisma.<\/p>\n<p>M\u016bzi\u0137is atkl\u0101j, ka, str\u0101d\u0101jot pie pirm\u0101 koncerta, ideju nav tr\u016bcis un repertu\u0101rs san\u0101cis tik apjom\u012bgs, ka pietiktu koncertam \u010detru stundu garum\u0101. T\u0101d\u0113j\u0101di n\u0101kamaj\u0101 koncert\u0101 var\u0113s gan atkal noklaus\u012bties izcilus ska\u0146darbus, gan dzird\u0113t pavisam svaigus Shipsea muzik\u0101lo ideju piepild\u012bjumus.<\/p>\n<p><img decoding=\"async\" class=\"figure__image\" onclick=\"triggerEvent('articleImageClick', { id: 17225483, focus: 'single-image', focusIndex: '17225483' })\" onkeydown=\"if (event.key === 'Enter') {&#10;        triggerEvent('articleImageClick', { id: 17225483, focus: 'single-image', focusIndex: '17225483' })&#10;        }\" role=\"button\" tabindex=\"0\" data-focus-from=\"single-image\" data-focus-index=\"17225483\" src=\"https:\/\/www.europesays.com\/lv\/wp-content\/uploads\/2025\/10\/17225483t1hd5e1.jpg\" onload=\"this.parentElement.classList.remove('figure__image-loading')\" alt=\"Koncerts &quot;Shipsea. Simfonisk\u0101 gaism\u0101&quot;.\"\/>Koncerts &#8220;Shipsea. Simfonisk\u0101 gaism\u0101&#8221;. Foto: Publicit\u0101tes foto<\/p>\n<p>Koncerts ir muzik\u0101la satik\u0161an\u0101s ne vien ar &#8220;Sinfonietta R\u012bga&#8221;, t\u0101 diri\u0123entu Normundu \u0160n\u0113 un Shipsea muzik\u0101lo dai\u013cradi, bet ar\u012b citiem rado\u0161ajiem l\u012bdzgaitniekiem &#8211; taj\u0101 b\u016bs dzirdama gan Aminatas, gan Krist\u012bnes P\u0101\u017ees balss, uz skatuves k\u0101ps komponists K\u0101rlis L\u0101cis.<\/p>\n<p>Ne maz\u0101k svar\u012bga ir uzticam\u0101 instrument\u0101l\u0101 grupa, kas pal\u012bdz \u012bstenot rado\u0161as un muzik\u0101las ieceres &#8211; \u0123it\u0101rists Mi\u0137elis Putni\u0146\u0161, bas\u0123it\u0101rists K\u0101rlis Josts, sitaminstrument\u0101lists R\u016bdolfs Dankfelds un tausti\u0146instrument\u0101lists Toms Mik\u0101ls.<\/p>\n<p>Un kur nu bez sp\u0113c\u012bg\u0101m bals\u012bm, kas papildina koncertu &#8211; t\u0101s ir dzied\u0101t\u0101jas Una Daniela, Gabri\u0113la Zvaigzn\u012bte un Linda Ru\u0161eniece.<\/p>\n<p><img decoding=\"async\" class=\"figure__image\" onclick=\"triggerEvent('articleImageClick', { id: 17225478, focus: 'single-image', focusIndex: '17225478' })\" onkeydown=\"if (event.key === 'Enter') {&#10;        triggerEvent('articleImageClick', { id: 17225478, focus: 'single-image', focusIndex: '17225478' })&#10;        }\" role=\"button\" tabindex=\"0\" data-focus-from=\"single-image\" data-focus-index=\"17225478\" src=\"https:\/\/www.europesays.com\/lv\/wp-content\/uploads\/2025\/10\/17225478t1h9356.jpg\" onload=\"this.parentElement.classList.remove('figure__image-loading')\" alt=\"Koncerts &quot;Shipsea. Simfonisk\u0101 gaism\u0101&quot;.\"\/>Koncerts &#8220;Shipsea. Simfonisk\u0101 gaism\u0101&#8221;. Foto: Publicit\u0101tes foto<\/p>\n<p>Raksts tapis sadarb\u012bb\u0101 ar LMT Viedtelev\u012bziju.<\/p>\n","protected":false},"excerpt":{"rendered":"Koncerts &#8220;Shipsea. Simfonisk\u0101 gaism\u0101&#8221;. Foto: Publicit\u0101tes foto Ne maz\u0101k liels piedz\u012bvojums un p\u0101rdz\u012bvojumus bijis st\u0101ties or\u0137estra priek\u0161a pie&hellip;\n","protected":false},"author":2,"featured_media":26113,"comment_status":"","ping_status":"","sticky":false,"template":"","format":"standard","meta":{"footnotes":""},"categories":[19],"tags":[89,90,35,39,38,36,37,34,40,7444,2102,5898],"class_list":{"0":"post-26112","1":"post","2":"type-post","3":"status-publish","4":"format-standard","5":"has-post-thumbnail","7":"category-izklaide","8":"tag-entertainment","9":"tag-izklaide","10":"tag-latvia","11":"tag-latvian","12":"tag-latviesu","13":"tag-latviesu-valoda","14":"tag-latviesuvaloda","15":"tag-latvija","16":"tag-lv","17":"tag-mrs-tv-izklaide","18":"tag-shipsea","19":"tag-tv-izklaide"},"share_on_mastodon":{"url":"","error":""},"_links":{"self":[{"href":"https:\/\/www.europesays.com\/lv\/wp-json\/wp\/v2\/posts\/26112","targetHints":{"allow":["GET"]}}],"collection":[{"href":"https:\/\/www.europesays.com\/lv\/wp-json\/wp\/v2\/posts"}],"about":[{"href":"https:\/\/www.europesays.com\/lv\/wp-json\/wp\/v2\/types\/post"}],"author":[{"embeddable":true,"href":"https:\/\/www.europesays.com\/lv\/wp-json\/wp\/v2\/users\/2"}],"replies":[{"embeddable":true,"href":"https:\/\/www.europesays.com\/lv\/wp-json\/wp\/v2\/comments?post=26112"}],"version-history":[{"count":0,"href":"https:\/\/www.europesays.com\/lv\/wp-json\/wp\/v2\/posts\/26112\/revisions"}],"wp:featuredmedia":[{"embeddable":true,"href":"https:\/\/www.europesays.com\/lv\/wp-json\/wp\/v2\/media\/26113"}],"wp:attachment":[{"href":"https:\/\/www.europesays.com\/lv\/wp-json\/wp\/v2\/media?parent=26112"}],"wp:term":[{"taxonomy":"category","embeddable":true,"href":"https:\/\/www.europesays.com\/lv\/wp-json\/wp\/v2\/categories?post=26112"},{"taxonomy":"post_tag","embeddable":true,"href":"https:\/\/www.europesays.com\/lv\/wp-json\/wp\/v2\/tags?post=26112"}],"curies":[{"name":"wp","href":"https:\/\/api.w.org\/{rel}","templated":true}]}}