{"id":26131,"date":"2025-10-20T08:47:10","date_gmt":"2025-10-20T08:47:10","guid":{"rendered":"https:\/\/www.europesays.com\/lv\/26131\/"},"modified":"2025-10-20T08:47:10","modified_gmt":"2025-10-20T08:47:10","slug":"ka-jaunais-modes-dizainers-savieno-baltijas-identitati-ar-postpadomju-estetiku-un-sporta-modi-lente-lv","status":"publish","type":"post","link":"https:\/\/www.europesays.com\/lv\/26131\/","title":{"rendered":"K\u0101 jaunais modes dizainers savieno Baltijas identit\u0101ti ar postpadomju est\u0113tiku un sporta modi\u00a0\u2014\u00a0Lente.lv"},"content":{"rendered":"<p>Jaunais modes dizainers Roberts Zuj\u0101ns: Baltijas identit\u0101te caur postpadomju est\u0113tiku<\/p>\n<p>Mode ir ne tikai audums un piegriezums, bet ar\u012b st\u0101sts, v\u0113rt\u012bbas un identit\u0101te. Roberts Zuj\u0101ns, jaunais modes dizaineris ar dzi\u013c\u0101m sakn\u0113m Baltijas kult\u016br\u0101, veiksm\u012bgi apliecina \u0161o atzi\u0146u sav\u0101 rado\u0161aj\u0101 darb\u012bb\u0101. Lai gan dzimis R\u012bg\u0101, vi\u0146a audzin\u0101\u0161ana un profesion\u0101l\u0101 izaugsme notikusi \u012arij\u0101, un \u0161obr\u012bd Roberts stud\u0113 presti\u017eaj\u0101 Londonas Modes koled\u017e\u0101 (London College of Fashion), kur vi\u0146\u0161 atkl\u0101j un interpret\u0113 savas Baltijas saknes jaun\u0101, aizraujo\u0161\u0101 veid\u0101. \u0160\u012b pieredze ir k\u0101 apliecin\u0101jums tam, ka m\u016bsdienu modes pasaule ir atv\u0113rta da\u017e\u0101d\u0101m kult\u016bras ietekm\u0113m un mekl\u0113 ori\u0123in\u0101lus st\u0101stus.<\/p>\n<p>Baltijas dv\u0113sele m\u016bsdienu dizain\u0101<\/p>\n<p>Roberta kolekcijas, \u012bpa\u0161i t\u0101das k\u0101 &#8220;Baltica&#8221;, ir drosm\u012bgs m\u0113\u0123in\u0101jums savienot \u0161\u0137ietami pret\u0113jus elementus \u2013 postpadomju est\u0113tiku ar laikmet\u012bgo sporta modi. \u0160\u012b kombin\u0101cija nav tikai dizainerska rota\u013ca, bet gan dzi\u013c\u0161 kult\u016bras mantojuma izp\u0113tes process. Vi\u0146\u0161 par\u0101da, ka padomju laika mantojums, kas nereti saist\u012bts ar ask\u0113tismu, funkcionalit\u0101ti un pat dr\u016bmumu, var tikt p\u0101rv\u0113rsts par rado\u0161u sp\u0113ku, radot unik\u0101lus un p\u0101rsteidzo\u0161us t\u0113rpus. \u0160\u0101da pieeja ir \u012bpa\u0161i svar\u012bga m\u016bsdien\u0101s, kad modes industrij\u0101 arvien vair\u0101k tiek mekl\u0113ta autentiskums un ori\u0123inalit\u0101te, atgrie\u017eoties pie sav\u0101m sakn\u0113m un godinot savu kult\u016bras identit\u0101ti. Roberta v\u012bzija par postpadomju est\u0113tikas integr\u0113\u0161anu sporta ap\u0123\u0113rb\u0101 ir svaiga un inovat\u012bva, jo t\u0101 aicina paskat\u012bties uz pag\u0101tni ar jaunu skat\u012bjumu un atrast taj\u0101 negaid\u012btu skaistumu un potenci\u0101lu. Tas ir k\u0101 tilts starp pag\u0101tni un n\u0101kotni, kur\u0101 v\u0113sturiskie mot\u012bvi ieg\u016bst jaunu dz\u012bv\u012bbu modern\u0101 dizain\u0101.<\/p>\n<p>Sapnis par Latvijas ra\u017eo\u0161anu<\/p>\n<p>Roberta Zuj\u0101na amb\u012bcijas neaprobe\u017eojas tikai ar dizainu. Vi\u0146a liel\u0101kais sapnis ir dibin\u0101t savu modes z\u012bmolu un, kas \u012bpa\u0161i svar\u012bgi, savu ra\u017eotni ieviest Latvij\u0101. Tas b\u016btu ne tikai iev\u0113rojams solis vi\u0146a person\u012bgaj\u0101 karjer\u0101, bet ar\u012b noz\u012bm\u012bgs ieguld\u012bjums Latvijas tautsaimniec\u012bb\u0101 un dizaina industrij\u0101. \u0160\u0101ds solis apliecin\u0101tu Latvijas potenci\u0101lu k\u0101 ra\u017eo\u0161anas un rado\u0161o industriju centru, radot jaunas darba vietas un veicinot viet\u0113jo speci\u0101listu att\u012bst\u012bbu. Zuj\u0101na v\u0113lme atgriezt ra\u017eo\u0161anu dzimten\u0113 ir sp\u0113c\u012bgs sign\u0101ls par ilgtsp\u0113j\u012bgu un atbild\u012bgu pieeju modei, kas arvien vair\u0101k tiek nov\u0113rt\u0113ta pasaules m\u0113rog\u0101. Vi\u0146a ideja par pa\u0161m\u0101ju ra\u017eo\u0161anu ir pretstats glob\u0101lajai modes industrijai, kas bie\u017ei vien orient\u0113jas uz masveida produkciju un l\u0113tiem ra\u017eo\u0161anas centriem.<\/p>\n<p>Baltijas dizaineru kl\u0101tb\u016btne pasaules mod\u0113<\/p>\n<p>Roberts Zuj\u0101ns nav vien\u012bgais Baltijas dizainers, kur\u0161 guvis atzin\u012bbu starptautiskaj\u0101 modes vid\u0113. Londonas Modes ned\u0113\u013ca un citi glob\u0101li pas\u0101kumi ir k\u013cuvu\u0161i par platformu, kur\u0101 savu talantu demonstr\u0113ju\u0161i ar\u012b citi Latvijas un Baltijas valstu dizaineri, piem\u0113ram, Fyodor Podgorny ar savu z\u012bmolu Fyodor Golan, Roberta Einer no Igaunijas, k\u0101 ar\u012b latvie\u0161u z\u012bmols RADADA, kas sevi pieteicis ar ilgtsp\u0113j\u012bgu un rok\u0101m darin\u0101tu modes produkciju. \u0160ie dizaineri, katrs sav\u0101 veid\u0101, veicina Baltijas re\u0123iona atpaz\u012bstam\u012bbu modes pasaul\u0113, apliecinot m\u016bsu re\u0123iona rado\u0161o potenci\u0101lu un sp\u0113ju rad\u012bt ori\u0123in\u0101lus un kvalitat\u012bvus produktus. Vi\u0146u pan\u0101kumi dod cer\u012bbu un iedvesmu jaunajiem talantiem, pier\u0101dot, ka ar neatlaid\u012bbu un talantu ir iesp\u0113jams sasniegt augst\u0101k\u0101s virsotnes modes industrij\u0101.<\/p>\n","protected":false},"excerpt":{"rendered":"Jaunais modes dizainers Roberts Zuj\u0101ns: Baltijas identit\u0101te caur postpadomju est\u0113tiku Mode ir ne tikai audums un piegriezums, bet&hellip;\n","protected":false},"author":2,"featured_media":26132,"comment_status":"","ping_status":"","sticky":false,"template":"","format":"standard","meta":{"footnotes":""},"categories":[19],"tags":[8143,89,90,35,39,38,36,37,34,8145,40,3425,8144,8142],"class_list":{"0":"post-26131","1":"post","2":"type-post","3":"status-publish","4":"format-standard","5":"has-post-thumbnail","7":"category-izklaide","8":"tag-baltijas-identitate","9":"tag-entertainment","10":"tag-izklaide","11":"tag-latvia","12":"tag-latvian","13":"tag-latviesu","14":"tag-latviesu-valoda","15":"tag-latviesuvaloda","16":"tag-latvija","17":"tag-londonas-modes-koledza","18":"tag-lv","19":"tag-modes-dizains","20":"tag-postpadomju-estetika","21":"tag-roberts-zujans"},"share_on_mastodon":{"url":"","error":""},"_links":{"self":[{"href":"https:\/\/www.europesays.com\/lv\/wp-json\/wp\/v2\/posts\/26131","targetHints":{"allow":["GET"]}}],"collection":[{"href":"https:\/\/www.europesays.com\/lv\/wp-json\/wp\/v2\/posts"}],"about":[{"href":"https:\/\/www.europesays.com\/lv\/wp-json\/wp\/v2\/types\/post"}],"author":[{"embeddable":true,"href":"https:\/\/www.europesays.com\/lv\/wp-json\/wp\/v2\/users\/2"}],"replies":[{"embeddable":true,"href":"https:\/\/www.europesays.com\/lv\/wp-json\/wp\/v2\/comments?post=26131"}],"version-history":[{"count":0,"href":"https:\/\/www.europesays.com\/lv\/wp-json\/wp\/v2\/posts\/26131\/revisions"}],"wp:featuredmedia":[{"embeddable":true,"href":"https:\/\/www.europesays.com\/lv\/wp-json\/wp\/v2\/media\/26132"}],"wp:attachment":[{"href":"https:\/\/www.europesays.com\/lv\/wp-json\/wp\/v2\/media?parent=26131"}],"wp:term":[{"taxonomy":"category","embeddable":true,"href":"https:\/\/www.europesays.com\/lv\/wp-json\/wp\/v2\/categories?post=26131"},{"taxonomy":"post_tag","embeddable":true,"href":"https:\/\/www.europesays.com\/lv\/wp-json\/wp\/v2\/tags?post=26131"}],"curies":[{"name":"wp","href":"https:\/\/api.w.org\/{rel}","templated":true}]}}