{"id":26157,"date":"2025-10-20T09:10:10","date_gmt":"2025-10-20T09:10:10","guid":{"rendered":"https:\/\/www.europesays.com\/lv\/26157\/"},"modified":"2025-10-20T09:10:10","modified_gmt":"2025-10-20T09:10:10","slug":"salacgriva-saks-izmantot-jauno-tiltu","status":"publish","type":"post","link":"https:\/\/www.europesays.com\/lv\/26157\/","title":{"rendered":"Salacgr\u012bv\u0101 s\u0101ks izmantot jauno tiltu"},"content":{"rendered":"<p>Tas tiks izdar\u012bts \u0161odien dienas laik\u0101. Satiksme tiks organiz\u0113ta pa vienu jaun\u0101 tilta brauk\u0161anas joslu, un to regul\u0113s ar luksoforiem. Ar\u012b g\u0101j\u0113ju kust\u012bba turpm\u0101k notiks pa jaun\u0101 tilta ietvi.<\/p>\n<p>L\u012bdz ar satiksmes p\u0101rvirz\u012b\u0161anu uz jauno tiltu, \u0161\u0137\u0113rsot upi Salacgr\u012bv\u0101 var\u0113s ar\u012b kravas transports, kura faktisk\u0101 masa ir liel\u0101ka par 44 tonn\u0101m.<\/p>\n<p>Sl\u0113gt\u0101 josla b\u016bs norobe\u017eota ar vadstat\u0146iem, at\u013cautais brauk\u0161anas \u0101trums uz tilta b\u016bs apdz\u012bvot\u0101 viet\u0101 at\u013cautie 50 kilometri stund\u0101. Pl\u0101nots, ka revers\u0101 satiksme saglab\u0101sies l\u012bdz tilta piln\u012bgai atv\u0113r\u0161anai satiksmei, kas paredz\u0113ta novembra vid\u016b.<\/p>\n<p>Vienlaikus LVC inform\u0113, ka valsts autoce\u013cu t\u012bkl\u0101 b\u016bvdarbi turpin\u0101s 27 posmos. Pla\u0161\u0101kie satiksmes ierobe\u017eojumi saglab\u0101jas uz re\u0123ion\u0101lajiem autoce\u013ciem starp Balviem un Liteni, Koknesi un Vecbebriem, k\u0101 ar\u012b Valdem\u0101rpili un Rudi.<\/p>\n<p>Lai ieg\u016btu vai nodotu inform\u0101ciju par notieko\u0161o uz valsts autoce\u013ciem, iedz\u012bvot\u0101jus aicina zvan\u012bt uz LVC informat\u012bvo bezmaksas t\u0101lruni 80005555.<\/p>\n<p>K\u0101 v\u0113st\u012bts, satiksme p\u0101r Salacu Salacgr\u012bv\u0101 notiek pa pagaidu tiltu kop\u0161 2024. gada 30. augusta. Tilta nestsp\u0113ja s\u0101kotn\u0113ji tika noteikta l\u012bdz 52 tonn\u0101m, ta\u010du kop\u0161 2025. gada 28. febru\u0101ra smagajam transportam virs 44 tonn\u0101m bijis aizliegts \u0161\u0137\u0113rsot pagaidu tiltu.<\/p>\n","protected":false},"excerpt":{"rendered":"Tas tiks izdar\u012bts \u0161odien dienas laik\u0101. Satiksme tiks organiz\u0113ta pa vienu jaun\u0101 tilta brauk\u0161anas joslu, un to regul\u0113s&hellip;\n","protected":false},"author":2,"featured_media":26158,"comment_status":"","ping_status":"","sticky":false,"template":"","format":"standard","meta":{"footnotes":""},"categories":[5],"tags":[23,28,29,32,33,22,30,31,35,39,38,36,37,34,8149,2857,40,20,26,27,8148,24,25,21],"class_list":{"0":"post-26157","1":"post","2":"type-post","3":"status-publish","4":"format-standard","5":"has-post-thumbnail","7":"category-aktualitates","8":"tag-aktualitates","9":"tag-breaking-news","10":"tag-breakingnews","11":"tag-featured-news","12":"tag-featurednews","13":"tag-headlines","14":"tag-latest-news","15":"tag-latestnews","16":"tag-latvia","17":"tag-latvian","18":"tag-latviesu","19":"tag-latviesu-valoda","20":"tag-latviesuvaloda","21":"tag-latvija","22":"tag-latvijas-tilti","23":"tag-latvijas-valsts-celi","24":"tag-lv","25":"tag-news","26":"tag-popularakas-zinas","27":"tag-popularakaszinas","28":"tag-salacgriva","29":"tag-top-stories","30":"tag-topstories","31":"tag-zinas"},"share_on_mastodon":{"url":"","error":""},"_links":{"self":[{"href":"https:\/\/www.europesays.com\/lv\/wp-json\/wp\/v2\/posts\/26157","targetHints":{"allow":["GET"]}}],"collection":[{"href":"https:\/\/www.europesays.com\/lv\/wp-json\/wp\/v2\/posts"}],"about":[{"href":"https:\/\/www.europesays.com\/lv\/wp-json\/wp\/v2\/types\/post"}],"author":[{"embeddable":true,"href":"https:\/\/www.europesays.com\/lv\/wp-json\/wp\/v2\/users\/2"}],"replies":[{"embeddable":true,"href":"https:\/\/www.europesays.com\/lv\/wp-json\/wp\/v2\/comments?post=26157"}],"version-history":[{"count":0,"href":"https:\/\/www.europesays.com\/lv\/wp-json\/wp\/v2\/posts\/26157\/revisions"}],"wp:featuredmedia":[{"embeddable":true,"href":"https:\/\/www.europesays.com\/lv\/wp-json\/wp\/v2\/media\/26158"}],"wp:attachment":[{"href":"https:\/\/www.europesays.com\/lv\/wp-json\/wp\/v2\/media?parent=26157"}],"wp:term":[{"taxonomy":"category","embeddable":true,"href":"https:\/\/www.europesays.com\/lv\/wp-json\/wp\/v2\/categories?post=26157"},{"taxonomy":"post_tag","embeddable":true,"href":"https:\/\/www.europesays.com\/lv\/wp-json\/wp\/v2\/tags?post=26157"}],"curies":[{"name":"wp","href":"https:\/\/api.w.org\/{rel}","templated":true}]}}