{"id":26161,"date":"2025-10-20T09:14:07","date_gmt":"2025-10-20T09:14:07","guid":{"rendered":"https:\/\/www.europesays.com\/lv\/26161\/"},"modified":"2025-10-20T09:14:07","modified_gmt":"2025-10-20T09:14:07","slug":"zelenskis-pauz-gatavibu-pievienoties-trampa-un-diktatora-putina-samitam","status":"publish","type":"post","link":"https:\/\/www.europesays.com\/lv\/26161\/","title":{"rendered":"Zelenskis pau\u017e gatav\u012bbu pievienoties Trampa un diktatora Putina samitam"},"content":{"rendered":"<p>Tramps un Putins pazi\u0146oju\u0161i, ka pl\u0101no tuv\u0101kaj\u0101 laik\u0101 tikties Budape\u0161t\u0101.<\/p>\n<p>&#8220;Ja es tik\u0161u uzaicin\u0101ts uz Budape\u0161tu, ja tas b\u016bs uzaicin\u0101jums form\u0101t\u0101, kur\u0101 m\u0113s tiekamies trijat\u0101 jeb, k\u0101 to sauc, &#8220;shuttle diplomacy&#8221;, prezidents Tramps tiekas ar Putinu un prezidents Tramps tiekas ar mani, tad t\u0101d\u0101 vai cit\u0101d\u0101 form\u0101t\u0101 m\u0113s vienosimies,&#8221; \u017eurn\u0101listiem pav\u0113st\u012bja Zelenskis.<\/p>\n<p>Vi\u0146\u0161 kritiz\u0113ja Ung\u0101riju k\u0101 gaid\u0101m\u0101 samita norises vietu. <a href=\"https:\/\/www.tvnet.lv\/term\/555908\/ungarija\" class=\"topicLink\" target=\"_blank\" rel=\"nofollow noopener\">Ung\u0101rija<\/a> ir viena no retaj\u0101m Eiropas valst\u012bm, kas p\u0113c Krievijas atk\u0101rtot\u0101 iebrukuma Ukrain\u0101 2022. gada febru\u0101r\u012b joproj\u0101m uztur draudz\u012bgas attiec\u012bbas ar Maskavu, kam\u0113r t\u0101s attiec\u012bbas ar Kijivu ir saspringtas.<\/p>\n<blockquote class=\"quote ck-widget\" contenteditable=\"false\">\n<p>&#8220;Es neticu, ka premjerministrs [Viktors Orb\u0101ns], kas visur blo\u0137\u0113 Ukrainu, var kaut ko pozit\u012bvu paveikt ukrai\u0146u lab\u0101 vai pat sniegt l\u012bdzsvarotu ieguld\u012bjumu,&#8221; nor\u0101d\u012bja Zelenskis.<\/p>\n<\/blockquote>\n<p>Kijiva pazi\u0146oja, ka ir gatava Zelenska, Putina un Trampa tr\u012bspus\u0113jam samitam neitr\u0101l\u0101k\u0101s valst\u012bs, tai skait\u0101 Turcij\u0101, \u0160veic\u0113 vai Vatik\u0101n\u0101.<\/p>\n<p>1994. gad\u0101 Maskava Budape\u0161t\u0101 parakst\u012bja memorandu, kura m\u0113r\u0137is bija garant\u0113t dro\u0161\u012bbu Ukrainai, Baltkrievijai un Kazahst\u0101nai apmai\u0146\u0101 pret to, ka \u0161\u012bs valstis atsak\u0101s no padomju laika kodoliero\u010diem.<\/p>\n<p>&#8220;V\u0113l viens &#8220;Budape\u0161tas&#8221; scen\u0101rijs ar\u012b neb\u016btu pozit\u012bvs,&#8221; piebilda Zelenskis.<\/p>\n<p>Tramps kop\u0161 atgrie\u0161an\u0101s Baltaj\u0101 nam\u0101 \u0161\u012b gada s\u0101kum\u0101 centies pan\u0101kt \u0101tru Krievijas uzs\u0101kt\u0101 kara izbeig\u0161anu pret Ukrainu, uzst\u0101jot uz virkni tie\u0161u sarunu starp Ukrainas un Krievijas amatperson\u0101m un uz\u0146emot Putinu samit\u0101 A\u013cask\u0101, ta\u010du \u0161ie diplom\u0101tiskie centieni nav novedu\u0161i ne pie nek\u0101da izr\u0101viena.<\/p>\n","protected":false},"excerpt":{"rendered":"Tramps un Putins pazi\u0146oju\u0161i, ka pl\u0101no tuv\u0101kaj\u0101 laik\u0101 tikties Budape\u0161t\u0101. &#8220;Ja es tik\u0161u uzaicin\u0101ts uz Budape\u0161tu, ja tas&hellip;\n","protected":false},"author":2,"featured_media":26162,"comment_status":"","ping_status":"","sticky":false,"template":"","format":"standard","meta":{"footnotes":""},"categories":[14],"tags":[23,57,3700,28,29,542,32,33,22,74,30,31,35,39,38,36,37,34,40,20,26,27,24,25,276,2497,2508,235,178,54,55,56,21,58],"class_list":{"0":"post-26161","1":"post","2":"type-post","3":"status-publish","4":"format-standard","5":"has-post-thumbnail","7":"category-zinas-no-arvalstim","8":"tag-aktualitates","9":"tag-arvalstim","10":"tag-autoritarisma-ena-par-eiropu","11":"tag-breaking-news","12":"tag-breakingnews","13":"tag-donalds-tramps","14":"tag-featured-news","15":"tag-featurednews","16":"tag-headlines","17":"tag-krievijas-iebrukums-ukraina","18":"tag-latest-news","19":"tag-latestnews","20":"tag-latvia","21":"tag-latvian","22":"tag-latviesu","23":"tag-latviesu-valoda","24":"tag-latviesuvaloda","25":"tag-latvija","26":"tag-lv","27":"tag-news","28":"tag-popularakas-zinas","29":"tag-popularakaszinas","30":"tag-top-stories","31":"tag-topstories","32":"tag-ukraina","33":"tag-ungarija","34":"tag-viktors-orbans","35":"tag-vladimirs-putins","36":"tag-volodimirs-zelenskis","37":"tag-world","38":"tag-world-news","39":"tag-worldnews","40":"tag-zinas","41":"tag-zinas-no-arvalstim"},"share_on_mastodon":{"url":"","error":""},"_links":{"self":[{"href":"https:\/\/www.europesays.com\/lv\/wp-json\/wp\/v2\/posts\/26161","targetHints":{"allow":["GET"]}}],"collection":[{"href":"https:\/\/www.europesays.com\/lv\/wp-json\/wp\/v2\/posts"}],"about":[{"href":"https:\/\/www.europesays.com\/lv\/wp-json\/wp\/v2\/types\/post"}],"author":[{"embeddable":true,"href":"https:\/\/www.europesays.com\/lv\/wp-json\/wp\/v2\/users\/2"}],"replies":[{"embeddable":true,"href":"https:\/\/www.europesays.com\/lv\/wp-json\/wp\/v2\/comments?post=26161"}],"version-history":[{"count":0,"href":"https:\/\/www.europesays.com\/lv\/wp-json\/wp\/v2\/posts\/26161\/revisions"}],"wp:featuredmedia":[{"embeddable":true,"href":"https:\/\/www.europesays.com\/lv\/wp-json\/wp\/v2\/media\/26162"}],"wp:attachment":[{"href":"https:\/\/www.europesays.com\/lv\/wp-json\/wp\/v2\/media?parent=26161"}],"wp:term":[{"taxonomy":"category","embeddable":true,"href":"https:\/\/www.europesays.com\/lv\/wp-json\/wp\/v2\/categories?post=26161"},{"taxonomy":"post_tag","embeddable":true,"href":"https:\/\/www.europesays.com\/lv\/wp-json\/wp\/v2\/tags?post=26161"}],"curies":[{"name":"wp","href":"https:\/\/api.w.org\/{rel}","templated":true}]}}