{"id":26163,"date":"2025-10-20T09:16:07","date_gmt":"2025-10-20T09:16:07","guid":{"rendered":"https:\/\/www.europesays.com\/lv\/26163\/"},"modified":"2025-10-20T09:16:07","modified_gmt":"2025-10-20T09:16:07","slug":"koplietosanas-e-velosipedu-operators-ride-ievies-jaunu-funkciju-lai-samazinatu-negadijumu-risku","status":"publish","type":"post","link":"https:\/\/www.europesays.com\/lv\/26163\/","title":{"rendered":"Koplieto\u0161anas e-velosip\u0113du operators &#8220;Ride&#8221; ievie\u0161 jaunu funkciju, lai samazin\u0101tu negad\u012bjumu risku"},"content":{"rendered":"<p>Turpm\u0101k ikvienam lietot\u0101jam, kur\u0161 v\u0113l\u0113sies izmantot &#8220;Ride&#8221; pakalpojumu, b\u016bs j\u0101uzr\u0101da personu apliecino\u0161s dokuments &#8211; pase, ID karte, autovad\u012bt\u0101ja apliec\u012bba vai uztur\u0113\u0161an\u0101s at\u013cauja.<\/p>\n<blockquote class=\"quote ck-widget\" contenteditable=\"false\">\n<p>Vienlaikus, lai p\u0101rliecin\u0101tos, ka persona ir sasniegusi 18 gadu vecumu, digit\u0101l\u0101 identifik\u0101cijas sist\u0113ma veiks personu apliecino\u0161aj\u0101 dokument\u0101 redzam\u0101s fotogr\u0101fijas un lietot\u0101ja re\u0101llaika fotogr\u0101fijas sejas sal\u012bdzin\u0101\u0161anu.<\/p>\n<\/blockquote>\n<p>J\u0101kobsons a\u0123ent\u016brai LETA nor\u0101d\u012bja, ka vecuma verifik\u0101cijas r\u012bku ievie\u0161anas izmaksas lietotn\u0113 ir konfidenci\u0101la inform\u0101cija.<\/p>\n<p>Vi\u0146\u0161 papildin\u0101ja, ka l\u012bdz \u0161im &#8220;Ride&#8221; noteikumi paredz\u0113ja, ka uz\u0146\u0113muma transportl\u012bdzek\u013cus dr\u012bkst izmantot tikai personas, kuras sasniegu\u0161as 18 gadu vecumu, ko lietot\u0101jam vajadz\u0113ja apliecin\u0101t, nosl\u0113dzot pakalpojuma lieto\u0161anas l\u012bgumu. Uz\u0146\u0113mum\u0101 atz\u012bm\u0113, ka jaun\u0101 vecuma verifik\u0101cijas sist\u0113ma \u0161o pras\u012bbu kontrol\u0113s stingr\u0101k.<\/p>\n<p>T\u0101d\u0113j\u0101di visiem lietot\u0101jiem no pirmdienas, re\u0123istr\u0113joties lietotn\u0113, pirms pirm\u0101 brauciena b\u016bs j\u0101veic vecuma verifik\u0101cija, uzr\u0101dot personas apliecino\u0161u dokumentu un re\u0101llaika fotogr\u0101fiju. Savuk\u0101rt eso\u0161ajiem pakalpojuma lietot\u0101jiem vecuma verifik\u0101cija tiks veikta pirms n\u0101kam\u0101 brauciena.<\/p>\n<blockquote class=\"quote ck-widget\" contenteditable=\"false\">\n<p>Uz\u0146\u0113mum\u0101 uzsver, ka \u0161is solis pal\u012bdz\u0113s samazin\u0101t negad\u012bjumu risku un uzlabot kop\u0113jo brauk\u0161anas kult\u016bru.<\/p>\n<\/blockquote>\n<p>Jau zi\u0146ots, ka \u0161ogad 2. oktobr\u012b Pat\u0113r\u0113t\u0101ju ties\u012bbu aizsardz\u012bbas centrs (PTAC) nol\u0113ma aptur\u0113t koplieto\u0161anas &#8220;e-velosip\u0113du&#8221; operatora &#8220;Ride Mobility&#8221; sniegtos pakalpojumus. \u0160\u0101ds l\u0113mums sekoja p\u0113c R\u012bgas m\u0113ra Viestura Kleinberga (P) aicin\u0101juma v\u0113rt\u0113t uz\u0146\u0113muma darb\u012bbu, kas savuk\u0101rt sekoja p\u0113c divu 2012. gad\u0101 dzimu\u0161o meite\u0146u n\u0101ves, ar &#8220;Ride Mobility&#8221; apar\u0101tu pak\u013c\u016bstot zem vilciena Imant\u0101.<\/p>\n","protected":false},"excerpt":{"rendered":"Turpm\u0101k ikvienam lietot\u0101jam, kur\u0161 v\u0113l\u0113sies izmantot &#8220;Ride&#8221; pakalpojumu, b\u016bs j\u0101uzr\u0101da personu apliecino\u0161s dokuments &#8211; pase, ID karte, autovad\u012bt\u0101ja&hellip;\n","protected":false},"author":2,"featured_media":26164,"comment_status":"","ping_status":"","sticky":false,"template":"","format":"standard","meta":{"footnotes":""},"categories":[5],"tags":[23,28,29,120,119,32,33,22,30,31,35,39,38,36,37,34,40,20,26,27,1529,1528,24,25,21],"class_list":{"0":"post-26163","1":"post","2":"type-post","3":"status-publish","4":"format-standard","5":"has-post-thumbnail","7":"category-aktualitates","8":"tag-aktualitates","9":"tag-breaking-news","10":"tag-breakingnews","11":"tag-celu-satiksme","12":"tag-celu-satiksmes-negadijumi","13":"tag-featured-news","14":"tag-featurednews","15":"tag-headlines","16":"tag-latest-news","17":"tag-latestnews","18":"tag-latvia","19":"tag-latvian","20":"tag-latviesu","21":"tag-latviesu-valoda","22":"tag-latviesuvaloda","23":"tag-latvija","24":"tag-lv","25":"tag-news","26":"tag-popularakas-zinas","27":"tag-popularakaszinas","28":"tag-satiksme","29":"tag-satiksmes-drosiba","30":"tag-top-stories","31":"tag-topstories","32":"tag-zinas"},"share_on_mastodon":{"url":"","error":""},"_links":{"self":[{"href":"https:\/\/www.europesays.com\/lv\/wp-json\/wp\/v2\/posts\/26163","targetHints":{"allow":["GET"]}}],"collection":[{"href":"https:\/\/www.europesays.com\/lv\/wp-json\/wp\/v2\/posts"}],"about":[{"href":"https:\/\/www.europesays.com\/lv\/wp-json\/wp\/v2\/types\/post"}],"author":[{"embeddable":true,"href":"https:\/\/www.europesays.com\/lv\/wp-json\/wp\/v2\/users\/2"}],"replies":[{"embeddable":true,"href":"https:\/\/www.europesays.com\/lv\/wp-json\/wp\/v2\/comments?post=26163"}],"version-history":[{"count":0,"href":"https:\/\/www.europesays.com\/lv\/wp-json\/wp\/v2\/posts\/26163\/revisions"}],"wp:featuredmedia":[{"embeddable":true,"href":"https:\/\/www.europesays.com\/lv\/wp-json\/wp\/v2\/media\/26164"}],"wp:attachment":[{"href":"https:\/\/www.europesays.com\/lv\/wp-json\/wp\/v2\/media?parent=26163"}],"wp:term":[{"taxonomy":"category","embeddable":true,"href":"https:\/\/www.europesays.com\/lv\/wp-json\/wp\/v2\/categories?post=26163"},{"taxonomy":"post_tag","embeddable":true,"href":"https:\/\/www.europesays.com\/lv\/wp-json\/wp\/v2\/tags?post=26163"}],"curies":[{"name":"wp","href":"https:\/\/api.w.org\/{rel}","templated":true}]}}