{"id":26173,"date":"2025-10-20T09:25:07","date_gmt":"2025-10-20T09:25:07","guid":{"rendered":"https:\/\/www.europesays.com\/lv\/26173\/"},"modified":"2025-10-20T09:25:07","modified_gmt":"2025-10-20T09:25:07","slug":"kinas-eksports-parspej-prognozes-dienas-bizness","status":"publish","type":"post","link":"https:\/\/www.europesays.com\/lv\/26173\/","title":{"rendered":"\u0136\u012bnas eksports p\u0101rsp\u0113j prognozes :: Dienas Bizness"},"content":{"rendered":"<p class=\"text-font font-size--text-xlarge margin-3--bottom font-weight--bold padding-1--top\">\u0136\u012bnas \u0101r\u0113j\u0101s tirdzniec\u012bbas r\u0101d\u012bt\u0101ji septembr\u012b b\u016btiski p\u0101rsniegu\u0161i anal\u012bti\u0137u prognozes \u2013 eksports pieaudzis par 8,3%, bet imports par 7,4%. Strauj\u0101kais eksporta k\u0101pums kop\u0161 marta galvenok\u0101rt saist\u012bts ar pieaugumu Eiropas tirgos (+14,2%), kas pal\u012bdz\u0113jis kompens\u0113t eksporta kritumu uz ASV. Tikm\u0113r ASV ekonomikas datu public\u0113\u0161anu kav\u0113 vald\u012bbas sl\u0113g\u0161ana, radot neskaidr\u012bbu par ekonomikas re\u0101lo st\u0101vokli.<\/p>\n<p class=\"text-font font-size--text-xlarge margin-3--bottom\">\u0136\u012bnas izaugsmes pa\u0101trin\u0101jums uz Eiropas valst\u012bm un citiem tirgiem \u0101rpus \u0100zijas pal\u012bdz\u0113ja atsv\u0113rt notur\u012bgu eksporta samazin\u0101jumu uz ASV (-27% august\u0101), savuk\u0101rt eksporta izaugsme uz Eiropu pa\u0101trin\u0101j\u0101s l\u012bdz 14.2% un re\u0123istr\u0113ja lab\u0101ko rezult\u0101tu kop\u0161 2022. gada vidusda\u013cas. \u0136\u012bnas imports septembr\u012b palielin\u0101j\u0101s par 7.4%, ac\u012bmredzot, da\u013c\u0113ji atspogu\u013cojot sezon\u0101lus efektus pirms ned\u0113\u013cu ilg\u0101m br\u012bvdien\u0101m oktobra s\u0101kum\u0101. K\u0101rt\u0113j\u0101 ASV un \u0136\u012bnas salek\u0161an\u0101s p\u0113c \u0136\u012bnas v\u0113lmes ierobe\u017eot retzemju met\u0101lu eksportu lika atcer\u0113ties par p\u0113d\u0113j\u0101 laik\u0101 pierimu\u0161o ASV tirdzniec\u012bbas kara t\u0113mu. Tiek paredz\u0113ts, ka pa\u0161reiz\u0113j\u0101 pauze ASV un \u0136\u012bnas tarifu kar\u0101 ilgs vismaz l\u012bdz novembra vidusda\u013cai.<\/p>\n<p class=\"text-font font-size--text-xlarge margin-3--bottom\">ASV vald\u012bbai jau tre\u0161o ned\u0113\u013cu p\u0113c k\u0101rtas paliekot sl\u0113gtai, netiek public\u0113ta virkne svar\u012bgu statistikas datu. Tas liedz ieg\u016bt visaptvero\u0161u priek\u0161statu par pa\u0161reiz\u0113jo ekonomikas st\u0101vokli un virzienu. Infl\u0101cijas dati tiks public\u0113ti n\u0101kamned\u0113\u013c ar vair\u0101k k\u0101 ned\u0113\u013cas aizturi, tikm\u0113r p\u0101r\u0113jo datu publik\u0101ciju kalend\u0101rs pagaid\u0101m nav skaidrs. Kam\u0113r ASV demokr\u0101tu un republik\u0101\u0146u partijas nesp\u0113s pan\u0101kt vieno\u0161anos bud\u017eeta jaut\u0101jumos, ASV tiek public\u0113ti liel\u0101koties tikai priv\u0101to organiz\u0101ciju apkopotie ekonomikas indikatori, p\u0101rsvar\u0101 noska\u0146ojuma r\u0101d\u012bt\u0101ji. Starp retajiem statistikas datiem \u0161oned\u0113\u013c tika nopublic\u0113ts ASV b\u016bvnieku noska\u0146ojuma indekss. Oktobr\u012b tas signaliz\u0113ja par m\u0113renu noska\u0146ojuma uzlabojumu sektor\u0101, pateicoties strauj\u0101kam hipotek\u0101ro procentu likmju samazin\u0101jumam ruden\u012b.<\/p>\n","protected":false},"excerpt":{"rendered":"\u0136\u012bnas \u0101r\u0113j\u0101s tirdzniec\u012bbas r\u0101d\u012bt\u0101ji septembr\u012b b\u016btiski p\u0101rsniegu\u0161i anal\u012bti\u0137u prognozes \u2013 eksports pieaudzis par 8,3%, bet imports par 7,4%.&hellip;\n","protected":false},"author":2,"featured_media":26174,"comment_status":"","ping_status":"","sticky":false,"template":"","format":"standard","meta":{"footnotes":""},"categories":[16],"tags":[869,77,870,76,867,35,39,38,36,37,34,871,868,40,21],"class_list":{"0":"post-26173","1":"post","2":"type-post","3":"status-publish","4":"format-standard","5":"has-post-thumbnail","7":"category-bizness","8":"tag-biznesa-zinas","9":"tag-bizness","10":"tag-bizness-latvija","11":"tag-business","12":"tag-dienas-zinas","13":"tag-latvia","14":"tag-latvian","15":"tag-latviesu","16":"tag-latviesu-valoda","17":"tag-latviesuvaloda","18":"tag-latvija","19":"tag-latvijas-biznesa-zinas","20":"tag-latvijas-zinas","21":"tag-lv","22":"tag-zinas"},"share_on_mastodon":{"url":"","error":""},"_links":{"self":[{"href":"https:\/\/www.europesays.com\/lv\/wp-json\/wp\/v2\/posts\/26173","targetHints":{"allow":["GET"]}}],"collection":[{"href":"https:\/\/www.europesays.com\/lv\/wp-json\/wp\/v2\/posts"}],"about":[{"href":"https:\/\/www.europesays.com\/lv\/wp-json\/wp\/v2\/types\/post"}],"author":[{"embeddable":true,"href":"https:\/\/www.europesays.com\/lv\/wp-json\/wp\/v2\/users\/2"}],"replies":[{"embeddable":true,"href":"https:\/\/www.europesays.com\/lv\/wp-json\/wp\/v2\/comments?post=26173"}],"version-history":[{"count":0,"href":"https:\/\/www.europesays.com\/lv\/wp-json\/wp\/v2\/posts\/26173\/revisions"}],"wp:featuredmedia":[{"embeddable":true,"href":"https:\/\/www.europesays.com\/lv\/wp-json\/wp\/v2\/media\/26174"}],"wp:attachment":[{"href":"https:\/\/www.europesays.com\/lv\/wp-json\/wp\/v2\/media?parent=26173"}],"wp:term":[{"taxonomy":"category","embeddable":true,"href":"https:\/\/www.europesays.com\/lv\/wp-json\/wp\/v2\/categories?post=26173"},{"taxonomy":"post_tag","embeddable":true,"href":"https:\/\/www.europesays.com\/lv\/wp-json\/wp\/v2\/tags?post=26173"}],"curies":[{"name":"wp","href":"https:\/\/api.w.org\/{rel}","templated":true}]}}