{"id":26179,"date":"2025-10-20T09:30:10","date_gmt":"2025-10-20T09:30:10","guid":{"rendered":"https:\/\/www.europesays.com\/lv\/26179\/"},"modified":"2025-10-20T09:30:10","modified_gmt":"2025-10-20T09:30:10","slug":"nba-sezonas-prognozes-labveligas-porzinga-jaunajai-komandai","status":"publish","type":"post","link":"https:\/\/www.europesays.com\/lv\/26179\/","title":{"rendered":"NBA sezonas prognozes labv\u0113l\u012bgas Porzi\u0146\u0123a jaunajai komandai"},"content":{"rendered":"<p>Piekt\u0101 komanda Porzi\u0146\u0123im<\/p>\n<p>Iepriek\u0161\u0113j\u0101s divas sezonas Kristaps Porzi\u0146\u0123is pavad\u012bja Bostonas &#8220;Celtics&#8221;, pirmaj\u0101 gad\u0101 izc\u012bnot ar\u012b \u010dempiontitulu. Lai ar\u012b &#8220;Celtics&#8221; pag\u0101ju\u0161aj\u0101 sezon\u0101 bija viena no favor\u012bt\u0113m, komanda l\u012bdz galam nepar\u0101d\u012bja savu potenci\u0101lu, zaud\u0113jot jau izsl\u0113g\u0161anas sp\u0113\u013cu 2. k\u0101rt\u0101. Vasar\u0101 Bostona aizmain\u012bja Porzi\u0146\u0123i uz &#8220;Hawks&#8221;, ta\u010du ne jau komandas sliktais sniegums bija iemesls p\u0101rmai\u0146\u0101m, bet gan l\u012bgas skarbie noteikumi. &#8220;Celtics&#8221; algu maks\u0101jumi sniedz\u0101s p\u0101ri noteiktaj\u0101m robe\u017e\u0101m, un \u0161\u0101das komandas uztur\u0113\u0161ana \u012bpa\u0161niekiem izmaks\u0101tu \u013coti d\u0101rgi, ieskaitot da\u017e\u0101dus aizliegumus no l\u012bgas puses.<\/p>\n<p>Galvenais sp\u0113l\u0113t\u0101js, kur\u0161 m\u016bsdien\u0101s asoci\u0113jas ar &#8220;Hawks&#8221;, ir Trejs Jangs. \u0100trais sasp\u0113les vad\u012bt\u0101js ir viens no l\u012bgas lab\u0101kajiem t\u0101lmetienu un rezultat\u012bvo piesp\u0113\u013cu izpild\u012bt\u0101jiem. Amb\u012bcijas sp\u0113l\u0113t\u0101jam ir lielas, tom\u0113r ar komandu t\u0101s nav izdevies \u012bstenot. Atlantas vad\u012bbai vasar\u0101 izdevies uzb\u016bv\u0113t simp\u0101tisku sast\u0101vu, un viens no st\u016brakme\u0146iem b\u016bs ar\u012b Porzi\u0146\u0123is.<\/p>\n<p>Pievienojot Porzi\u0146\u0123i, Jangs ieguvis garo sp\u0113l\u0113t\u0101ju, ar k\u0101du vi\u0146\u0161 v\u0113l l\u012bdz \u0161im nav sp\u0113l\u0113jis kop\u0101, jo latvietis sp\u0113j uzbrukt grozam no vis\u0101m poz\u012bcij\u0101m, un Jangam vajadz\u0113tu tikt pie viegl\u0101m rezultat\u012bv\u0101m piesp\u0113l\u0113m. Galvenais jaut\u0101jums liep\u0101jnieka sakar\u0101, protams, ir vesel\u012bba. Eiropas \u010dempion\u0101t\u0101 var\u0113j\u0101m redz\u0113t, ka ar mistisko slim\u012bbu, kas piemekl\u0113ja pag\u0101ju\u0161\u0101s sezonas izska\u0146\u0101, sekm\u012bgi tikts gal\u0101, ta\u010du gar\u0101s regul\u0101r\u0101s sezonas laik\u0101 Porzi\u0146\u0123i m\u0113dz piemekl\u0113t da\u017e\u0101di savainojumi, turkl\u0101t ar visai lielu p\u0101rliec\u012bbu var apgalvot, ka gad\u012bjumos, kad b\u016bs divas sp\u0113les div\u0101s dien\u0101s, latvietis vismaz vienu ma\u010du izlaid\u012bs.<\/p>\n","protected":false},"excerpt":{"rendered":"Piekt\u0101 komanda Porzi\u0146\u0123im Iepriek\u0161\u0113j\u0101s divas sezonas Kristaps Porzi\u0146\u0123is pavad\u012bja Bostonas &#8220;Celtics&#8221;, pirmaj\u0101 gad\u0101 izc\u012bnot ar\u012b \u010dempiontitulu. Lai ar\u012b&hellip;\n","protected":false},"author":2,"featured_media":26180,"comment_status":"","ping_status":"","sticky":false,"template":"","format":"standard","meta":{"footnotes":""},"categories":[17],"tags":[63,65,60,59,70,64,35,39,38,36,37,34,40,68,69,66,67,62,21,61],"class_list":{"0":"post-26179","1":"post","2":"type-post","3":"status-publish","4":"format-standard","5":"has-post-thumbnail","7":"category-sports","8":"tag-arvalstis","9":"tag-auto","10":"tag-egoiste","11":"tag-financenet","12":"tag-klik","13":"tag-kultura","14":"tag-latvia","15":"tag-latvian","16":"tag-latviesu","17":"tag-latviesu-valoda","18":"tag-latviesuvaloda","19":"tag-latvija","20":"tag-lv","21":"tag-maja","22":"tag-receptes","23":"tag-sejas","24":"tag-sports","25":"tag-viedokli","26":"tag-zinas","27":"tag-zinatne"},"share_on_mastodon":{"url":"","error":""},"_links":{"self":[{"href":"https:\/\/www.europesays.com\/lv\/wp-json\/wp\/v2\/posts\/26179","targetHints":{"allow":["GET"]}}],"collection":[{"href":"https:\/\/www.europesays.com\/lv\/wp-json\/wp\/v2\/posts"}],"about":[{"href":"https:\/\/www.europesays.com\/lv\/wp-json\/wp\/v2\/types\/post"}],"author":[{"embeddable":true,"href":"https:\/\/www.europesays.com\/lv\/wp-json\/wp\/v2\/users\/2"}],"replies":[{"embeddable":true,"href":"https:\/\/www.europesays.com\/lv\/wp-json\/wp\/v2\/comments?post=26179"}],"version-history":[{"count":0,"href":"https:\/\/www.europesays.com\/lv\/wp-json\/wp\/v2\/posts\/26179\/revisions"}],"wp:featuredmedia":[{"embeddable":true,"href":"https:\/\/www.europesays.com\/lv\/wp-json\/wp\/v2\/media\/26180"}],"wp:attachment":[{"href":"https:\/\/www.europesays.com\/lv\/wp-json\/wp\/v2\/media?parent=26179"}],"wp:term":[{"taxonomy":"category","embeddable":true,"href":"https:\/\/www.europesays.com\/lv\/wp-json\/wp\/v2\/categories?post=26179"},{"taxonomy":"post_tag","embeddable":true,"href":"https:\/\/www.europesays.com\/lv\/wp-json\/wp\/v2\/tags?post=26179"}],"curies":[{"name":"wp","href":"https:\/\/api.w.org\/{rel}","templated":true}]}}