{"id":26190,"date":"2025-10-20T09:41:14","date_gmt":"2025-10-20T09:41:14","guid":{"rendered":"https:\/\/www.europesays.com\/lv\/26190\/"},"modified":"2025-10-20T09:41:14","modified_gmt":"2025-10-20T09:41:14","slug":"gvinetas-paltrovas-nezina-par-timotija-salame-un-kailijas-dzeneres-romanu-izsmej-internetu-lente-lv","status":"publish","type":"post","link":"https:\/\/www.europesays.com\/lv\/26190\/","title":{"rendered":"Gvinetas Paltrovas nezi\u0146a par Timotija \u0160alam\u0113 un Kailijas D\u017eeneres rom\u0101nu izsmej internetu\u00a0\u2014\u00a0Lente.lv"},"content":{"rendered":"<p>Neuzman\u012bba vai strat\u0113\u0123ija? Gvinetas Paltrovas p\u0101rsteigums par Timotija \u0160alam\u0113 un Kailijas D\u017eeneres attiec\u012bb\u0101m<\/p>\n<p>Holivudas zvaigzne Gvineta Paltrova nesen atkl\u0101jusi k\u0101du intri\u0123\u0113jo\u0161u deta\u013cu, kas rad\u012bjusi zin\u0101mu izklaidi un p\u0101rsteigumu gan medijos, gan sabiedr\u012bb\u0101. Sarun\u0101 ar britu izdevumu &#8220;Vogue&#8221; Paltrova atzinusies, ka pirms sadarb\u012bbas film\u0101 &#8220;Marty Supreme&#8221; vi\u0146ai nebija ne jausmas par sava kol\u0113\u0123a Timotija \u0160alam\u0113 attiec\u012bb\u0101m ar realit\u0101tes \u0161ovu zvaigzni Kailiju D\u017eeneri. \u0160\u012b atkl\u0101sme, ko daudzi uztv\u0113ru\u0161i ar humoru, liek aizdom\u0101ties par slaven\u012bbu priv\u0101t\u0101s dz\u012bves nosl\u0113pumain\u012bbu un inform\u0101cijas pieejam\u012bbu pat visai tuvos profesion\u0101los lokos.<\/p>\n<p>P\u0101rsteidzo\u0161s atkl\u0101jums film\u0113\u0161anas laukum\u0101<\/p>\n<p>Gvinetas Paltrovas atzinums, ka vi\u0146a nav bijusi inform\u0113ta par Timotija \u0160alam\u0113 un Kailijas D\u017eeneres rom\u0101nu, ir \u012bpa\u0161i izbr\u012bn\u012bjis, \u0146emot v\u0113r\u0101, ka p\u0101ris ir kop\u0101 jau vair\u0101k nek\u0101 divus gadus, un vi\u0146u attiec\u012bbas ir pla\u0161i apspriestas medijos. Paltrova atkl\u0101ja, ka pirmo reizi iepazinusies ar \u0160alam\u0113 kost\u012bmu pielaiko\u0161anas laik\u0101 jaunajai filmai. Sarunas laik\u0101, cen\u0161oties iepaz\u012bt jauno aktieri, vi\u0146a nejau\u0161i jaut\u0101jusi, vai vi\u0146am ir draudzene. Sa\u0146emot apstiprino\u0161u atbildi, vi\u0146a izteikusi prieku par to, ka jauns v\u012brietis r\u016bp\u0113jas par k\u0101du, kurai ir b\u0113rni. Tolaik Paltrova v\u0113l nebija apzin\u0101jusies, ka runa ir par vienu no pasaules slaven\u0101kaj\u0101m person\u0101m \u2013 Kailiju D\u017eeneri.<\/p>\n<blockquote>\n<p>&#8220;Visi par mani smejas, jo es neko nezinu,&#8221; aktrise atzinusi intervij\u0101 britu &#8220;Vogue&#8221;. Vi\u0146a piebilda: &#8220;Es saprotu 45 gadus vecu cilv\u0113ku, kam ir savi b\u0113rni, un vi\u0146\u0161 satiekas ar sievieti, kurai ir b\u0113rni, bet ir for\u0161a izv\u0113le satikties ar jaunu sievieti, kurai ir divi b\u0113rni. Es to cienu. Man tas \u0161\u0137iet diezgan pankroks. Bet mana doma ir t\u0101da, ka es nezin\u0101ju, ka t\u0101 ir Kailija D\u017eenere&#8230;&#8221;<\/p>\n<\/blockquote>\n<p>\u0160\u012b situacija ir rad\u012bjusi ne tikai jautrus koment\u0101rus internet\u0101, bet ar\u012b licis daudziem apbr\u012bnot Paltrovas sp\u0113ju saglab\u0101t distanci no slaven\u012bbu aprindu tenk\u0101m, pat str\u0101d\u0101jot cie\u0161\u0101 kontakt\u0101 ar k\u0101du no iesaist\u012btajiem. Da\u017ei uzskata, ka vi\u0146as vienk\u0101r\u0161\u0101 atbilde par \u0160alam\u0113 draudzenes b\u0113rniem ir k\u0101 gl\u0101sts jaunajam aktierim, kur\u0161, iesp\u0113jams, dod priek\u0161roku priv\u0101tumam un neuzkr\u012bto\u0161ai attieksmei.<\/p>\n<p>Filmas &#8220;Marty Supreme&#8221; priek\u0161v\u0113sture un aktieru sadarb\u012bba<\/p>\n<p>Filma &#8220;Marty Supreme&#8221;, kur\u0101 Gvineta Paltrova un Timotijs \u0160alam\u0113 atveido galven\u0101s lomas, st\u0101sta par galda tenisa sp\u0113l\u0113t\u0101ja k\u0101pumiem slavas zen\u012bt\u0101 1950. gados. Paltrova atveido aktrisi Keju Stounu, kurai ir d\u0113ka ar galveno varoni. Lai gan Paltrova uzskata, ka attiec\u012bbas starp vi\u0146as t\u0113lotaj\u0101m person\u0101m ir vair\u0101k dar\u012bjums nek\u0101 romantika, vi\u0146as person\u012bg\u0101 nezi\u0146a par \u0160alam\u0113 attiec\u012bb\u0101m pie\u0161\u0137ir papildu intrigu \u0161ai situ\u0101cijai.<\/p>\n<p>Ir v\u0113rts piemin\u0113t, ka Paltrovas dal\u012bba film\u0101 bija da\u013c\u0113ji saist\u012bta ar vi\u0146as meitas Eplas D\u017eoanas S\u012bmora v\u0113lmi. K\u0101 izr\u0101d\u0101s, Epla ir \u0160alam\u0113 liela fane, un tie\u0161i vi\u0146as uzst\u0101j\u012bba pamudin\u0101jusi Paltrovu pie\u0146emt lomu. Tas pie\u0161\u0137ir v\u0113l vienu interesantu sl\u0101ni \u0161ai filmai un t\u0101s tap\u0161anas procesam.<\/p>\n<p>Skaidrojums par slaven\u012bbu attiec\u012bbu pasauli<\/p>\n<p>Timotija \u0160alam\u0113 un Kailijas D\u017eeneres attiec\u012bbu s\u0101kums tika pla\u0161i apspriests 2023. gada s\u0101kum\u0101, neilgi p\u0113c D\u017eeneres \u0161\u0137ir\u0161an\u0101s no Trevisa Skota. Baumas pastiprin\u0101j\u0101s, kad vi\u0146i tika paman\u012bti kop\u0101 da\u017e\u0101dos pas\u0101kumos, un l\u012bdz 2023. gada septembrim vi\u0146u romantisk\u0101s attiec\u012bbas tika apstiprin\u0101tas ar publisku par\u0101d\u012b\u0161anos Bejonses koncert\u0101. Kop\u0161 t\u0101 laika vi\u0146i kop\u012bgi apmekl\u0113ju\u0161i noz\u012bm\u012bgus pas\u0101kumus, tostarp Zelta globusu un &#8220;Oskara&#8221; balvu pasnieg\u0161anas ceremonijas. Lai gan p\u0101ris savas attiec\u012bbas publiski nekoment\u0113 p\u0101r\u0101k bie\u017ei, vi\u0146u kop\u012bg\u0101s fotogr\u0101fijas un par\u0101d\u012b\u0161an\u0101s publisk\u0101 telp\u0101 ir pietiekams apliecin\u0101jums vi\u0146u cie\u0161aj\u0101m sait\u0113m.<\/p>\n<p>\u0160\u012b situacija ar Gvinetu Paltrovu par\u0101da, ka pat slaven\u012bbu vid\u016b inform\u0101cijas pl\u016bsma var b\u016bt at\u0161\u0137ir\u012bga. Kam\u0113r vieni ir past\u0101v\u012bgi inform\u0113ti par katru notieko\u0161o, citi, \u0161\u0137iet, dz\u012bvo sav\u0101 pasaul\u0113, piln\u012bb\u0101 koncentr\u0113joties uz savu darbu vai person\u012bgo dz\u012bvi. Paltrovas atbilde, kur\u0101 vi\u0146a pau\u017e cie\u0146u pret \u0160alam\u0113 izv\u0113li veidot attiec\u012bbas ar jaun\u0101ku sievieti ar b\u0113rniem, liecina par atv\u0113rt\u012bbu un pie\u0146em\u0161anu, pat ja vi\u0146ai nebija piln\u012bgas inform\u0101cijas par attiec\u012bbu dal\u012bbnieku slaven\u012bbas statusu.<\/p>\n","protected":false},"excerpt":{"rendered":"Neuzman\u012bba vai strat\u0113\u0123ija? Gvinetas Paltrovas p\u0101rsteigums par Timotija \u0160alam\u0113 un Kailijas D\u017eeneres attiec\u012bb\u0101m Holivudas zvaigzne Gvineta Paltrova nesen&hellip;\n","protected":false},"author":2,"featured_media":26191,"comment_status":"","ping_status":"","sticky":false,"template":"","format":"standard","meta":{"footnotes":""},"categories":[19],"tags":[89,3067,90,8170,35,39,38,36,37,34,40,8171,3644,8169],"class_list":{"0":"post-26190","1":"post","2":"type-post","3":"status-publish","4":"format-standard","5":"has-post-thumbnail","7":"category-izklaide","8":"tag-entertainment","9":"tag-gvineta-paltrova","10":"tag-izklaide","11":"tag-kailija-dzenere","12":"tag-latvia","13":"tag-latvian","14":"tag-latviesu","15":"tag-latviesu-valoda","16":"tag-latviesuvaloda","17":"tag-latvija","18":"tag-lv","19":"tag-marty-supreme","20":"tag-slavenibu-attiecibas","21":"tag-timotijs-salame"},"share_on_mastodon":{"url":"","error":""},"_links":{"self":[{"href":"https:\/\/www.europesays.com\/lv\/wp-json\/wp\/v2\/posts\/26190","targetHints":{"allow":["GET"]}}],"collection":[{"href":"https:\/\/www.europesays.com\/lv\/wp-json\/wp\/v2\/posts"}],"about":[{"href":"https:\/\/www.europesays.com\/lv\/wp-json\/wp\/v2\/types\/post"}],"author":[{"embeddable":true,"href":"https:\/\/www.europesays.com\/lv\/wp-json\/wp\/v2\/users\/2"}],"replies":[{"embeddable":true,"href":"https:\/\/www.europesays.com\/lv\/wp-json\/wp\/v2\/comments?post=26190"}],"version-history":[{"count":0,"href":"https:\/\/www.europesays.com\/lv\/wp-json\/wp\/v2\/posts\/26190\/revisions"}],"wp:featuredmedia":[{"embeddable":true,"href":"https:\/\/www.europesays.com\/lv\/wp-json\/wp\/v2\/media\/26191"}],"wp:attachment":[{"href":"https:\/\/www.europesays.com\/lv\/wp-json\/wp\/v2\/media?parent=26190"}],"wp:term":[{"taxonomy":"category","embeddable":true,"href":"https:\/\/www.europesays.com\/lv\/wp-json\/wp\/v2\/categories?post=26190"},{"taxonomy":"post_tag","embeddable":true,"href":"https:\/\/www.europesays.com\/lv\/wp-json\/wp\/v2\/tags?post=26190"}],"curies":[{"name":"wp","href":"https:\/\/api.w.org\/{rel}","templated":true}]}}