{"id":26210,"date":"2025-10-20T09:57:08","date_gmt":"2025-10-20T09:57:08","guid":{"rendered":"https:\/\/www.europesays.com\/lv\/26210\/"},"modified":"2025-10-20T09:57:08","modified_gmt":"2025-10-20T09:57:08","slug":"sodra-par-720-miljoniem-eiro-pardos-tai-piederosos-mezus-baltija-ar-ikea-saistitai-kompanijai","status":"publish","type":"post","link":"https:\/\/www.europesays.com\/lv\/26210\/","title":{"rendered":"&#8220;Sodra&#8221; par 720 miljoniem eiro p\u0101rdos tai piedero\u0161os me\u017eus Baltij\u0101 ar IKEA saist\u012btai komp\u0101nijai"},"content":{"rendered":"<p>Tostarp Latvij\u0101 tiks p\u0101rdota zeme 135 000 hekt\u0101ru plat\u012bb\u0101, bet Igaunij\u0101 &#8211; 18 000 hekt\u0101ru plat\u012bb\u0101. Apm\u0113ram 89% no \u0161\u012bs zemes ir <a href=\"https:\/\/www.apollo.lv\/term\/555934\/mezs\" class=\"topicLink\" target=\"_blank\" rel=\"nofollow noopener\">me\u017es<\/a>.<\/p>\n<p>Tas ir liel\u0101kais me\u017eu zemes ieg\u0101des dar\u012bjums Latvijas v\u0113stur\u0113.<\/p>\n<p>Dar\u012bjuma nosl\u0113g\u0161anai v\u0113l ir nepiecie\u0161ams sa\u0146emt attiec\u012bgo uzraudz\u012bbas iest\u0101\u017eu apstiprin\u0101jumu Latvij\u0101 un Igaunij\u0101.<\/p>\n<p>&#8220;Ingka Investments&#8221; pl\u0101no veidot ilgtermi\u0146a sadarb\u012bbu ar Baltijas kokapstr\u0101des uz\u0146\u0113mumiem un pl\u0101t\u0146u ra\u017eot\u0101jiem, veicinot koksnes p\u0101rstr\u0101di uz vietas re\u0123ion\u0101, veidojot kvalific\u0113tas darbvietas un stiprinot viet\u0113jo kompetenci, skaidro komp\u0101nij\u0101.<\/p>\n<p>LETA jau zi\u0146oja, ka liel\u0101k\u0101 da\u013ca no &#8220;Sodra&#8221; piedero\u0161aj\u0101m tirg\u016b izliktaj\u0101m me\u017eu plat\u012bb\u0101m 2018. gad\u0101 tika nopirktas par 324 miljoniem eiro.<\/p>\n<p>&#8220;Inga Investments&#8221; l\u012bdz \u0161im pieder\u0113ja 110 000 hekt\u0101ru zemes Latvij\u0101.<\/p>\n<p>&#8220;Inga Investments&#8221; ir &#8220;IKEA&#8221; liel\u0101k\u0101 veikalu operatora &#8220;Ingka Group&#8221; invest\u012bciju strukt\u016brvien\u012bba, kas kopum\u0101 apsaimnieko vair\u0101k nek\u0101 331 500 hekt\u0101rus me\u017eu zemes.<\/p>\n<p>&#8220;Ingka Group&#8221; darbojas 31 valst\u012b un nodro\u0161ina aptuveni 90% no &#8220;IKEA&#8221; kop\u0113j\u0101s mazumtirdzniec\u012bbas apgroz\u012bjuma. Grupa pieder labdar\u012bbas fondam.<\/p>\n","protected":false},"excerpt":{"rendered":"Tostarp Latvij\u0101 tiks p\u0101rdota zeme 135 000 hekt\u0101ru plat\u012bb\u0101, bet Igaunij\u0101 &#8211; 18 000 hekt\u0101ru plat\u012bb\u0101. Apm\u0113ram 89%&hellip;\n","protected":false},"author":2,"featured_media":26211,"comment_status":"","ping_status":"","sticky":false,"template":"","format":"standard","meta":{"footnotes":""},"categories":[12],"tags":[23,28,29,32,33,22,284,30,31,35,39,38,36,37,34,40,699,20,26,27,24,25,21],"class_list":{"0":"post-26210","1":"post","2":"type-post","3":"status-publish","4":"format-standard","5":"has-post-thumbnail","7":"category-latvija","8":"tag-aktualitates","9":"tag-breaking-news","10":"tag-breakingnews","11":"tag-featured-news","12":"tag-featurednews","13":"tag-headlines","14":"tag-ikea","15":"tag-latest-news","16":"tag-latestnews","17":"tag-latvia","18":"tag-latvian","19":"tag-latviesu","20":"tag-latviesu-valoda","21":"tag-latviesuvaloda","22":"tag-latvija","23":"tag-lv","24":"tag-mezs","25":"tag-news","26":"tag-popularakas-zinas","27":"tag-popularakaszinas","28":"tag-top-stories","29":"tag-topstories","30":"tag-zinas"},"share_on_mastodon":{"url":"","error":""},"_links":{"self":[{"href":"https:\/\/www.europesays.com\/lv\/wp-json\/wp\/v2\/posts\/26210","targetHints":{"allow":["GET"]}}],"collection":[{"href":"https:\/\/www.europesays.com\/lv\/wp-json\/wp\/v2\/posts"}],"about":[{"href":"https:\/\/www.europesays.com\/lv\/wp-json\/wp\/v2\/types\/post"}],"author":[{"embeddable":true,"href":"https:\/\/www.europesays.com\/lv\/wp-json\/wp\/v2\/users\/2"}],"replies":[{"embeddable":true,"href":"https:\/\/www.europesays.com\/lv\/wp-json\/wp\/v2\/comments?post=26210"}],"version-history":[{"count":0,"href":"https:\/\/www.europesays.com\/lv\/wp-json\/wp\/v2\/posts\/26210\/revisions"}],"wp:featuredmedia":[{"embeddable":true,"href":"https:\/\/www.europesays.com\/lv\/wp-json\/wp\/v2\/media\/26211"}],"wp:attachment":[{"href":"https:\/\/www.europesays.com\/lv\/wp-json\/wp\/v2\/media?parent=26210"}],"wp:term":[{"taxonomy":"category","embeddable":true,"href":"https:\/\/www.europesays.com\/lv\/wp-json\/wp\/v2\/categories?post=26210"},{"taxonomy":"post_tag","embeddable":true,"href":"https:\/\/www.europesays.com\/lv\/wp-json\/wp\/v2\/tags?post=26210"}],"curies":[{"name":"wp","href":"https:\/\/api.w.org\/{rel}","templated":true}]}}