{"id":262352,"date":"2026-08-05T16:10:08","date_gmt":"2026-08-05T16:10:08","guid":{"rendered":"https:\/\/www.europesays.com\/lv\/262352\/"},"modified":"2026-08-05T16:10:08","modified_gmt":"2026-08-05T16:10:08","slug":"kina-maksa-miljonu-negaiditu-lemumu-pienemusais-zagars-atteicis-tituleta-lietuvas-kluba-piedavajumam-delfi","status":"publish","type":"post","link":"https:\/\/www.europesays.com\/lv\/262352\/","title":{"rendered":"\u0136\u012bn\u0101 maks\u0101 miljonu \u2013 negaid\u012btu l\u0113mumu pie\u0146\u0113mu\u0161ais \u017dagars atteicis titul\u0113ta Lietuvas kluba pied\u0101v\u0101jumam &#8211; Delfi"},"content":{"rendered":"<ol>\n<li><a href=\"https:\/\/news.google.com\/rss\/articles\/CBMi7wFBVV95cUxPUWpaOGRfcEtBR09NVTZ4eEc5NmFocWxyZVNsTWE0WHgzWThLbTJZUGZrOF82UDRmdDdlWWRZRkVLME1IRHFuNWhSZ0xwWVN5WnhtUlNPN1V3OHJIWGxHeGdfeWd1azRuYVhNcVZacWNaRTB6MHZJeURJdldYX2h4N2ZlNmZMejJfS2RkS2t0dUMyOU9LVHJkdHBpVElsc0t1U3hoOVZsQi1LNldOc3Y1RmsxX1BhdTRBSkloelluTC1rMEQ3cnJhZy1tN19BLVRkbGwwSmdrUHdORk9WaW5QeTJGRVBDa2VYTlZGYm11aw?oc=5\" target=\"_blank\" rel=\"nofollow noopener\">\u0136\u012bn\u0101 maks\u0101 miljonu \u2013 negaid\u012btu l\u0113mumu pie\u0146\u0113mu\u0161ais \u017dagars atteicis titul\u0113ta Lietuvas kluba pied\u0101v\u0101jumam<\/a>&nbsp;&nbsp;Delfi<\/li>\n<li><a href=\"https:\/\/news.google.com\/rss\/articles\/CBMinAFBVV95cUxOcWxqUjAyVWJINVp0dFdQTjVIT2lqTWdYRDdMWlFTNHdYYWlld2pPMDg2ZlVoeHBaTS12RFNYNUlkMEExZDBEdmlaelpvZjhOOFplTXVPeHBNYzJneTBNZUxpZG1SamlPdFVzMXpkbDd3ZHlHVWtWNjRoU1diVzFNTjhWNmgyTTI4aWxldWVzbnI3cUtjUjhvNnN4d3g?oc=5\" target=\"_blank\" rel=\"nofollow noopener\">Apskatnieki atkl\u0101j: \u017dagars \u0136\u012bn\u0101 peln\u012bs iespaid\u012bgu naudas summu \u2013 Basketbols<\/a>&nbsp;&nbsp;Sportacentrs.com<\/li>\n<li><a href=\"https:\/\/news.google.com\/rss\/articles\/CBMibEFVX3lxTE1lWE13TUdjbGtvUU05SGRVcnkzQ1JRYUZHOTZMLVdabGNkajFQWk9TeXdWdE9Vcm9VR3hSb09XQ2dJTm44WDlubEhjSU1QOHNFT3BQaV9wVWhpVEZKQXZKdXJDSVkzaDJlZW5zRw?oc=5\" target=\"_blank\" rel=\"nofollow noopener\">Cik lielu algu \u017dagaram bija gatava pied\u0101v\u0101t septi\u0146k\u0101rt\u0113j\u0101 Lietuvas \u010dempione?<\/a>&nbsp;&nbsp;Sportazinas.com<\/li>\n<li><a href=\"https:\/\/news.google.com\/rss\/articles\/CBMi1AFBVV95cUxPODBGUTZOTWdxbXhRSmxWYnFxTktSMDU3dmhycDBtajd2SElncHlvbkNqRGtJdndxSVBNQ3ZVMm45cFEyeWVhWEhuREs4Vl9FLTJzLUpFQ3pkYkg4OURKcFRmU2ZjUXRuZ0Qwc09GbU0zdE9MWHZXb2EzcU5rTE1aMDU5Y210YU1RVFFlYVNXYkd3R0M2dl9BOG1CNGIwWGNjb1ZTTVJpTFgxcTlhTWd4aFpiY1laTUcyNURYZGlsYmJmNk80QVJCelJCRG8wc1NSWFZkdg?oc=5\" target=\"_blank\" rel=\"nofollow noopener\">Atkl\u0101jies, cik basketbolists \u017dagars peln\u012bs \u0136\u012bn\u0101 &#8211; summa vair\u0101kk\u0101rt p\u0101rsniedz Eiropas klubu pied\u0101v\u0101jumus<\/a>&nbsp;&nbsp;Jauns.lv<\/li>\n<li><a href=\"https:\/\/news.google.com\/rss\/articles\/CBMinAFBVV95cUxPZFZ1cGZqZ1hob1VMWTBkalJjR1Z1aDFaeXBCdnpTVFN2YU5HWmFnZzNmdzdLWW9IaHVnamVOMk1YRmEzLUtWdG9Oem91OFJqQklQdmNfOWFSWEVqRFR1eVdGN1JjMjB6SUU5REdUcTVMUEVOOXQtS2huRzhoX3hJSmRHcG5LdWlvcHhYNG1hRHRKMEVOSkh5OHVfSmM?oc=5\" target=\"_blank\" rel=\"nofollow noopener\">\u0136\u012bn\u0101 str\u0101d\u0101jo\u0161ais latvie\u0161u treneris P\u012bternieks v\u0113rt\u0113 \u017dagara l\u0113mumu \u2013 Basketbols<\/a>&nbsp;&nbsp;Sportacentrs.com<\/li>\n<\/ol>\n","protected":false},"excerpt":{"rendered":"\u0136\u012bn\u0101 maks\u0101 miljonu \u2013 negaid\u012btu l\u0113mumu pie\u0146\u0113mu\u0161ais \u017dagars atteicis titul\u0113ta Lietuvas kluba pied\u0101v\u0101jumam&nbsp;&nbsp;Delfi Apskatnieki atkl\u0101j: \u017dagars \u0136\u012bn\u0101 peln\u012bs&hellip;\n","protected":false},"author":2,"featured_media":262353,"comment_status":"","ping_status":"","sticky":false,"template":"","format":"standard","meta":{"footnotes":"","_share_on_mastodon":"0"},"categories":[5],"tags":[23,1099,145,28,29,32,33,2692,22,30,31,35,39,38,36,37,34,40,20,26,27,2121,24,25,2120,36434,21],"class_list":["post-262352","post","type-post","status-publish","format-standard","has-post-thumbnail","category-aktualitates","tag-aktualitates","tag-arturs-zagars","tag-basketbols","tag-breaking-news","tag-breakingnews","tag-featured-news","tag-featurednews","tag-fenerbahce","tag-headlines","tag-latest-news","tag-latestnews","tag-latvia","tag-latvian","tag-latviesu","tag-latviesu-valoda","tag-latviesuvaloda","tag-latvija","tag-lv","tag-news","tag-popularakas-zinas","tag-popularakaszinas","tag-saruns-jasikevics","tag-top-stories","tag-topstories","tag-uleb-eiroliga","tag-vilnas-rytas","tag-zinas"],"share_on_mastodon":{"url":"https:\/\/pubeurope.com\/@lv\/117043778481218789","error":""},"_links":{"self":[{"href":"https:\/\/www.europesays.com\/lv\/wp-json\/wp\/v2\/posts\/262352","targetHints":{"allow":["GET"]}}],"collection":[{"href":"https:\/\/www.europesays.com\/lv\/wp-json\/wp\/v2\/posts"}],"about":[{"href":"https:\/\/www.europesays.com\/lv\/wp-json\/wp\/v2\/types\/post"}],"author":[{"embeddable":true,"href":"https:\/\/www.europesays.com\/lv\/wp-json\/wp\/v2\/users\/2"}],"replies":[{"embeddable":true,"href":"https:\/\/www.europesays.com\/lv\/wp-json\/wp\/v2\/comments?post=262352"}],"version-history":[{"count":0,"href":"https:\/\/www.europesays.com\/lv\/wp-json\/wp\/v2\/posts\/262352\/revisions"}],"wp:featuredmedia":[{"embeddable":true,"href":"https:\/\/www.europesays.com\/lv\/wp-json\/wp\/v2\/media\/262353"}],"wp:attachment":[{"href":"https:\/\/www.europesays.com\/lv\/wp-json\/wp\/v2\/media?parent=262352"}],"wp:term":[{"taxonomy":"category","embeddable":true,"href":"https:\/\/www.europesays.com\/lv\/wp-json\/wp\/v2\/categories?post=262352"},{"taxonomy":"post_tag","embeddable":true,"href":"https:\/\/www.europesays.com\/lv\/wp-json\/wp\/v2\/tags?post=262352"}],"curies":[{"name":"wp","href":"https:\/\/api.w.org\/{rel}","templated":true}]}}