{"id":26255,"date":"2025-10-20T10:39:09","date_gmt":"2025-10-20T10:39:09","guid":{"rendered":"https:\/\/www.europesays.com\/lv\/26255\/"},"modified":"2025-10-20T10:39:09","modified_gmt":"2025-10-20T10:39:09","slug":"pasvaldibas-policijas-prieksnieks-egils-gailis-atstadinats-no-amata-lente-lv","status":"publish","type":"post","link":"https:\/\/www.europesays.com\/lv\/26255\/","title":{"rendered":"Pa\u0161vald\u012bbas policijas priek\u0161nieks Eg\u012bls Gailis atst\u0101din\u0101ts no amata\u00a0\u2014\u00a0Lente.lv"},"content":{"rendered":"<p>Brunavas su\u0146u tra\u0123\u0113dija: Pa\u0161vald\u012bbas policijas priek\u0161nieks atst\u0101din\u0101ts no amata<\/p>\n<p>Jauns pav\u0113rsiens ir noticis Brunavas pagast\u0101 notiku\u0161aj\u0101 su\u0146u no\u0161au\u0161anas liet\u0101. Sakar\u0101 ar pag\u0101ju\u0161aj\u0101 ned\u0113\u013c\u0101 notiku\u0161o incidentu, kur tika no\u0161auti tr\u012bs su\u0146i, Bauskas novada pa\u0161vald\u012bbas policijas priek\u0161nieks Eg\u012bls Gailis ir atst\u0101din\u0101ts no amata pien\u0101kumu pild\u012b\u0161anas uz dienesta p\u0101rbaudes laiku. \u0160\u0101ds l\u0113mums pie\u0146emts, lai izv\u0113rt\u0113tu pa\u0161vald\u012bbas policijas darbinieku r\u012bc\u012bbu notikuma br\u012bd\u012b. Lietas izmekl\u0113\u0161ana turpin\u0101s, un tiek r\u016bp\u012bgi v\u0113rt\u0113ts, vai policisti ir iev\u0113roju\u0161i paredz\u0113to procesu\u0101lo darb\u012bbu algoritmu.<\/p>\n<p>Incidents un t\u0101 sekas<\/p>\n<p>Tra\u0123iskie notikumi risin\u0101j\u0101s 10. oktobr\u012b Brunavas pagast\u0101, kad priv\u0101t\u012bpa\u0161um\u0101 tika no\u0161auti tr\u012bs su\u0146i. S\u0101kotn\u0113ji tika sa\u0146emts izsaukums par trim agres\u012bviem klai\u0146ojo\u0161iem su\u0146iem, kas apdraud\u0113ja saimnieci. Lai gan tika piesaist\u012bts &#8220;Dz\u012bvnieku gl\u0101b\u0161anas dienests&#8221;, pirms vi\u0146u iera\u0161an\u0101s notikuma viet\u0101 ierad\u0101s mednieki, kuri pie\u0146\u0113ma l\u0113mumu su\u0146us no\u0161aut. \u0160ie su\u0146i bija sabrauku\u0161i ar\u012b stirnu, kas v\u0113l\u0101k tika atrasta saplos\u012bta.<\/p>\n<p>\u0160is gad\u012bjums ir izrais\u012bjis pla\u0161u rezonansi un sa\u0161utumu sabiedr\u012bb\u0101. Su\u0146u \u012bpa\u0161nieks, uz\u0146\u0113m\u0113js Modris Konovalovs, zin\u0101ms k\u0101 saimniec\u012bbas &#8220;Modra olas&#8221; \u012bpa\u0161nieks, pau\u017e dzi\u013cas skumjas un vil\u0161anos, uzsverot, ka vi\u0146a su\u0146i bija k\u0101 \u0123imenes locek\u013ci. Vi\u0146\u0161 ir v\u0113rsies pie juristiem, lai pan\u0101ktu taisn\u012bgumu un noskaidrotu paties\u012bbu par notiku\u0161o.<\/p>\n<p>Izmekl\u0113\u0161anas gaita un juridiskie aspekti<\/p>\n<p>Valsts policija ir uzs\u0101kusi krimin\u0101lprocesu par notiku\u0161o, izmekl\u0113jot iesp\u0113jamu cietsird\u012bgu iztur\u0113\u0161anos pret dz\u012bvniekiem. S\u0101kotn\u0113ji process tika ierosin\u0101ts p\u0113c panta par noziedz\u012bgiem nodar\u012bjumiem pret visp\u0101r\u0113jo dro\u0161\u012bbu, bet v\u0113l\u0101k tas tika p\u0101rkvalific\u0113ts. Lai nodro\u0161in\u0101tu izmekl\u0113\u0161anas objektivit\u0101ti, krimin\u0101lprocesa izmekl\u0113\u0161ana ir nodota citai strukt\u016brvien\u012bbai. Tiek veiktas ekspert\u012bzes gan su\u0146iem, gan stirnai, k\u0101 ar\u012b notiek darbs ar vis\u0101m iesaist\u012btaj\u0101m person\u0101m.<\/p>\n<p>\u0160aj\u0101 liet\u0101 ir radu\u0161\u0101s ar\u012b ba\u017eas par iesp\u0113jamu datu nopl\u016bdi no pa\u0161vald\u012bbas policijas sist\u0113m\u0101m. Bauskas novada pa\u0161vald\u012bba \u0161aj\u0101 sakar\u0101 v\u0113rs\u012bsies Datu valsts inspekcij\u0101. Pa\u0161vald\u012bba ar\u012b stingri nosoda draudus, kas izteikti soci\u0101lajos medijos pret pa\u0161vald\u012bbas policijas darbiniekiem un vi\u0146u tuviniekiem.<\/p>\n<p>Ministru prezidente Evika Sili\u0146a ir nor\u0101d\u012bjusi, ka \u0161is gad\u012bjums, k\u0101 ar\u012b citi l\u012bdz\u012bgi incidenti, var\u0113tu pras\u012bt iero\u010du aprites un med\u012bbu noteikumu p\u0101rskat\u012b\u0161anu. Vi\u0146a uzsver, ka sabiedr\u012bba sagaida atkl\u0101t\u0101ku rezult\u0101tu no izmekl\u0113jo\u0161aj\u0101m iest\u0101d\u0113m.<\/p>\n<p>Pa\u0161vald\u012bbas policijas priek\u0161nieka vietnieks Aivars Vilci\u0146\u0161 uz dienesta p\u0101rbaudes laiku pilda Eg\u012bla Gai\u013ca amata pien\u0101kumus.<\/p>\n","protected":false},"excerpt":{"rendered":"Brunavas su\u0146u tra\u0123\u0113dija: Pa\u0161vald\u012bbas policijas priek\u0161nieks atst\u0101din\u0101ts no amata Jauns pav\u0113rsiens ir noticis Brunavas pagast\u0101 notiku\u0161aj\u0101 su\u0146u no\u0161au\u0161anas&hellip;\n","protected":false},"author":2,"featured_media":26256,"comment_status":"","ping_status":"","sticky":false,"template":"","format":"standard","meta":{"footnotes":""},"categories":[12],"tags":[23,8195,28,29,8193,2702,8194,32,33,22,6786,30,31,35,39,38,36,37,34,40,20,26,27,24,25,21],"class_list":{"0":"post-26255","1":"post","2":"type-post","3":"status-publish","4":"format-standard","5":"has-post-thumbnail","7":"category-latvija","8":"tag-aktualitates","9":"tag-bauskas-novada-pasvaldibas-policija","10":"tag-breaking-news","11":"tag-breakingnews","12":"tag-brunavas-sunu-nosausana","13":"tag-dienesta-parbaude","14":"tag-egils-gailis-atstadinats","15":"tag-featured-news","16":"tag-featurednews","17":"tag-headlines","18":"tag-kriminalprocess","19":"tag-latest-news","20":"tag-latestnews","21":"tag-latvia","22":"tag-latvian","23":"tag-latviesu","24":"tag-latviesu-valoda","25":"tag-latviesuvaloda","26":"tag-latvija","27":"tag-lv","28":"tag-news","29":"tag-popularakas-zinas","30":"tag-popularakaszinas","31":"tag-top-stories","32":"tag-topstories","33":"tag-zinas"},"share_on_mastodon":{"url":"","error":""},"_links":{"self":[{"href":"https:\/\/www.europesays.com\/lv\/wp-json\/wp\/v2\/posts\/26255","targetHints":{"allow":["GET"]}}],"collection":[{"href":"https:\/\/www.europesays.com\/lv\/wp-json\/wp\/v2\/posts"}],"about":[{"href":"https:\/\/www.europesays.com\/lv\/wp-json\/wp\/v2\/types\/post"}],"author":[{"embeddable":true,"href":"https:\/\/www.europesays.com\/lv\/wp-json\/wp\/v2\/users\/2"}],"replies":[{"embeddable":true,"href":"https:\/\/www.europesays.com\/lv\/wp-json\/wp\/v2\/comments?post=26255"}],"version-history":[{"count":0,"href":"https:\/\/www.europesays.com\/lv\/wp-json\/wp\/v2\/posts\/26255\/revisions"}],"wp:featuredmedia":[{"embeddable":true,"href":"https:\/\/www.europesays.com\/lv\/wp-json\/wp\/v2\/media\/26256"}],"wp:attachment":[{"href":"https:\/\/www.europesays.com\/lv\/wp-json\/wp\/v2\/media?parent=26255"}],"wp:term":[{"taxonomy":"category","embeddable":true,"href":"https:\/\/www.europesays.com\/lv\/wp-json\/wp\/v2\/categories?post=26255"},{"taxonomy":"post_tag","embeddable":true,"href":"https:\/\/www.europesays.com\/lv\/wp-json\/wp\/v2\/tags?post=26255"}],"curies":[{"name":"wp","href":"https:\/\/api.w.org\/{rel}","templated":true}]}}