{"id":26259,"date":"2025-10-20T10:42:14","date_gmt":"2025-10-20T10:42:14","guid":{"rendered":"https:\/\/www.europesays.com\/lv\/26259\/"},"modified":"2025-10-20T10:42:14","modified_gmt":"2025-10-20T10:42:14","slug":"video-%e2%9f%a9-dailslidosanas-fenomens-malinins-francija-demonstre-vel-vienu-meistarklasi","status":"publish","type":"post","link":"https:\/\/www.europesays.com\/lv\/26259\/","title":{"rendered":"VIDEO \u27e9 Dai\u013cslido\u0161anas fenomens Ma\u013ci\u0146ins Francij\u0101 demonstr\u0113 v\u0113l vienu meistarklasi"},"content":{"rendered":"<p>Ma\u013ci\u0146ins divu dienu sacens\u012bb\u0101s kopum\u0101 sakr\u0101ja 321 punktu, p\u0101rliecino\u0161i apsteidzot tuv\u0101ko sekot\u0101ju Adamu Sjao Him Fa (280,95). Abos priek\u0161nesumos amerik\u0101nis izpild\u012bja visus elementus ar augstu precizit\u0101ti, sa\u0146emot pozit\u012bvu v\u0113rt\u0113jumu par katru no tiem.<\/p>\n<p>\u012asaj\u0101 programm\u0101 Ma\u013ci\u0146ins sasniedza 105,22 punktus.<\/p>\n<p>Izv\u0113les programm\u0101 vi\u0146\u0161 ieguva 215,78 punktus.<\/p>\n<p>ISU &#8220;Grand Prix&#8221; Francijas posma lab\u0101kie pieci rezult\u0101ti:<\/p>\n<ol>\n<li>I\u013cja Ma\u013ci\u0146ins (ASV) \u2013 321,00 punkti (105,22 \/ 215,78)<\/li>\n<li>Adamu Sjao Hims Fa (Francija) \u2013 280,95 punkti (84,87 \/ 196,08)<\/li>\n<li>Nika Egadze (Gruzija) \u2013 259,41 punkti (95,67 \/ 163,74)<\/li>\n<li>L\u016bkass Bri\u010dgi (\u0160veice) \u2013 249,04 punkti 78,68 \/ 170,36)<\/li>\n<li>Fransu\u0101 Pito (Francija) \u2013 233,98 punkti 78,50 \/ 155,48)<\/li>\n<\/ol>\n<p>Astotaj\u0101 viet\u0101 palika igaunis Mihails Selevko (232,17 punkti), kuram t\u0101 bija karjeras augst\u0101k\u0101 poz\u012bcija &#8220;Grand Prix&#8221; sacens\u012bb\u0101s pieaugu\u0161o l\u012bmen\u012b.<\/p>\n<p>20 gadus vecais sportists p\u0113d\u0113jo sezonu laik\u0101 k\u013cuvis par neapstr\u012bdamu l\u012bderi dai\u013cslido\u0161an\u0101. Vi\u0146\u0161 triumf\u0113jis divos p\u0113d\u0113jos &#8220;Grand Prix&#8221; fin\u0101los un pasaules \u010dempion\u0101tos, un \u0161obr\u012bd tiek uzskat\u012bts par galveno favor\u012btu uz olimpisko zeltu. Kop\u0161 p\u0101rie\u0161anas uz pieaugu\u0161o l\u012bmeni Ma\u013ci\u0146ins nopeln\u012bjis 27 meda\u013cas 29 turn\u012bros.<\/p>\n<p>Vi\u0146am pieder visu laiku augst\u0101kais rezult\u0101ts izv\u0113les programm\u0101 un otrais lab\u0101kais kop\u0113jais punktu skaits v\u0113stur\u0113. Ma\u013ci\u0146ins ir vien\u012bgais dai\u013cslidot\u0101js pasaul\u0113, kuram izdevies izpild\u012bt \u010detrarpus apgriezienu l\u0113cienu &#8220;quad axel&#8221;.<\/p>\n<p>ISU &#8220;Grand Prix&#8221; fin\u0101ls notiks decembr\u012b, un taj\u0101 kvalific\u0113sies se\u0161i lab\u0101kie dai\u013cslidot\u0101ji. Katrs sportists sezonas laik\u0101 start\u0113 divos posmos. Latvijas p\u0101rst\u0101vis Deniss Vasi\u013cjevs pl\u0101no piedal\u012bties \u0136\u012bnas un Somijas sacens\u012bb\u0101s.<\/p>\n","protected":false},"excerpt":{"rendered":"Ma\u013ci\u0146ins divu dienu sacens\u012bb\u0101s kopum\u0101 sakr\u0101ja 321 punktu, p\u0101rliecino\u0161i apsteidzot tuv\u0101ko sekot\u0101ju Adamu Sjao Him Fa (280,95). Abos&hellip;\n","protected":false},"author":2,"featured_media":26260,"comment_status":"","ping_status":"","sticky":false,"template":"","format":"standard","meta":{"footnotes":""},"categories":[17],"tags":[1295,35,39,38,36,37,34,40,67],"class_list":{"0":"post-26259","1":"post","2":"type-post","3":"status-publish","4":"format-standard","5":"has-post-thumbnail","7":"category-sports","8":"tag-dailslidosana","9":"tag-latvia","10":"tag-latvian","11":"tag-latviesu","12":"tag-latviesu-valoda","13":"tag-latviesuvaloda","14":"tag-latvija","15":"tag-lv","16":"tag-sports"},"share_on_mastodon":{"url":"","error":""},"_links":{"self":[{"href":"https:\/\/www.europesays.com\/lv\/wp-json\/wp\/v2\/posts\/26259","targetHints":{"allow":["GET"]}}],"collection":[{"href":"https:\/\/www.europesays.com\/lv\/wp-json\/wp\/v2\/posts"}],"about":[{"href":"https:\/\/www.europesays.com\/lv\/wp-json\/wp\/v2\/types\/post"}],"author":[{"embeddable":true,"href":"https:\/\/www.europesays.com\/lv\/wp-json\/wp\/v2\/users\/2"}],"replies":[{"embeddable":true,"href":"https:\/\/www.europesays.com\/lv\/wp-json\/wp\/v2\/comments?post=26259"}],"version-history":[{"count":0,"href":"https:\/\/www.europesays.com\/lv\/wp-json\/wp\/v2\/posts\/26259\/revisions"}],"wp:featuredmedia":[{"embeddable":true,"href":"https:\/\/www.europesays.com\/lv\/wp-json\/wp\/v2\/media\/26260"}],"wp:attachment":[{"href":"https:\/\/www.europesays.com\/lv\/wp-json\/wp\/v2\/media?parent=26259"}],"wp:term":[{"taxonomy":"category","embeddable":true,"href":"https:\/\/www.europesays.com\/lv\/wp-json\/wp\/v2\/categories?post=26259"},{"taxonomy":"post_tag","embeddable":true,"href":"https:\/\/www.europesays.com\/lv\/wp-json\/wp\/v2\/tags?post=26259"}],"curies":[{"name":"wp","href":"https:\/\/api.w.org\/{rel}","templated":true}]}}