{"id":26267,"date":"2025-10-20T10:48:15","date_gmt":"2025-10-20T10:48:15","guid":{"rendered":"https:\/\/www.europesays.com\/lv\/26267\/"},"modified":"2025-10-20T10:48:15","modified_gmt":"2025-10-20T10:48:15","slug":"vel-jamacas-pienemt-to-ka-neesmu-tik-laba-cik-biju","status":"publish","type":"post","link":"https:\/\/www.europesays.com\/lv\/26267\/","title":{"rendered":"V\u0113l j\u0101m\u0101c\u0101s pie\u0146emt to, ka neesmu tik laba, cik biju"},"content":{"rendered":"<p>Pasaules U-23 vice\u010dempione un Pasaules kausa posmos divas reizes pieciniek\u0101 tikus\u012b <a rel=\"noopener nofollow\" target=\"_blank\" href=\"https:\/\/www.delfi.lv\/temas\/52575639\/patricija-eiduka\" tag-id=\"52575639\">Patr\u012bcija Eiduka<\/a> atz\u012bst, ka par pieredz\u0113ju\u0161o un titul\u0113to <a rel=\"noopener nofollow\" target=\"_blank\" href=\"https:\/\/www.delfi.lv\/temas\/35438241\/distancu-sleposana\" tag-id=\"35438241\">sl\u0113pot\u0101ju<\/a> izaudzin\u0101t\u0101ju Markusu Kr\u0101meru k\u0101 par treneri bija dom\u0101jusi jau iepriek\u0161, un v\u0101cu speci\u0101lists bija vien\u012bg\u0101 iesp\u0113ja \u0161obr\u012bd. Olimpisko sp\u0113\u013cu 23. vietas ieguv\u0113ja no Vecbebriem, kura tagad tren\u0113jas kop\u0101 ar It\u0101lijas izlasi, past\u0101st\u012bja, ka, sal\u012bdzinot ar iepriek\u0161\u0113jiem gadiem, psiholo\u0123iski j\u016btas lab\u0101k, ta\u010du fiziski v\u0113l ne, un cer, ka jaun\u0101 sadarb\u012bba izdosies. <\/p>\n<p>&#8220;P\u0113c iepriek\u0161\u0113j\u0101s ziemas sezonas man nebija daudz ideju, ar kuru treneri es grib\u0113tu sadarboties turpm\u0101kos gadus. Jau pirms vair\u0101kiem gadiem man bija v\u0113lme tren\u0113ties pie Markusa Kr\u0101mera, bet tad situ\u0101cija izv\u0113rt\u0101s cit\u0101d\u0101k un nebija \u012bsti iesp\u0113jas. P\u0113c \u0161\u012bs sezonas sapratu, ka ir vajadz\u012bgas p\u0101rmai\u0146as, ja es gribu turpin\u0101t sportot. Man bija vajadz\u012bga trenera mai\u0146a, un bija tikai viena iesp\u0113ja \u2013 tas bija Markuss. Ar vi\u0146u bija labs kontakts jau iepriek\u0161, bet t\u0101das nopietn\u0101kas sarunas m\u0113s veic\u0101m pavasar\u012b. Attieksme no vi\u0146a puses bija laipna, ar prieku bija gatavs pal\u012bdz\u0113t un uzs\u0101kt sadarb\u012bbu. L\u012bdz ar to ir noman\u012bjies ne tikai treneris, bet ar\u012b visa komanda un sl\u0113pju serviss. N\u0101kamaj\u0101 sezon\u0101 par sl\u0113pju sm\u0113r\u0113\u0161anu r\u016bp\u0113sies It\u0101lijas izlase,&#8221; par izmai\u0146\u0101m pirms jaun\u0101s sezonas st\u0101sta Patr\u012bcija.<\/p>\n<p>&#8220;K\u0101p\u0113c tie\u0161i Kr\u0101mers? Sapratu, ka man ir vajadz\u012bgs pieredz\u0113jis treneris, kur\u0161 ir g\u0101jis cauri daudz\u0101m da\u017e\u0101d\u0101m situ\u0101cij\u0101m. Manupr\u0101t, tie\u0161i Kr\u0101mers ir tas, kuram ir t\u0101da pieredze. Ceru, ka neesmu k\u013c\u016bd\u012bjusies un izv\u0113l\u0113jusies pareizo ce\u013cu,&#8221; cer\u012bbu pau\u017e Pasaules kausa posmos daudzk\u0101rt tr\u012bsdesmitniek\u0101 tikus\u012b latviete. &#8220;Vi\u0146\u0161 ir \u013coti mier\u012bgs un nosv\u0113rts, un mums sportistiem dod p\u0101rliec\u012bbu, ka visu dar\u0101m pareizi. Nav j\u0101lauza galva par treni\u0146u pl\u0101nu. J\u0101izce\u013c ar\u012b Kr\u0101mera liel\u0101 pieredze un zin\u0101\u0161anas, str\u0101d\u0101jot ar titul\u0113tiem sportistiem. Vi\u0146\u0161 \u013coti labi m\u0101k ieklaus\u012bties sportistos un \u0101tri rea\u0123\u0113t uz konkr\u0113tu situ\u0101ciju, n\u0101kot pret\u012b sportistam.&#8221;<\/p>\n<p>&#8220;Ar j\u016bniju pievienojos It\u0101lijas izlasei uz treni\u0146nometn\u0113m, kas ilga tr\u012bs ned\u0113\u013cas. T\u0101da prakse bija ar\u012b Polijas izlas\u0113. Norv\u0113\u0123iem bija sava sist\u0113ma &#8211; tad es vair\u0101k biju m\u0101j\u0101s, tagad tikai vienu ned\u0113\u013cu m\u0113nes\u012b. Tas man ir lab\u0101k, jo, kad biju vair\u0101k m\u0101j\u0101s, daudz laika aiz\u0146\u0113ma nok\u013c\u016b\u0161ana uz treni\u0146u viet\u0101m. Treni\u0146nometnes tr\u012bs ned\u0113\u013cas n\u0101k man par labu. J\u016bnij\u0101 un j\u016blij\u0101 bij\u0101m Torsb\u012b (Zviedrija) sl\u0113po\u0161anas tunel\u012b, t\u0101 k\u0101 uz sl\u0113p\u0113m \u0161ovasar esmu bijusi gana daudz. Turkl\u0101t v\u0113l septembr\u012b sl\u0113po\u0161anas tunel\u012b Oberhof\u0101, bet tagad oktobr\u012b esam kalnos uz led\u0101ja It\u0101lij\u0101. L\u012bdz ar to kilometri uz sl\u0113p\u0113m tiek v\u0101kti visu laiku,&#8221; st\u0101sta Eiduka.<\/p>\n<p>&#8220;Jaun\u0101 komanda mani uz\u0146\u0113ma diezgan labi. It\u0101\u013ci pa\u0161i par sevi ir \u013coti draudz\u012bgi. Esam k\u0101 viena liela \u0123imene. Gan sadarb\u012bba, gan ikdiena ar vi\u0146iem ir diezgan vienk\u0101r\u0161a. Vi\u0146u kult\u016bra ir mums l\u012bdz\u012bg\u0101ka nek\u0101 norv\u0113\u0123u, t\u0101p\u0113c \u0161aj\u0101 komand\u0101 ir viegl\u0101k iejusties,&#8221; ar iespaidiem par jauno komanda dal\u0101s pasaules \u010dempion\u0101tos tr\u012bs reizes divdesmitniek\u0101 tikus\u012b Patr\u012bcija. &#8220;Esam diezgan daudz dom\u0101ju\u0161i par to un analiz\u0113ju\u0161i, kas tad nog\u0101ja greizi iepriek\u0161\u0113j\u0101 sezon\u0101. Galvenais iemesls ir slod\u017eu nepareiza sadal\u012b\u0161ana. Iesp\u0113jams, bija par daudz \u0101truma treni\u0146u un nebija pietiekami daudz atp\u016btas. L\u012bdz ar to notika p\u0101rtren\u0113\u0161an\u0101s.&#8221; <\/p>\n<p>&#8220;Pirms \u0161\u012bs sezonas galven\u0101 at\u0161\u0137ir\u012bba ir t\u0101, ka slod\u017eu sadal\u012b\u0161ana ir vienm\u0113r\u012bg\u0101ka un \u0101truma darbi ir maz\u0101ki. Pati j\u016btos lab\u0101k, jo ir l\u012bdz\u012bga sist\u0113ma, k\u0101 esmu str\u0101d\u0101jusi agr\u0101k. Protams, n\u0101ku\u0161i kl\u0101t da\u017e\u0101di jaunin\u0101jumi, bet pa lielam pamats ir t\u0101ds pats, pie k\u0101 jau biju pieradusi. T\u0101p\u0113c nav bijis sare\u017e\u0123\u012bti &#8220;iel\u0113kt&#8221; jaun\u0101 trenera treni\u0146umetodik\u0101,&#8221; Eiduka past\u0101sta par jaun\u0101s sist\u0113mas l\u012bdz\u012bb\u0101m ar k\u0101dreiz\u0113jo un at\u0161\u0137ir\u012bgo no norv\u0113\u0123u sist\u0113mas.<\/p>\n<p>&#8220;Fiziski man b\u016bs un ir v\u0113l j\u0101m\u0101c\u0101s pie\u0146emt eso\u0161o situ\u0101ciju, ka neesmu tik laba, cik biju pirms p\u0101rtren\u0113\u0161an\u0101s. Savuk\u0101rt psiholo\u0123iski j\u016btos lab\u0101k nek\u0101 jebkad, jo t\u0101 situ\u0101cija ar p\u0101rtren\u0113\u0161anos bija \u0101rk\u0101rt\u012bgi smags periods. Bet \u0161obr\u012bd es saprotu, ka bija j\u0101notiek kaut kam t\u0101dam, lai nok\u013c\u016btu tur, kur esmu tagad, proti, str\u0101d\u0101tu ar t\u0101du izcilu treneri k\u0101 Markuss. Tas iem\u0101c\u012bjis neb\u016bt tik naivai, bet vair\u0101k dom\u0101t pa\u0161ai un ieklaus\u012bties sav\u0101s saj\u016bt\u0101s. Nov\u0113rt\u0113ju, ka man ir treneris, kur\u0161 ieklaus\u0101s man\u012b. Caur sakostiem zobiem varu pateikt paldies tai situ\u0101cijai, kas mani nor\u016bd\u012bjusi un padar\u012bjusi stipr\u0101ku psiholo\u0123iski. \u0160o sezonu negaidu ar stresu par to, k\u0101 b\u016bs, jo zinu, ka esmu izdar\u012bjusi maksimumu. Esam centu\u0161ies piel\u0101got treni\u0146pl\u0101nu manam \u0161\u0101 br\u012b\u017ea st\u0101voklim, lai var\u0113tu progres\u0113t un tikt \u0101r\u0101 no bedres. Ja esmu izdar\u012bjusi visu, tad j\u0101\u013cauj notiktpa\u0161am procesam,&#8221; p\u0101rliec\u012bba j\u016btama lab\u0101k\u0101 rezult\u0101ta \u012bpa\u0161niecei &#8220;Tour de ski&#8221; no Baltijas valst\u012bm.<\/p>\n<p>&#8220;No m\u0113ne\u0161a uz m\u0113nesi redzu, ka esmu k\u013cuvusi lab\u0101ka un lab\u0101ka, kas dod p\u0101rliec\u012bbu, ka varu uzs\u0101kt \u0161o sezonu. Protams, ar p\u0101rliec\u012bbu vien nepietiek, jo ir bijis p\u0101r\u0101k \u012bss laiks, lai viss sak\u0101rtotos l\u012bdz tam, k\u0101 bija iepriek\u0161. T\u0101p\u0113c  \u017e\u0113l, ka olimpisk\u0101s sp\u0113les nav n\u0101kamaj\u0101 sezon\u0101, bet \u0161aj\u0101. Ta\u010du ir prieks, ka r\u0101d\u012bt\u0101ji uzlabojas, sal\u012bdzinot ar vasaras s\u0101kumu. Dom\u0101ju, ka esmu uz pareiz\u0101 ce\u013ca. J\u0101atz\u012bst, ka ir san\u0101cis ar\u012b apslimt un ir bijis vajadz\u012bgs k\u0101ds mier\u012bg\u0101ks periods,&#8221; kopum\u0101 par pozit\u012bv\u0101m izmai\u0146\u0101m st\u0101sta olimpisko sp\u0113\u013cu 23. vietas ieguv\u0113ja.<\/p>\n<p>&#8220;N\u0101kam\u0101 nometne mums pl\u0101nojas no 2. novembra Muonio, kur novembra vid\u016b paredz\u0113ts atkl\u0101t sezonu ar startu sp\u0113c\u012bga sast\u0101va <a rel=\"noopener nofollow\" target=\"_blank\" href=\"https:\/\/www.delfi.lv\/temas\/35850561\/fis\" tag-id=\"35850561\">FIS<\/a> sacens\u012bb\u0101s. Protams, atkar\u012bb\u0101 no situ\u0101cijas, k\u0101 man ies, pl\u0101ns ir start\u0113t Pasaules kausa posmos un &#8220;Tour de Ski&#8221;, ta\u010du viennoz\u012bm\u012bgi galvenais m\u0113r\u0137is ir <a rel=\"noopener nofollow\" target=\"_blank\" href=\"https:\/\/www.delfi.lv\/temas\/35643689\/olimpiskas-speles\" tag-id=\"35643689\">olimpisk\u0101s sp\u0113les<\/a>,&#8221; nor\u0101da Eiduka. <\/p>\n<p>Patr\u012bcija ar\u012b nesl\u0113pj, ka periods l\u012bdz vi\u0146a pievienoj\u0101s jaunajai komandai bijis \u013coti smags, t\u0101p\u0113c vi\u0146a v\u0113las pateikties \u0123imenei, visiem atbalst\u012bt\u0101jiem, faniem, kas cent\u0101s uzmundrin\u0101t. &#8220;Bija pat\u012bkami sajust, ka neesi viena, ka tevi atbalsta. Tas deva motiv\u0101ciju turpin\u0101t.&#8221;<\/p>\n<p class=\"m-0\">Seko &#8220;Delfi&#8221; ar\u012b  <a target=\"_blank\" href=\"https:\/\/www.instagram.com\/delfi.lv\/\" rel=\"nofollow noopener\">Instagram<\/a>  un <a target=\"_blank\" href=\"https:\/\/www.youtube.com\/channel\/UCw5foWtcJvAbUm64rv7jwUQ\" rel=\"nofollow noopener\">YouTube<\/a>  profil\u0101 \u2013 pievienojies, lai uzzin\u0101tu svar\u012bg\u0101ko un interesant\u0101ko pirmais!<\/p>\n<p>Publik\u0101cijas saturs vai t\u0101s jebk\u0101da apjoma da\u013ca ir aizsarg\u0101ts autorties\u012bbu objekts Autorties\u012bbu likuma izpratn\u0113, un t\u0101 izmanto\u0161ana bez izdev\u0113ja at\u013caujas ir aizliegta. Vair\u0101k lasi  <a target=\"_blank\" href=\"https:\/\/www.delfi.lv\/noteikumi#autortiesibas\" rel=\"nofollow noopener\">\u0161eit<\/a><script async src=\"\/\/www.instagram.com\/embed.js\"><\/script><\/p>\n","protected":false},"excerpt":{"rendered":"Pasaules U-23 vice\u010dempione un Pasaules kausa posmos divas reizes pieciniek\u0101 tikus\u012b Patr\u012bcija Eiduka atz\u012bst, ka par pieredz\u0113ju\u0161o un&hellip;\n","protected":false},"author":2,"featured_media":26268,"comment_status":"","ping_status":"","sticky":false,"template":"","format":"standard","meta":{"footnotes":""},"categories":[17],"tags":[8196,8197,35,39,38,36,37,34,40,1500,8094,67],"class_list":{"0":"post-26267","1":"post","2":"type-post","3":"status-publish","4":"format-standard","5":"has-post-thumbnail","7":"category-sports","8":"tag-distancu-sleposana","9":"tag-fis","10":"tag-latvia","11":"tag-latvian","12":"tag-latviesu","13":"tag-latviesu-valoda","14":"tag-latviesuvaloda","15":"tag-latvija","16":"tag-lv","17":"tag-olimpiskas-speles","18":"tag-patricija-eiduka","19":"tag-sports"},"share_on_mastodon":{"url":"","error":""},"_links":{"self":[{"href":"https:\/\/www.europesays.com\/lv\/wp-json\/wp\/v2\/posts\/26267","targetHints":{"allow":["GET"]}}],"collection":[{"href":"https:\/\/www.europesays.com\/lv\/wp-json\/wp\/v2\/posts"}],"about":[{"href":"https:\/\/www.europesays.com\/lv\/wp-json\/wp\/v2\/types\/post"}],"author":[{"embeddable":true,"href":"https:\/\/www.europesays.com\/lv\/wp-json\/wp\/v2\/users\/2"}],"replies":[{"embeddable":true,"href":"https:\/\/www.europesays.com\/lv\/wp-json\/wp\/v2\/comments?post=26267"}],"version-history":[{"count":0,"href":"https:\/\/www.europesays.com\/lv\/wp-json\/wp\/v2\/posts\/26267\/revisions"}],"wp:featuredmedia":[{"embeddable":true,"href":"https:\/\/www.europesays.com\/lv\/wp-json\/wp\/v2\/media\/26268"}],"wp:attachment":[{"href":"https:\/\/www.europesays.com\/lv\/wp-json\/wp\/v2\/media?parent=26267"}],"wp:term":[{"taxonomy":"category","embeddable":true,"href":"https:\/\/www.europesays.com\/lv\/wp-json\/wp\/v2\/categories?post=26267"},{"taxonomy":"post_tag","embeddable":true,"href":"https:\/\/www.europesays.com\/lv\/wp-json\/wp\/v2\/tags?post=26267"}],"curies":[{"name":"wp","href":"https:\/\/api.w.org\/{rel}","templated":true}]}}