{"id":26294,"date":"2025-10-20T11:21:07","date_gmt":"2025-10-20T11:21:07","guid":{"rendered":"https:\/\/www.europesays.com\/lv\/26294\/"},"modified":"2025-10-20T11:21:07","modified_gmt":"2025-10-20T11:21:07","slug":"latvijas-kokrupniecibas-federacijas-parstavis-komente-sodra-un-ikea-meza-zemes-darijumu","status":"publish","type":"post","link":"https:\/\/www.europesays.com\/lv\/26294\/","title":{"rendered":"Latvijas Kokr\u016bpniec\u012bbas feder\u0101cijas p\u0101rst\u0101vis koment\u0113 &#8220;Sodra&#8221; un &#8220;IKEA&#8221; me\u017ea zemes dar\u012bjumu"},"content":{"rendered":"<p>&#8220;Ingka Investments&#8221; pl\u0101no veidot ilgtermi\u0146a sadarb\u012bbu ar Baltijas kokapstr\u0101des uz\u0146\u0113mumiem un pl\u0101t\u0146u ra\u017eot\u0101jiem, veicinot koksnes p\u0101rstr\u0101di uz vietas re\u0123ion\u0101, veidojot kvalific\u0113tas darbvietas un stiprinot viet\u0113jo kompetenci, skaidro komp\u0101nij\u0101.<\/p>\n<p>T\u0101pat v\u0113st\u012bts, ka liel\u0101k\u0101 da\u013ca no &#8220;Sodra&#8221; piedero\u0161aj\u0101m tirg\u016b izliktaj\u0101m me\u017eu plat\u012bb\u0101m 2018. gad\u0101 tika nopirktas par 324 miljoniem eiro.<\/p>\n<p>\u0160ogad janv\u0101r\u012b &#8220;Sodra&#8221; pazi\u0146oja, ka pl\u0101no p\u0101rdot me\u017ea \u012bpa\u0161umus un ar tiem saist\u012bto uz\u0146\u0113m\u0113jdarb\u012bbu Baltijas valst\u012bs.<\/p>\n<p>P\u0113c Klausa iepriek\u0161 teikt\u0101, &#8220;Sodra&#8221; pied\u0101v\u0101ja ieg\u0101d\u0101ties apm\u0113ram 2% no Latvijas kop\u0113j\u0101s me\u017eu plat\u012bbas.<\/p>\n<p>Savuk\u0101rt zemkop\u012bbas ministrs Armands Krauze (ZZS) iepriek\u0161 uzsv\u0113ra, ka Latvijai ir j\u0101izmanto \u0161\u012b iesp\u0113ja un j\u0101ieg\u0101d\u0101jas pied\u0101v\u0101tie me\u017ei, piebilstot, ka tas ir nacion\u0101lo intere\u0161u jaut\u0101jums, tostarp valsts dro\u0161\u012bbas un ekonomisk\u0101s dro\u0161\u012bbas jaut\u0101jums. T\u0101pat vi\u0146\u0161 bija ieteicis mekl\u0113t finan\u0161u instrumentus, kurus izmantojot Latvija \u0161\u012bs zemes var\u0113tu ieg\u0101d\u0101ties, piem\u0113ram, pensiju fondus, kurus var\u0113tu ieguld\u012bt.<\/p>\n<p>Tom\u0113r \u0161ogad maij\u0101 ministrs pazi\u0146oja, ka Latvija vairs nevar iesniegt pied\u0101v\u0101jumus &#8220;Sodra&#8221; par tai piedero\u0161o Latvijas me\u017eu atpirk\u0161anu, jo sarun\u0101s ar AS &#8220;Latvijas valsts me\u017ei&#8221; (LVM) uz\u0146\u0113mums atteicies pagarin\u0101t pied\u0101v\u0101jumu iesnieg\u0161anas termi\u0146u.<\/p>\n<p>Ministrs nor\u0101d\u012bja, ka LVM iepriek\u0161 komunic\u0113ja ar koncernu par potenci\u0101lu \u0161o me\u017eu ieg\u0101di, bet, lai Latvijas valsts vai k\u0101ds valsts uz\u0146\u0113mums me\u017eus var\u0113tu ieg\u0101d\u0101ties, ir nepiecie\u0161ams vald\u012bbas l\u0113mums. T\u0101p\u0113c LVM l\u016bdza pagarin\u0101t priek\u0161likumu iesnieg\u0161anas termi\u0146u, bet &#8220;Sodra&#8221; l\u016bgumu noraid\u012bja. T\u0101p\u0113c Latvija pied\u0101v\u0101jumu me\u017eu ieg\u0101dei vairs nevar\u0113ja iesniegt.<\/p>\n","protected":false},"excerpt":{"rendered":"&#8220;Ingka Investments&#8221; pl\u0101no veidot ilgtermi\u0146a sadarb\u012bbu ar Baltijas kokapstr\u0101des uz\u0146\u0113mumiem un pl\u0101t\u0146u ra\u017eot\u0101jiem, veicinot koksnes p\u0101rstr\u0101di uz vietas&hellip;\n","protected":false},"author":2,"featured_media":26295,"comment_status":"","ping_status":"","sticky":false,"template":"","format":"standard","meta":{"footnotes":""},"categories":[12],"tags":[23,28,29,32,33,22,30,31,35,39,38,36,37,34,8203,40,699,700,20,26,27,24,25,21],"class_list":{"0":"post-26294","1":"post","2":"type-post","3":"status-publish","4":"format-standard","5":"has-post-thumbnail","7":"category-latvija","8":"tag-aktualitates","9":"tag-breaking-news","10":"tag-breakingnews","11":"tag-featured-news","12":"tag-featurednews","13":"tag-headlines","14":"tag-latest-news","15":"tag-latestnews","16":"tag-latvia","17":"tag-latvian","18":"tag-latviesu","19":"tag-latviesu-valoda","20":"tag-latviesuvaloda","21":"tag-latvija","22":"tag-latvijas-kokrupniecibas-federacija","23":"tag-lv","24":"tag-mezs","25":"tag-mezsaimnieciba","26":"tag-news","27":"tag-popularakas-zinas","28":"tag-popularakaszinas","29":"tag-top-stories","30":"tag-topstories","31":"tag-zinas"},"share_on_mastodon":{"url":"","error":""},"_links":{"self":[{"href":"https:\/\/www.europesays.com\/lv\/wp-json\/wp\/v2\/posts\/26294","targetHints":{"allow":["GET"]}}],"collection":[{"href":"https:\/\/www.europesays.com\/lv\/wp-json\/wp\/v2\/posts"}],"about":[{"href":"https:\/\/www.europesays.com\/lv\/wp-json\/wp\/v2\/types\/post"}],"author":[{"embeddable":true,"href":"https:\/\/www.europesays.com\/lv\/wp-json\/wp\/v2\/users\/2"}],"replies":[{"embeddable":true,"href":"https:\/\/www.europesays.com\/lv\/wp-json\/wp\/v2\/comments?post=26294"}],"version-history":[{"count":0,"href":"https:\/\/www.europesays.com\/lv\/wp-json\/wp\/v2\/posts\/26294\/revisions"}],"wp:featuredmedia":[{"embeddable":true,"href":"https:\/\/www.europesays.com\/lv\/wp-json\/wp\/v2\/media\/26295"}],"wp:attachment":[{"href":"https:\/\/www.europesays.com\/lv\/wp-json\/wp\/v2\/media?parent=26294"}],"wp:term":[{"taxonomy":"category","embeddable":true,"href":"https:\/\/www.europesays.com\/lv\/wp-json\/wp\/v2\/categories?post=26294"},{"taxonomy":"post_tag","embeddable":true,"href":"https:\/\/www.europesays.com\/lv\/wp-json\/wp\/v2\/tags?post=26294"}],"curies":[{"name":"wp","href":"https:\/\/api.w.org\/{rel}","templated":true}]}}