{"id":262980,"date":"2026-08-06T14:20:07","date_gmt":"2026-08-06T14:20:07","guid":{"rendered":"https:\/\/www.europesays.com\/lv\/262980\/"},"modified":"2026-08-06T14:20:07","modified_gmt":"2026-08-06T14:20:07","slug":"daugavpili-likumsargi-uziet-gandriz-kilogramu-amfetamina","status":"publish","type":"post","link":"https:\/\/www.europesays.com\/lv\/262980\/","title":{"rendered":"Daugavpil\u012b likumsargi uziet gandr\u012bz kilogramu amfetam\u012bna"},"content":{"rendered":"<p>Valsts policijas Latgales re\u0123iona p\u0101rvaldes Krimin\u0101lpolicijas biroja Organiz\u0113t\u0101s noziedz\u012bbas, smago un s\u0113rijveida noziegumu apkaro\u0161anas noda\u013cas darbinieki, p\u0101rbaudot operat\u012bvo inform\u0101ciju, 30. j\u016blij\u0101 jau iepriek\u0161 s\u0101kt\u0101 krimin\u0101lproces\u0101 veica procesu\u0101l\u0101s darb\u012bbas saist\u012bb\u0101 ar narkotisko vielu nelikum\u012bgu apriti. To laik\u0101 Daugavpil\u012b likumsargi aiztur\u0113ja 1987. gad\u0101 dzimu\u0161u v\u012brieti.<\/p>\n<p>Krat\u012b\u0161anas laik\u0101 pie aiztur\u0113t\u0101 iz\u0146emti 976 grami amfetam\u012bna, k\u0101 ar\u012b cigareti, kas bija pild\u012bta ar za\u013cganbr\u016bnas kr\u0101sas nezin\u0101mas izcelsmes, marihu\u0101nai l\u012bdz\u012bgu vielu, tr\u012bs patronas un g\u0101zes pistoli.<\/p>\n<p>Turpinot izmekl\u0113\u0161anas darb\u012bbas, policisti pie cita v\u012brie\u0161a, kura statuss \u0161aj\u0101 krimin\u0101lproces\u0101 ir persona, pret kuru s\u0101kts krimin\u0101lprocess, apskates laik\u0101 atrada un iz\u0146\u0113ma piecus gramus amfetam\u012bna.<\/p>\n<p>Pret v\u012brie\u0161iem policij\u0101 s\u0101kts krimin\u0101lprocess p\u0113c Krimin\u0101llikuma 253. panta otr\u0101s da\u013cas, proti, par narkotisko un psihotropo vielu neat\u013cautu izgatavo\u0161anu, ieg\u0101d\u0101\u0161anos, glab\u0101\u0161anu, p\u0101rvad\u0101\u0161anu un p\u0101rs\u016bt\u012b\u0161anu realiz\u0101cijas nol\u016bk\u0101 un neat\u013cautu realiz\u0113\u0161anu, ja to izdar\u012bjusi personu grupa p\u0113c iepriek\u0161\u0113jas vieno\u0161an\u0101s vai ja tas izdar\u012bts ar narkotiskaj\u0101m vai psihotropaj\u0101m viel\u0101m liel\u0101 apm\u0113r\u0101.<\/p>\n","protected":false},"excerpt":{"rendered":"Valsts policijas Latgales re\u0123iona p\u0101rvaldes Krimin\u0101lpolicijas biroja Organiz\u0113t\u0101s noziedz\u012bbas, smago un s\u0113rijveida noziegumu apkaro\u0161anas noda\u013cas darbinieki, p\u0101rbaudot operat\u012bvo&hellip;\n","protected":false},"author":2,"featured_media":262981,"comment_status":"","ping_status":"","sticky":false,"template":"","format":"standard","meta":{"footnotes":"","_share_on_mastodon":"0"},"categories":[12],"tags":[23,28,29,168,32,33,22,30,31,35,39,38,36,37,34,40,359,20,163,26,27,24,25,138,21],"class_list":["post-262980","post","type-post","status-publish","format-standard","has-post-thumbnail","category-latvija","tag-aktualitates","tag-breaking-news","tag-breakingnews","tag-daugavpils","tag-featured-news","tag-featurednews","tag-headlines","tag-latest-news","tag-latestnews","tag-latvia","tag-latvian","tag-latviesu","tag-latviesu-valoda","tag-latviesuvaloda","tag-latvija","tag-lv","tag-narkotikas","tag-news","tag-policija","tag-popularakas-zinas","tag-popularakaszinas","tag-top-stories","tag-topstories","tag-valsts-policija","tag-zinas"],"share_on_mastodon":{"url":"https:\/\/pubeurope.com\/@lv\/117049008169561481","error":""},"_links":{"self":[{"href":"https:\/\/www.europesays.com\/lv\/wp-json\/wp\/v2\/posts\/262980","targetHints":{"allow":["GET"]}}],"collection":[{"href":"https:\/\/www.europesays.com\/lv\/wp-json\/wp\/v2\/posts"}],"about":[{"href":"https:\/\/www.europesays.com\/lv\/wp-json\/wp\/v2\/types\/post"}],"author":[{"embeddable":true,"href":"https:\/\/www.europesays.com\/lv\/wp-json\/wp\/v2\/users\/2"}],"replies":[{"embeddable":true,"href":"https:\/\/www.europesays.com\/lv\/wp-json\/wp\/v2\/comments?post=262980"}],"version-history":[{"count":0,"href":"https:\/\/www.europesays.com\/lv\/wp-json\/wp\/v2\/posts\/262980\/revisions"}],"wp:featuredmedia":[{"embeddable":true,"href":"https:\/\/www.europesays.com\/lv\/wp-json\/wp\/v2\/media\/262981"}],"wp:attachment":[{"href":"https:\/\/www.europesays.com\/lv\/wp-json\/wp\/v2\/media?parent=262980"}],"wp:term":[{"taxonomy":"category","embeddable":true,"href":"https:\/\/www.europesays.com\/lv\/wp-json\/wp\/v2\/categories?post=262980"},{"taxonomy":"post_tag","embeddable":true,"href":"https:\/\/www.europesays.com\/lv\/wp-json\/wp\/v2\/tags?post=262980"}],"curies":[{"name":"wp","href":"https:\/\/api.w.org\/{rel}","templated":true}]}}