{"id":263068,"date":"2026-08-06T16:26:11","date_gmt":"2026-08-06T16:26:11","guid":{"rendered":"https:\/\/www.europesays.com\/lv\/263068\/"},"modified":"2026-08-06T16:26:11","modified_gmt":"2026-08-06T16:26:11","slug":"aiztureta-priekules-policista-aizstavis-parsudzejis-tiesas-lemumu-tvnet-lv","status":"publish","type":"post","link":"https:\/\/www.europesays.com\/lv\/263068\/","title":{"rendered":"Aiztur\u0113t\u0101 Priekules policista aizst\u0101vis p\u0101rs\u016bdz\u0113jis tiesas l\u0113mumu &#8211; tvnet.lv"},"content":{"rendered":"<ol>\n<li><a href=\"https:\/\/news.google.com\/rss\/articles\/CBMimgFBVV95cUxNZjVTek55Wm1NS2ZJZ3VMQXNQZURxeVlJZFUwMVQzUEUxemx3aEw0NXg4RHJLSmMtbl9uNjJYQlgzckhaTzhJVzRTUnc4NmR1UXRqTVBhV0NIUTdxSmFQOFA1V2lEQVJweWJqQXFTdThKWHlWVFM0bl9KUHFERnVkYXRDdm15NlRlajNFd0xqbVh2c3hVX3VhZmZR?oc=5\" target=\"_blank\" rel=\"nofollow noopener\">Aiztur\u0113t\u0101 Priekules policista aizst\u0101vis p\u0101rs\u016bdz\u0113jis tiesas l\u0113mumu<\/a>&nbsp;&nbsp;tvnet.lv<\/li>\n<li><a href=\"https:\/\/news.google.com\/rss\/articles\/CBMiqwFBVV95cUxNRnNMbWZseUlEYTBfTDRxQ1pwWVRlREdrZGZUN0RZMGRiUEc1c3lYN0E0SjltVGZuaWpqV3JsTnJnN2FySjB5Z3laaTFWOEhnLVIyM2JkaFdnVVAtNWtXaTBmbkNsQk1OU2FtdHd4S1BwQTdZX0t0eERUeVJ0bnBaY3gyYUVweW1HR0lXWlRYUFVyMVpWbkVlb1c5c1pKUWZJcDhNXzJZM2x3ZmM?oc=5\" target=\"_blank\" rel=\"nofollow noopener\">Priekules tra\u0123\u0113dijas liet\u0101 jauns pav\u0113rsiens: apcietin\u0101t\u0101 policista aizst\u0101vis v\u0113rsies ties\u0101<\/a>&nbsp;&nbsp;LA.LV<\/li>\n<li><a href=\"https:\/\/news.google.com\/rss\/articles\/CBMi7wFBVV95cUxNVVd5bllGY1ByMGJrVm1DQzNDM280eEZqazQ2RjFFZmJ4MFpvYTZpcmtGOFl3S29zVVlWZ09FbGZLc2RPSV9IcFU0c0ZWRi1aUHIzLUNLMWxKNDAzS3Y2OWZSU0hiX182UExmZjV4WGdzRFpTcjZISXM3bDBnZFN6WC1IVE0ySzZJeVZtV01qM3lKU1E0alBESUFtTUlaQTZud1lYYUZqZnNEMjNIMUc3aXBGMkZtVjM5Tk5UUnBfbElxRFpUVW5tWlAwQUplOFlxMkowaDZTZ3huOVdUUmVWdUoxQ1hOY1Y3OHVKNENTUQ?oc=5\" target=\"_blank\" rel=\"nofollow noopener\">Aizdom\u0101s par v\u012brie\u0161a nogalin\u0101\u0161anu Priekul\u0113 aiztur\u0113t\u0101 policista aizst\u0101vis p\u0101rs\u016bdz\u0113jis apcietin\u0101jumu<\/a>&nbsp;&nbsp;LSM<\/li>\n<li><a href=\"https:\/\/news.google.com\/rss\/articles\/CBMiqAFBVV95cUxNYlhIOHdxSm1nNExOcVE4R296RmN5aUVzSkFEQ1FvSXlnckNyTXVLQ2NxLU05YS12SXlMOEZuNmtYMXBzNW15SUdReV9Kbi1ZVjhnMzNqYTYydXJCZmIyb3hJZDZlNVVXX3VPNkgtLU5iNzVOekt3cXZWemVSa2JZRkIzREp6cm5NcnF5Vm1xZGF4dUlUbnRobzc4cWVtQW1Rdm85N1BPVzE?oc=5\" target=\"_blank\" rel=\"nofollow noopener\">LMMDV direktore izsak\u0101s par Normunda Vam\u017ea tra\u0123isko zaud\u0113jumu Priekul\u0113<\/a>&nbsp;&nbsp;NRA<\/li>\n<li><a href=\"https:\/\/news.google.com\/rss\/articles\/CBMikwFBVV95cUxPRUY3ZVpYdkdBVzdzNHhDYlQzaGFBdnlrVUhTRm1LUkk4aFI5SWlEUThWM2VyS3BSQmNpN2k3bWRPTlpSQTNHdmkxVllYX2ZOR1NCQWJJLUd6YXVENnFnVGZBdmNVOWE5SV9mZjZKdlB2aER3Q3FZa0ZjeS1xWlktU0xxOW5NZ1J4VmtCWV9pVk1jOXM?oc=5\" target=\"_blank\" rel=\"nofollow noopener\">Policists cietum\u0101, skolot\u0101js \u2013 kapos. Reibuma cena Priekul\u0113<\/a>&nbsp;&nbsp;ir.lv<\/li>\n<\/ol>\n","protected":false},"excerpt":{"rendered":"Aiztur\u0113t\u0101 Priekules policista aizst\u0101vis p\u0101rs\u016bdz\u0113jis tiesas l\u0113mumu&nbsp;&nbsp;tvnet.lv Priekules tra\u0123\u0113dijas liet\u0101 jauns pav\u0113rsiens: apcietin\u0101t\u0101 policista aizst\u0101vis v\u0113rsies ties\u0101&nbsp;&nbsp;LA.LV Aizdom\u0101s&hellip;\n","protected":false},"author":2,"featured_media":263069,"comment_status":"","ping_status":"","sticky":false,"template":"","format":"standard","meta":{"footnotes":"","_share_on_mastodon":"0"},"categories":[12],"tags":[23,28,29,32,33,22,30,31,35,39,38,36,37,34,40,20,41300,26,27,19236,375,24,25,138,21],"class_list":["post-263068","post","type-post","status-publish","format-standard","has-post-thumbnail","category-latvija","tag-aktualitates","tag-breaking-news","tag-breakingnews","tag-featured-news","tag-featurednews","tag-headlines","tag-latest-news","tag-latestnews","tag-latvia","tag-latvian","tag-latviesu","tag-latviesu-valoda","tag-latviesuvaloda","tag-latvija","tag-lv","tag-news","tag-piekausana","tag-popularakas-zinas","tag-popularakaszinas","tag-priekule","tag-tiesa","tag-top-stories","tag-topstories","tag-valsts-policija","tag-zinas"],"share_on_mastodon":{"url":"https:\/\/pubeurope.com\/@lv\/117049503575021635","error":""},"_links":{"self":[{"href":"https:\/\/www.europesays.com\/lv\/wp-json\/wp\/v2\/posts\/263068","targetHints":{"allow":["GET"]}}],"collection":[{"href":"https:\/\/www.europesays.com\/lv\/wp-json\/wp\/v2\/posts"}],"about":[{"href":"https:\/\/www.europesays.com\/lv\/wp-json\/wp\/v2\/types\/post"}],"author":[{"embeddable":true,"href":"https:\/\/www.europesays.com\/lv\/wp-json\/wp\/v2\/users\/2"}],"replies":[{"embeddable":true,"href":"https:\/\/www.europesays.com\/lv\/wp-json\/wp\/v2\/comments?post=263068"}],"version-history":[{"count":0,"href":"https:\/\/www.europesays.com\/lv\/wp-json\/wp\/v2\/posts\/263068\/revisions"}],"wp:featuredmedia":[{"embeddable":true,"href":"https:\/\/www.europesays.com\/lv\/wp-json\/wp\/v2\/media\/263069"}],"wp:attachment":[{"href":"https:\/\/www.europesays.com\/lv\/wp-json\/wp\/v2\/media?parent=263068"}],"wp:term":[{"taxonomy":"category","embeddable":true,"href":"https:\/\/www.europesays.com\/lv\/wp-json\/wp\/v2\/categories?post=263068"},{"taxonomy":"post_tag","embeddable":true,"href":"https:\/\/www.europesays.com\/lv\/wp-json\/wp\/v2\/tags?post=263068"}],"curies":[{"name":"wp","href":"https:\/\/api.w.org\/{rel}","templated":true}]}}