{"id":26308,"date":"2025-10-20T11:34:11","date_gmt":"2025-10-20T11:34:11","guid":{"rendered":"https:\/\/www.europesays.com\/lv\/26308\/"},"modified":"2025-10-20T11:34:11","modified_gmt":"2025-10-20T11:34:11","slug":"sesks-francis-startes-wrc-sezonas-nosledzosaja-posma-sauda-arabija","status":"publish","type":"post","link":"https:\/\/www.europesays.com\/lv\/26308\/","title":{"rendered":"Sesks\/Francis start\u0113s WRC sezonas nosl\u0113dzo\u0161aj\u0101 posm\u0101 Sa\u016bda Ar\u0101bij\u0101"},"content":{"rendered":"<p>Ri\u010dards Milleners, &#8220;M-Sport Ford WRT&#8221; komandas vad\u012bt\u0101js: &#8220;\u0160osezon M\u0101rti\u0146\u0161 ir p\u0101rsteidzis ar \u0101trumu un izteiktu briedumu darb\u0101 ar &#8220;Rally1&#8221; auto. Vi\u0146a rezult\u0101ti Zviedrij\u0101, Igaunij\u0101 un Somij\u0101 r\u0101da, ka vi\u0146am ir re\u0101ls potenci\u0101ls sac\u012bkst\u0113s uz grunts seguma, un Sa\u016bda Ar\u0101bijas rallijs b\u016bs v\u0113l viena iesp\u0113ja to pier\u0101d\u012bt, \u012bpa\u0161i t\u0101p\u0113c, ka \u0161is posms ir jauns visiem. Priec\u0101jamies, ka sezonas nosl\u0113gum\u0101 vi\u0146\u0161 atkal pilot\u0113s &#8220;Pumu&#8221;.&#8221;<\/p>\n<p>Sacens\u012bbas sola izaicin\u0101t k\u0101 sp\u0113kratu jaudu, t\u0101 autosportistu meistar\u012bbu un sp\u0113ju piel\u0101goties karstajam klimatam un main\u012bgiem ce\u013ca apst\u0101k\u013ciem. Rallijs norisin\u0101sies uz zieme\u013ciem no D\u017eidas. Septi\u0146padsmit tehniski izaicino\u0161os \u0101trumposmos apvienota maksim\u0101la p\u0101rbaud\u012bjumu bu\u0137ete: sare\u017e\u0123\u012bts reljefs, s\u0101kot ar staign\u0101m kalnu tak\u0101m, vulk\u0101nisk\u0101m klint\u012bm un l\u012bkumotiem ce\u013ciem gar Sarkan\u0101s j\u016bras krastu, l\u012bdz pla\u0161\u0101m tuksne\u0161a k\u0101p\u0101m un smil\u0161ainiem l\u012bdzenumiem. Katr\u0101 posm\u0101 iek\u013cautas gan \u0101tras taisnes, gan \u0161auras un tehniskas vir\u0101\u017eas. Mar\u0161ruts r\u016bp\u012bgi izstr\u0101d\u0101ts, lai \u013cautu gan sportistiem izcelties un iepriecin\u0101t skat\u012bt\u0101jus ar savu meistar\u012bbu, gan lai atkl\u0101tu Sa\u016bda Ar\u0101bijas dabas skaistumu.<\/p>\n<p>2025. gada WRC sezonas pirmsp\u0113d\u0113jais posms paredz\u0113ts Jap\u0101n\u0101 no 6. l\u012bdz 9. novembrim, bet no 26. l\u012bdz 29. novembrim sezonas nosl\u0113dzo\u0161ais etaps notiks Sa\u016bda Ar\u0101bij\u0101.<\/p>\n<p>Kopv\u0113rt\u0113jum\u0101 divus posmus pirms sezonas beig\u0101m l\u012bderis ar 247 punktiem ir brits Elfins Evanss, kur\u0161 par 13 punktiem apsteidz franc\u016bzi Sebastj\u0113nu O\u017ej\u0113 un somu Kalli Rovanperi.<\/p>\n<p>Ceturtais ar 197 punktiem ir igaunis Ots Tenaks, bet Sesks se\u0161os posmos guvis 16 punktus un atrodas 12. viet\u0101.<\/p>\n<p>Iepriek\u0161\u0113j\u0101 sezon\u0101 par \u010dempionu k\u013cuva be\u013c\u0123is Tjer\u012b Nevils.<\/p>\n","protected":false},"excerpt":{"rendered":"Ri\u010dards Milleners, &#8220;M-Sport Ford WRT&#8221; komandas vad\u012bt\u0101js: &#8220;\u0160osezon M\u0101rti\u0146\u0161 ir p\u0101rsteidzis ar \u0101trumu un izteiktu briedumu darb\u0101 ar&hellip;\n","protected":false},"author":2,"featured_media":26309,"comment_status":"","ping_status":"","sticky":false,"template":"","format":"standard","meta":{"footnotes":""},"categories":[5],"tags":[23,280,28,29,32,33,22,30,31,35,39,38,36,37,34,40,282,20,26,27,281,8204,24,25,5675,21],"class_list":{"0":"post-26308","1":"post","2":"type-post","3":"status-publish","4":"format-standard","5":"has-post-thumbnail","7":"category-aktualitates","8":"tag-aktualitates","9":"tag-autosports","10":"tag-breaking-news","11":"tag-breakingnews","12":"tag-featured-news","13":"tag-featurednews","14":"tag-headlines","15":"tag-latest-news","16":"tag-latestnews","17":"tag-latvia","18":"tag-latvian","19":"tag-latviesu","20":"tag-latviesu-valoda","21":"tag-latviesuvaloda","22":"tag-latvija","23":"tag-lv","24":"tag-martins-sesks","25":"tag-news","26":"tag-popularakas-zinas","27":"tag-popularakaszinas","28":"tag-rallijs","29":"tag-renars-francis","30":"tag-top-stories","31":"tag-topstories","32":"tag-wrc","33":"tag-zinas"},"share_on_mastodon":{"url":"","error":""},"_links":{"self":[{"href":"https:\/\/www.europesays.com\/lv\/wp-json\/wp\/v2\/posts\/26308","targetHints":{"allow":["GET"]}}],"collection":[{"href":"https:\/\/www.europesays.com\/lv\/wp-json\/wp\/v2\/posts"}],"about":[{"href":"https:\/\/www.europesays.com\/lv\/wp-json\/wp\/v2\/types\/post"}],"author":[{"embeddable":true,"href":"https:\/\/www.europesays.com\/lv\/wp-json\/wp\/v2\/users\/2"}],"replies":[{"embeddable":true,"href":"https:\/\/www.europesays.com\/lv\/wp-json\/wp\/v2\/comments?post=26308"}],"version-history":[{"count":0,"href":"https:\/\/www.europesays.com\/lv\/wp-json\/wp\/v2\/posts\/26308\/revisions"}],"wp:featuredmedia":[{"embeddable":true,"href":"https:\/\/www.europesays.com\/lv\/wp-json\/wp\/v2\/media\/26309"}],"wp:attachment":[{"href":"https:\/\/www.europesays.com\/lv\/wp-json\/wp\/v2\/media?parent=26308"}],"wp:term":[{"taxonomy":"category","embeddable":true,"href":"https:\/\/www.europesays.com\/lv\/wp-json\/wp\/v2\/categories?post=26308"},{"taxonomy":"post_tag","embeddable":true,"href":"https:\/\/www.europesays.com\/lv\/wp-json\/wp\/v2\/tags?post=26308"}],"curies":[{"name":"wp","href":"https:\/\/api.w.org\/{rel}","templated":true}]}}