{"id":26358,"date":"2025-10-20T12:41:07","date_gmt":"2025-10-20T12:41:07","guid":{"rendered":"https:\/\/www.europesays.com\/lv\/26358\/"},"modified":"2025-10-20T12:41:07","modified_gmt":"2025-10-20T12:41:07","slug":"grupa-eridana-klausitajiem-dava-jaunu-singlu-vetrasputni-lente-lv","status":"publish","type":"post","link":"https:\/\/www.europesays.com\/lv\/26358\/","title":{"rendered":"Grupa &#8220;Eridana&#8221; klaus\u012bt\u0101jiem d\u0101v\u0101 jaunu singlu &#8220;V\u0113trasputni&#8221;\u00a0\u2014\u00a0Lente.lv"},"content":{"rendered":"<p>Jaunums no grupas &#8220;Eridana&#8221;: singls &#8220;V\u0113trasputni&#8221; <\/p>\n<p>M\u016bzi\u0137u duets &#8220;Eridana&#8221;, ko veido talant\u012bgie Iveta Baumane-P\u0113tersone un Roberts P\u0113tersons, klaus\u012bt\u0101jiem pied\u0101v\u0101 savu jaun\u0101ko muzik\u0101lo veikumu \u2013 singlu ar nosaukumu &#8220;V\u0113trasputni&#8221;. \u0160\u012b dziesma ir k\u0101 aicin\u0101jums uz dzi\u013c\u0101k\u0101m p\u0101rdom\u0101m, \u013caujoties gan tie\u0161ai, gan metaforiskai interpret\u0101cijai par cilv\u0113ka v\u0113lmi p\u0113c siltuma un patv\u0113ruma, \u012bpa\u0161i rudens un ziemas dr\u016bmaj\u0101 laik\u0101. Iveta Baumane-P\u0113tersone, kura ir gan dziesmas m\u016bzikas, gan teksta autore, atkl\u0101j, ka iedvesma radusies, noskatoties dokument\u0101lo filmu par v\u0113trasputniem \u2013 putniem, kas sp\u0113j nep\u0101rtraukti lidot p\u0101ri oke\u0101niem, sekojot siltaj\u0101m straum\u0113m un vasarai, lai aizb\u0113gtu no ziemas aukstuma.<\/p>\n<p>Dziesmas v\u0113st\u012bjums rezon\u0113 ar daudzu cilv\u0113ku saj\u016bt\u0101m, kuri reiz\u0113m ilgojas p\u0113c b\u0113g\u0161anas no ikdienas rut\u012bnas un mekl\u0113 sirds siltumu un gaismu savstarp\u0113j\u0101s attiec\u012bb\u0101s. Roberts P\u0113tersons, kur\u0161 ir singla &#8220;V\u0113trasputni&#8221; producents, ir rad\u012bjis dziesmai rakstur\u012bgo &#8220;Eridanas&#8221; skan\u0113jumu, \u012bpa\u0161u uzman\u012bbu piev\u0113r\u0161ot akustiskajiem instrumentiem un dueta saskan\u012bgaj\u0101m bals\u012bm. \u0160is sadarb\u012bbas rezult\u0101ts ir muzik\u0101li pievilc\u012bgs un emocion\u0101li pies\u0101tin\u0101ts ska\u0146darbs.<\/p>\n<p>&#8220;Eridana&#8221;: rado\u0161ais ce\u013c\u0161 un iedvesmas avoti<\/p>\n<p>Grupa &#8220;Eridana&#8221; nav sve\u0161a Latvijas m\u016bzikas ainav\u0101. Iveta Baumane-P\u0113tersone un Roberts P\u0113tersons kop\u0101 muzic\u0113 jau vair\u0101kus gadus, ofici\u0101li uzs\u0101kot savu kopdarb\u012bbu 2018. gad\u0101. Vi\u0146u rado\u0161\u0101 alianse ir spilgts piem\u0113rs tam, k\u0101 divi m\u0101kslinieki ar sav\u0101m unik\u0101laj\u0101m idej\u0101m un viedok\u013ciem var veidot ko jaunu un interesantu. Pirms tam Iveta un Roberts darboj\u0101s ar\u012b citos projektos, piem\u0113ram, duets ElektroFolk.<\/p>\n<p>Grupa &#8220;Eridana&#8221; ir izdevusi ar\u012b citus singlus, tostarp &#8220;Kad satiksimies&#8221;, &#8220;Iededz gaismu sav\u0101 log\u0101&#8221; un &#8220;Ir lemts kop\u0101 b\u016bt&#8221;, kas k\u013cuva par vienu no &#8220;Muzik\u0101l\u0101s bankas&#8221; fin\u0101ldziesm\u0101m. Vi\u0146u jaun\u0101kais singls &#8220;Viena diena&#8221;, kas izdots iepriek\u0161 \u0161ogad, mudina dz\u012bvot katru mirkli pilnv\u0113rt\u012bgi, negaidot lab\u0101kus laikus.<\/p>\n<p>Grupa &#8220;Eridana&#8221; ir radusies no savstarp\u0113jas sapratnes un iedvesmas. Roberts P\u0113tersons ir ieguvis ska\u0146u re\u017eisora gr\u0101du un ir pieredz\u0113jis m\u016bzi\u0137is, savuk\u0101rt Iveta Baumane-P\u0113tersone ir talant\u012bga dziesmu autore. Vi\u0146u kop\u012bg\u0101 m\u0101ksliniecisk\u0101 darb\u012bba ir cie\u0161i saist\u012bta ar person\u012bg\u0101m attiec\u012bb\u0101m \u2013 vi\u0146i ir ne tikai kol\u0113\u0123i, bet ar\u012b dz\u012bvesbiedri, kas apprec\u0113j\u0101s 2023. gad\u0101. \u0160\u012b harmonija starp rado\u0161o un person\u012bgo dz\u012bvi, iesp\u0113jams, ir viens no iemesliem, k\u0101p\u0113c vi\u0146u m\u016bzika skan tik dzi\u013ci un emocion\u0101li.<\/p>\n<p>&#8220;V\u0113trasputni&#8221;: simbolisms un muzik\u0101lais noform\u0113jums<\/p>\n<p>Nosaukums &#8220;V\u0113trasputni&#8221; pats par sevi ir pies\u0101tin\u0101ts ar simbolismu. V\u0113trasputnu k\u0101rta (Procellariiformes) zin\u0101tniski apz\u012bm\u0113 j\u016bras putnus, kas paz\u012bstami ar sav\u0101m garaj\u0101m lidojuma sp\u0113j\u0101m un sp\u0113ju izmantot v\u0113ju un vi\u013c\u0146us sav\u0101 lab\u0101. Lat\u012b\u0146u valod\u0101 v\u0101rds &#8220;procella&#8221; noz\u012bm\u0113 sp\u0113c\u012bgs v\u0113j\u0161 vai v\u0113tra, kas v\u0113l vair\u0101k pastiprina dziesmas nosaukuma emocion\u0101lo un dabisko sp\u0113ku. \u0160is nosaukums var\u0113tu simboliz\u0113t gan cilv\u0113ka iek\u0161\u0113jo c\u012b\u0146u un mekl\u0113jumus, gan ar\u012b drosmi doties p\u0101ri nezin\u0101majam, tiecoties p\u0113c siltuma un miera, l\u012bdz\u012bgi k\u0101 putni dodas uz dienvidiem.<\/p>\n<p>M\u016bzikas zi\u0146\u0101 &#8220;V\u0113trasputni&#8221; ir &#8220;Eridanai&#8221; rakstur\u012bga kompoz\u012bcija, kur\u0101 izmantoti akustiskie instrumenti, radot int\u012bmu un siltu atmosf\u0113ru. Ivetas un Roberta balss sasp\u0113le ir viens no dziesmas galvenajiem akcentiem, radot dv\u0113selisku un vienlaikus sp\u0113c\u012bgu skan\u0113jumu. Roberts P\u0113tersons ir r\u016bp\u0113jies par dziesmas producenta darbu, nodro\u0161inot, ka katrs instruments un vok\u0101lais elements skan harmoniski un izce\u013c dziesmas emocion\u0101lo dzi\u013cumu.<\/p>\n<p>N\u0101kotnes perspekt\u012bvas un Latvijas m\u016bzikas aina<\/p>\n<p>Grupa &#8220;Eridana&#8221; turpina akt\u012bvi darboties, radot jaunas dziesmas, un, iesp\u0113jams, pl\u0101no apkopot t\u0101s n\u0101kotn\u0113 izdot\u0101 studijas album\u0101. Vi\u0146u jaunais singls &#8220;V\u0113trasputni&#8221; ir k\u0101 v\u0113stnesis par to, ka Latvijas m\u016bzikas sc\u0113n\u0101 joproj\u0101m ir vieta emocion\u0101li dzi\u013ciem un p\u0101rdomu rosino\u0161iem ska\u0146darbiem. \u0145emot v\u0113r\u0101 ar\u012b citus notikumus Latvijas m\u016bzikas dz\u012bv\u0113, piem\u0113ram, &#8220;Latvian New Music Days 2025&#8221;, kas piev\u0113r\u0161as m\u0101ksliniekiem k\u0101 vizion\u0101riem un m\u016bzikas sp\u0113kam main\u012bt realit\u0101ti, ir skaidrs, ka m\u016bsdienu latvie\u0161u m\u016bzik\u0101 ir v\u0113rojama tendence uz dzi\u013c\u0101ku saturu un m\u0101ksliniecisko izpausmi.<\/p>\n<p>Ar savu jauno dziesmu &#8220;Eridana&#8221; ne tikai iepriecina savus past\u0101v\u012bgos klaus\u012bt\u0101jus, bet ar\u012b piesaista jaunus talanta cien\u012bt\u0101jus, apliecinot, ka sirsn\u012bga un kvalitat\u012bva m\u016bzika vienm\u0113r atrad\u012bs savu ce\u013cu pie cilv\u0113kiem.<\/p>\n","protected":false},"excerpt":{"rendered":"Jaunums no grupas &#8220;Eridana&#8221;: singls &#8220;V\u0113trasputni&#8221; M\u016bzi\u0137u duets &#8220;Eridana&#8221;, ko veido talant\u012bgie Iveta Baumane-P\u0113tersone un Roberts P\u0113tersons, klaus\u012bt\u0101jiem&hellip;\n","protected":false},"author":2,"featured_media":26359,"comment_status":"","ping_status":"","sticky":false,"template":"","format":"standard","meta":{"footnotes":""},"categories":[19],"tags":[89,8223,8225,90,35,39,38,194,36,37,34,40,8226,8224],"class_list":{"0":"post-26358","1":"post","2":"type-post","3":"status-publish","4":"format-standard","5":"has-post-thumbnail","7":"category-izklaide","8":"tag-entertainment","9":"tag-eridana","10":"tag-iveta-baumane-petersone","11":"tag-izklaide","12":"tag-latvia","13":"tag-latvian","14":"tag-latviesu","15":"tag-latviesu-muzika","16":"tag-latviesu-valoda","17":"tag-latviesuvaloda","18":"tag-latvija","19":"tag-lv","20":"tag-roberts-petersons","21":"tag-vetrasputni"},"share_on_mastodon":{"url":"","error":""},"_links":{"self":[{"href":"https:\/\/www.europesays.com\/lv\/wp-json\/wp\/v2\/posts\/26358","targetHints":{"allow":["GET"]}}],"collection":[{"href":"https:\/\/www.europesays.com\/lv\/wp-json\/wp\/v2\/posts"}],"about":[{"href":"https:\/\/www.europesays.com\/lv\/wp-json\/wp\/v2\/types\/post"}],"author":[{"embeddable":true,"href":"https:\/\/www.europesays.com\/lv\/wp-json\/wp\/v2\/users\/2"}],"replies":[{"embeddable":true,"href":"https:\/\/www.europesays.com\/lv\/wp-json\/wp\/v2\/comments?post=26358"}],"version-history":[{"count":0,"href":"https:\/\/www.europesays.com\/lv\/wp-json\/wp\/v2\/posts\/26358\/revisions"}],"wp:featuredmedia":[{"embeddable":true,"href":"https:\/\/www.europesays.com\/lv\/wp-json\/wp\/v2\/media\/26359"}],"wp:attachment":[{"href":"https:\/\/www.europesays.com\/lv\/wp-json\/wp\/v2\/media?parent=26358"}],"wp:term":[{"taxonomy":"category","embeddable":true,"href":"https:\/\/www.europesays.com\/lv\/wp-json\/wp\/v2\/categories?post=26358"},{"taxonomy":"post_tag","embeddable":true,"href":"https:\/\/www.europesays.com\/lv\/wp-json\/wp\/v2\/tags?post=26358"}],"curies":[{"name":"wp","href":"https:\/\/api.w.org\/{rel}","templated":true}]}}