{"id":26371,"date":"2025-10-20T12:52:07","date_gmt":"2025-10-20T12:52:07","guid":{"rendered":"https:\/\/www.europesays.com\/lv\/26371\/"},"modified":"2025-10-20T12:52:07","modified_gmt":"2025-10-20T12:52:07","slug":"esam-cietusi-neveiksmi-francija-turpina-meklet-luvras-zaglus-apollo-lv","status":"publish","type":"post","link":"https:\/\/www.europesays.com\/lv\/26371\/","title":{"rendered":"&quot;Esam cietu\u0161i neveiksmi.&quot; Francij\u0101 turpina mekl\u0113t Luvras zag\u013cus &#8211; Apollo.lv"},"content":{"rendered":"<ol>\n<li><a href=\"https:\/\/news.google.com\/rss\/articles\/CBMilAFBVV95cUxQWng0UDVtS0QxN3hrTUlrcnVKT2MzbGRaR0RhOElHOHhzd25xbFJ5RTBkaTUzcWFicXRid0VSLWVTWHhTMGs4TUg1WndnZmZlV2pBZHZ4T3ROS2NYa3JNSHBHYlF1SEQwQW1sc1hUalNkd3NqRFFwZWt5RGVlbjdvSy0wQXRxV21kVUE5SGlRSnN2bnYx?oc=5\" target=\"_blank\" rel=\"nofollow noopener\">&#8220;Esam cietu\u0161i neveiksmi.&#8221; Francij\u0101 turpina mekl\u0113t Luvras zag\u013cus<\/a>&nbsp;&nbsp;Apollo.lv<\/li>\n<li><a href=\"https:\/\/news.google.com\/rss\/articles\/CBMirgFBVV95cUxPTk0tN3RKTDNCeVdnNjNBMnBRZ0ZWXzJiNDd1Z1RnTVFlZ2JKeW1CY2c5VEQ3VWVqUjJSODJSeHQzX3NiSEpOczFzVl82b2dJVjFFOWhjZlpCekpqRENvNEkzeU5Xc3h0VktEMzE3eF9jNlBfLXUwcFhoUXhKSm1OTXluNlI0SzhVb3JfT2dPaWZrQ3Flc05xRVBFRHVULUhncTVvOEczZXpWNmlxY3c?oc=5\" target=\"_blank\" rel=\"nofollow noopener\">Pagaid\u0101m nav izdevies notvert Luvras aplaup\u012bt\u0101jus \/ Raksts<\/a>&nbsp;&nbsp;LSM<\/li>\n<li><a href=\"https:\/\/news.google.com\/rss\/articles\/CBMitAFBVV95cUxOdlVCUHJyX1BUSVpXSU1CY2xDOGdqY243WFRVVlJ5NHdKc0J6MU00azhaZzhRVUxhQ2w2enlnTjVyUFM2dXI4eG0xVTUtelNqeXBKb25vUWFtMmZQR0J6S3Z0SVByX0ZIaG1XZVAwNm43b200aEljZVlzU1BmTjl1ZU1NRXc5Y2hnWm41X3hfTkxndGc4dDVuc1psYXJkb05zR2I1RUl0cWx2V3kyUWRoZmFvVUg?oc=5\" target=\"_blank\" rel=\"nofollow noopener\">No Luvras muzeja nozagtas asto\u0146as v\u0113rt\u012bgas d\u0101rglietas (plkst.20.44)<\/a>&nbsp;&nbsp;Delfi<\/li>\n<li><a href=\"https:\/\/news.google.com\/rss\/articles\/CBMikwFBVV95cUxORFoxRTdtb1Z3aHhiMXVSdGd2eDVfVFF3QWhxWkRzZWJwUW5HVU8yWjdhX25qNmVwNGN5YTN5NHVBUER0VFh2Q0Z6SzROQVJINHg2OWp6ZGowU21lTWNjN0JKUkJKSmxxa3JYUENiMU9uYlRTakFNN0F2bjlCN2ZvOGpVYWFQZElheGhHWDN2Z19LUUU?oc=5\" target=\"_blank\" rel=\"nofollow noopener\">Z\u0101dz\u012bba Luvr\u0101: noziedznieki pazaud\u0113 da\u013cu guvuma<\/a>&nbsp;&nbsp;NRA<\/li>\n<li><a href=\"https:\/\/news.google.com\/rss\/articles\/CBMirwFBVV95cUxORzZNN2pXTWNQUVVWTDRHeUw5RkdhM0dTYk96WW5YVDZSbmxvWXVCY3Q4V0dLNjd3OVA2OVBCRkNyaXhoTlV1YzJGN25JeU9MS05QRDZScENMY1A1YVVmdlhQd3d1OHBWLTZBQXZNTTRhMGhZUXNQaHRnM21nVWI1bjBwU0lxbURUakdoMFZCNjM3YTUtVGNfdmEzODFwYmRRNGRGMTFxN2FXWV9KSlpr?oc=5\" target=\"_blank\" rel=\"nofollow noopener\">Izskan versijas, kas var\u0113tu b\u016bt pas\u016bt\u012bjis v\u0113rien\u012bgo d\u0101rglietu z\u0101dz\u012bbu no Luvras<\/a>&nbsp;&nbsp;tv3.lv<\/li>\n<\/ol>\n","protected":false},"excerpt":{"rendered":"&#8220;Esam cietu\u0161i neveiksmi.&#8221; Francij\u0101 turpina mekl\u0113t Luvras zag\u013cus&nbsp;&nbsp;Apollo.lv Pagaid\u0101m nav izdevies notvert Luvras aplaup\u012bt\u0101jus \/ Raksts&nbsp;&nbsp;LSM No Luvras&hellip;\n","protected":false},"author":2,"featured_media":26372,"comment_status":"","ping_status":"","sticky":false,"template":"","format":"standard","meta":{"footnotes":""},"categories":[5],"tags":[23,28,29,32,33,22,30,31,35,39,38,36,37,34,40,20,26,27,24,25,293,21],"class_list":{"0":"post-26371","1":"post","2":"type-post","3":"status-publish","4":"format-standard","5":"has-post-thumbnail","7":"category-aktualitates","8":"tag-aktualitates","9":"tag-breaking-news","10":"tag-breakingnews","11":"tag-featured-news","12":"tag-featurednews","13":"tag-headlines","14":"tag-latest-news","15":"tag-latestnews","16":"tag-latvia","17":"tag-latvian","18":"tag-latviesu","19":"tag-latviesu-valoda","20":"tag-latviesuvaloda","21":"tag-latvija","22":"tag-lv","23":"tag-news","24":"tag-popularakas-zinas","25":"tag-popularakaszinas","26":"tag-top-stories","27":"tag-topstories","28":"tag-vesture","29":"tag-zinas"},"share_on_mastodon":{"url":"","error":""},"_links":{"self":[{"href":"https:\/\/www.europesays.com\/lv\/wp-json\/wp\/v2\/posts\/26371","targetHints":{"allow":["GET"]}}],"collection":[{"href":"https:\/\/www.europesays.com\/lv\/wp-json\/wp\/v2\/posts"}],"about":[{"href":"https:\/\/www.europesays.com\/lv\/wp-json\/wp\/v2\/types\/post"}],"author":[{"embeddable":true,"href":"https:\/\/www.europesays.com\/lv\/wp-json\/wp\/v2\/users\/2"}],"replies":[{"embeddable":true,"href":"https:\/\/www.europesays.com\/lv\/wp-json\/wp\/v2\/comments?post=26371"}],"version-history":[{"count":0,"href":"https:\/\/www.europesays.com\/lv\/wp-json\/wp\/v2\/posts\/26371\/revisions"}],"wp:featuredmedia":[{"embeddable":true,"href":"https:\/\/www.europesays.com\/lv\/wp-json\/wp\/v2\/media\/26372"}],"wp:attachment":[{"href":"https:\/\/www.europesays.com\/lv\/wp-json\/wp\/v2\/media?parent=26371"}],"wp:term":[{"taxonomy":"category","embeddable":true,"href":"https:\/\/www.europesays.com\/lv\/wp-json\/wp\/v2\/categories?post=26371"},{"taxonomy":"post_tag","embeddable":true,"href":"https:\/\/www.europesays.com\/lv\/wp-json\/wp\/v2\/tags?post=26371"}],"curies":[{"name":"wp","href":"https:\/\/api.w.org\/{rel}","templated":true}]}}