{"id":26375,"date":"2025-10-20T12:57:12","date_gmt":"2025-10-20T12:57:12","guid":{"rendered":"https:\/\/www.europesays.com\/lv\/26375\/"},"modified":"2025-10-20T12:57:12","modified_gmt":"2025-10-20T12:57:12","slug":"vdd-rosina-kriminalvajasanu-pret-kadreizeja-maskavas-nama-vaditajiem","status":"publish","type":"post","link":"https:\/\/www.europesays.com\/lv\/26375\/","title":{"rendered":"VDD rosina krimin\u0101lvaj\u0101\u0161anu pret k\u0101dreiz\u0113j\u0101 &#8220;Maskavas nama&#8221; vad\u012bt\u0101jiem"},"content":{"rendered":"<p><a rel=\"noopener nofollow\" target=\"_blank\" href=\"https:\/\/www.delfi.lv\/temas\/42163330\/valsts-drosibas-dienests\" tag-id=\"42163330\">Valsts dro\u0161\u012bbas dienests<\/a> (VDD) \u0161\u0101 gada 8. oktobr\u012b rosin\u0101ja prokurat\u016bru uzs\u0101kt krimin\u0101lvaj\u0101\u0161anu pret k\u0101dreiz\u0113j\u0101 &#8220;Maskavas nama&#8221; diviem biju\u0161ajiem vad\u012bt\u0101jiem par Eiropas Savien\u012bbas (ES) noteikto sankciju p\u0101rk\u0101p\u0161anu, &#8220;Delfi&#8221; inform\u0113ja dienest\u0101.<\/p>\n<p>VDD v\u0113rt\u0113jum\u0101 aizdom\u0101s tur\u0113t\u0101s personas neat\u013cauti sa\u0146\u0113mu\u0161as ien\u0101kumus un sadarb\u012bbas partneru pakalpojumus, izmantojot iesald\u0113tos &#8220;Maskavas nama&#8221; saimnieciskos resursus.<\/p>\n<p class=\"x_MsoNormal\">Krimin\u0101lprocesu saska\u0146\u0101 ar Krimin\u0101llikuma 84. panta pirmo da\u013cu, t.i., aizdom\u0101s par ES noteikto sankciju p\u0101rk\u0101p\u0161anu VDD uzs\u0101ka 2023. gada 23. novembr\u012b.<\/p>\n<p class=\"x_MsoNormal\">T\u0101 d\u0113v\u0113tais &#8220;Maskavas nams&#8221;, kas Latvij\u0101 bija re\u0123istr\u0113ts k\u0101 Maskavas pils\u0113tas valsts unit\u0101r\u0101 uz\u0146\u0113muma &#8220;Maskavas Starptautisk\u0101s sadarb\u012bbas centrs&#8221; p\u0101rst\u0101vniec\u012bba, kop\u0161 2022. gada ir pak\u013cauts ES sankcij\u0101m. &#8220;Maskavas nama&#8221; vien\u012bgais kapit\u0101lda\u013cu tur\u0113t\u0101js l\u012bdz \u0113kas p\u0101r\u0146em\u0161anai Latvijas valsts \u012bpa\u0161um\u0101 bija Maskavas pils\u0113tas \u012bpa\u0161umu departaments, kas atrodas Maskavas pils\u0113tas m\u0113ra Sergeja Sobja\u0146ina un Krievijas prezidenta Vladimira Putina pak\u013caut\u012bb\u0101. Rea\u0123\u0113jot uz Krievijas iebrukumu Ukrain\u0101, Putins ir iek\u013cauts ES sankciju sarakst\u0101 kop\u0161 2022. gada 25. febru\u0101ra, savuk\u0101rt Sobja\u0146ins \u2013 kop\u0161 2022. gada 21. j\u016blija, nor\u0101da VDD.<\/p>\n<p class=\"x_MsoNormal\">ES sp\u0113k\u0101 eso\u0161ais normat\u012bvais regul\u0113jums nosaka pien\u0101kumu iesald\u0113t visus l\u012bdzek\u013cus un saimnieciskos resursus, kas atrodas ES sankciju sarakstos iek\u013cauto personu \u012bpa\u0161um\u0101, vald\u012bjum\u0101, tur\u0113jum\u0101 vai p\u0101rzi\u0146\u0101. Par saimnieciskajiem resursiem uzskat\u0101mas ar\u012b &#8220;Maskavas nama&#8221; telpas, uz kur\u0101m l\u012bdz ar to bija attiecin\u0101ms izmanto\u0161anas liegums, ja t\u0101d\u0101 veid\u0101 tiek ieg\u016bti l\u012bdzek\u013ci, preces vai pakalpojumi. Proti, sankcij\u0101m pak\u013cautu telpu iznom\u0101\u0161ana ir aizliegta.<\/p>\n<p class=\"x_MsoNormal\">Izmekl\u0113\u0161anas gait\u0101 VDD noskaidroja, ka &#8220;Maskavas nama&#8221; toreiz\u0113jie vad\u012bt\u0101ji, neraugoties uz ES noteiktajiem ierobe\u017eojumiem, vair\u0101kiem nodibin\u0101jumiem, uz\u0146\u0113mumiem un fizisk\u0101m person\u0101m iznom\u0101ja &#8220;Maskavas nama&#8221; telpas, t\u0101d\u0113j\u0101di neat\u013cauti g\u016bstot ien\u0101kumus no \u0161iem &#8220;Maskavas nama&#8221; saimnieciskajiem resursiem. <\/p>\n<p class=\"x_MsoNormal\">T\u0101pat &#8220;Maskavas nama&#8221; toreiz\u0113jie vad\u012bt\u0101ji no nomniekiem apmai\u0146\u0101 pret &#8220;Maskavas nama&#8221; telpu nodro\u0161in\u0101\u0161anu neat\u013cauti sa\u0146\u0113ma pakalpojumus. Proti, nomnieki &#8220;Maskavas nama&#8221; viet\u0101 apmaks\u0101ja ikm\u0113ne\u0161a un citus r\u0113\u0137inus, nodro\u0161inot \u0113kas turpm\u0101ku funkcion\u0113\u0161anu.<\/p>\n<p class=\"x_MsoNormal\">Dienests atg\u0101dina, ka neviena persona nav uzskat\u0101ma par vain\u012bgu, kam\u0113r t\u0101s vaina nozieguma izdar\u012b\u0161an\u0101 nav konstat\u0113ta likum\u0101 noteiktaj\u0101 k\u0101rt\u012bb\u0101.<\/p>\n<p>Saska\u0146\u0101 ar &#8220;Lursoft&#8221; datiem, \u0100rvalsts komersanta p\u0101rst\u0101vniec\u012bba Maskavas pils\u0113tas valsts unit\u0101rais uz\u0146\u0113mums &#8220;Maskavas Starptautisk\u0101s sadarb\u012bbas centrs&#8221; re\u0123istr\u0113ta 2020. gad\u0101 adres\u0113 R\u012bg\u0101, Marijas iel\u0101 7. <\/p>\n<p>No 2020. gada l\u012bdz 2023. gadam to vad\u012bja Eduards Cehovals, bet no 2023. gada oktobra t\u0101 p\u0101rst\u0101ve ir Svetlana Zaiceva.<\/p>\n<p>&#8220;Lursoft&#8221; dati r\u0101da, ka \u0161\u0101 gada febru\u0101r\u012b Valsts ie\u0146\u0113mumu dienests pie\u0146\u0113mis l\u0113mumu par \u0161\u012bs p\u0101rst\u0101vniec\u012bbas darb\u012bbas aptur\u0113\u0161anu, aizliedzot veikt dar\u012bjumus.<\/p>\n<p class=\"m-0\">Seko &#8220;Delfi&#8221; ar\u012b  <a target=\"_blank\" href=\"https:\/\/www.instagram.com\/delfi.lv\/\" rel=\"nofollow noopener\">Instagram<\/a>  un <a target=\"_blank\" href=\"https:\/\/www.youtube.com\/channel\/UCw5foWtcJvAbUm64rv7jwUQ\" rel=\"nofollow noopener\">YouTube<\/a>  profil\u0101 \u2013 pievienojies, lai uzzin\u0101tu svar\u012bg\u0101ko un interesant\u0101ko pirmais!<\/p>\n<p>Publik\u0101cijas saturs vai t\u0101s jebk\u0101da apjoma da\u013ca ir aizsarg\u0101ts autorties\u012bbu objekts Autorties\u012bbu likuma izpratn\u0113, un t\u0101 izmanto\u0161ana bez izdev\u0113ja at\u013caujas ir aizliegta. Vair\u0101k lasi  <a target=\"_blank\" href=\"https:\/\/www.delfi.lv\/noteikumi#autortiesibas\" rel=\"nofollow noopener\">\u0161eit<\/a><script async src=\"\/\/www.instagram.com\/embed.js\"><\/script><\/p>\n","protected":false},"excerpt":{"rendered":"Valsts dro\u0161\u012bbas dienests (VDD) \u0161\u0101 gada 8. oktobr\u012b rosin\u0101ja prokurat\u016bru uzs\u0101kt krimin\u0101lvaj\u0101\u0161anu pret k\u0101dreiz\u0113j\u0101 &#8220;Maskavas nama&#8221; diviem biju\u0161ajiem&hellip;\n","protected":false},"author":2,"featured_media":26376,"comment_status":"","ping_status":"","sticky":false,"template":"","format":"standard","meta":{"footnotes":""},"categories":[12],"tags":[23,28,29,7221,32,33,22,30,31,35,39,38,36,37,34,40,20,26,27,515,24,25,1579,21],"class_list":{"0":"post-26375","1":"post","2":"type-post","3":"status-publish","4":"format-standard","5":"has-post-thumbnail","7":"category-latvija","8":"tag-aktualitates","9":"tag-breaking-news","10":"tag-breakingnews","11":"tag-eiropas-zinas","12":"tag-featured-news","13":"tag-featurednews","14":"tag-headlines","15":"tag-latest-news","16":"tag-latestnews","17":"tag-latvia","18":"tag-latvian","19":"tag-latviesu","20":"tag-latviesu-valoda","21":"tag-latviesuvaloda","22":"tag-latvija","23":"tag-lv","24":"tag-news","25":"tag-popularakas-zinas","26":"tag-popularakaszinas","27":"tag-sankcijas-pret-krieviju","28":"tag-top-stories","29":"tag-topstories","30":"tag-valsts-drosibas-dienests","31":"tag-zinas"},"share_on_mastodon":{"url":"","error":""},"_links":{"self":[{"href":"https:\/\/www.europesays.com\/lv\/wp-json\/wp\/v2\/posts\/26375","targetHints":{"allow":["GET"]}}],"collection":[{"href":"https:\/\/www.europesays.com\/lv\/wp-json\/wp\/v2\/posts"}],"about":[{"href":"https:\/\/www.europesays.com\/lv\/wp-json\/wp\/v2\/types\/post"}],"author":[{"embeddable":true,"href":"https:\/\/www.europesays.com\/lv\/wp-json\/wp\/v2\/users\/2"}],"replies":[{"embeddable":true,"href":"https:\/\/www.europesays.com\/lv\/wp-json\/wp\/v2\/comments?post=26375"}],"version-history":[{"count":0,"href":"https:\/\/www.europesays.com\/lv\/wp-json\/wp\/v2\/posts\/26375\/revisions"}],"wp:featuredmedia":[{"embeddable":true,"href":"https:\/\/www.europesays.com\/lv\/wp-json\/wp\/v2\/media\/26376"}],"wp:attachment":[{"href":"https:\/\/www.europesays.com\/lv\/wp-json\/wp\/v2\/media?parent=26375"}],"wp:term":[{"taxonomy":"category","embeddable":true,"href":"https:\/\/www.europesays.com\/lv\/wp-json\/wp\/v2\/categories?post=26375"},{"taxonomy":"post_tag","embeddable":true,"href":"https:\/\/www.europesays.com\/lv\/wp-json\/wp\/v2\/tags?post=26375"}],"curies":[{"name":"wp","href":"https:\/\/api.w.org\/{rel}","templated":true}]}}