{"id":26383,"date":"2025-10-20T13:03:08","date_gmt":"2025-10-20T13:03:08","guid":{"rendered":"https:\/\/www.europesays.com\/lv\/26383\/"},"modified":"2025-10-20T13:03:08","modified_gmt":"2025-10-20T13:03:08","slug":"video-%e2%9f%a9-buvesi-pats-no-nakama-gada-jauni-nosacijumi-privatmajas-platibai-apollo-lv","status":"publish","type":"post","link":"https:\/\/www.europesays.com\/lv\/26383\/","title":{"rendered":"VIDEO \u27e9 B\u016bv\u0113si pats? No n\u0101kam\u0101 gada jauni nosac\u012bjumi priv\u0101tm\u0101jas plat\u012bbai &#8211; Apollo.lv"},"content":{"rendered":"<ol>\n<li><a href=\"https:\/\/news.google.com\/rss\/articles\/CBMiogFBVV95cUxOVjlRaF9zZTV4M2dCRFlTU0w3MTVvN0VhbEZ5SGIyanBqYjhUdlRWa0phcTZyZG9pVFRJQ093cXk5akY5bWN3Um96dEdka29xQWNGQVA1VnFHNmd1NVFjWk01SEVCdDBQa1J6aDk3V3JHaFZfM25RMFZ4bGlyT21WRW1fcnRkamFieTBBYW5sV29ldTBMUnFqSUp0Z28xSFk3MXc?oc=5\" target=\"_blank\" rel=\"nofollow noopener\">VIDEO \u27e9 B\u016bv\u0113si pats? No n\u0101kam\u0101 gada jauni nosac\u012bjumi priv\u0101tm\u0101jas plat\u012bbai<\/a>&nbsp;&nbsp;Apollo.lv<\/li>\n<li><a href=\"https:\/\/news.google.com\/rss\/articles\/CBMivwFBVV95cUxOcnhORlZ2aS1VX2lldUpKY2dhOUs3ell6Z0lUU25wbjdMU2htdllzaHJtX2hvcEdSVTN0OF9lY0NRMm1MUEJiV0Vkc1k1VE01RUp2aS1ZSnZ6My1xbElNSkRfaGtfeFBMVW9uQ1RybEQ0MWo5cXVMMWJJeVN1cE1TcEctWnlpZk9qWFdZUUhaX0Nna3lWSFc1X2pTeFBScEFYUGFvNFQ4a2NuZkJDakFVUzNzRGF1TGc4MEVhYVdvcw?oc=5\" target=\"_blank\" rel=\"nofollow noopener\">Samazin\u0101ta priv\u0101tm\u0101jas plat\u012bba, ko at\u013cauts b\u016bv\u0113t pa\u0161u sp\u0113kiem \/ Raksts<\/a>&nbsp;&nbsp;LSM<\/li>\n<li><a href=\"https:\/\/news.google.com\/rss\/articles\/CBMi1gFBVV95cUxPLXc3bno5MS1yYVVQQlBhOTN3cWRTNVhMVG1qeWFMb1B0Q2owa2FRME4xTnpIVXZlRVF0T0xBS1JPNlVVUVpESThuNWRITzFRUW96ZWoyNV9Ycm9OdDhmQnlDWEx1bTJsSEtJRlpXdFM1QVBndWZGSVFwM3Y0OWtIaG5IV3ZwN2VadXNOV2RlTWp4WDZ2MHZ2LTdmX3ZlcktSTGZqT0F1djYyYkdKQ2o1ZVV5N0o0WmNEZFM5Vlp1Y1ZfRmdmcTE0OGFNeUNpWkJfX09jZ0tn?oc=5\" target=\"_blank\" rel=\"nofollow noopener\">Lato Lapsa: Tas, cik strauji un nekaun\u012bgi notiek komunistisk\u0101s ideolo\u0123ijas normu atkalievie\u0161ana, pat man ir p\u0101rsteigums<\/a>&nbsp;&nbsp;LA.LV<\/li>\n<li><a href=\"https:\/\/news.google.com\/rss\/articles\/CBMirAFBVV95cUxQb1djMy1YNVZ2ZVZjaDJ4ZElvMEdyNlYwdV94emR0ckdKcnpqVmp5TnZleFpydFVCcWd5dDJrcGJkQUxHMG9ib01GRi1SeDg1bTB4RFpRYkZwN2lZVUJtVTVPZzVxRDB2MWpiZEFfdTJzdmJjTlBEZDROWG01QVVwaDhGRUVvMHVqT2NiWnFQRTh2dEJIU0tPdldmVFAtTFhVOE55WGd4dUFHZHpR?oc=5\" target=\"_blank\" rel=\"nofollow noopener\">VIDEO. Atpaka\u013c padomju laikos? No n\u0101kam\u0101 gada jauns likums, kas skar visus, kuri b\u016bv\u0113 sev m\u0101ju<\/a>&nbsp;&nbsp;LA.LV<\/li>\n<\/ol>\n","protected":false},"excerpt":{"rendered":"VIDEO \u27e9 B\u016bv\u0113si pats? No n\u0101kam\u0101 gada jauni nosac\u012bjumi priv\u0101tm\u0101jas plat\u012bbai&nbsp;&nbsp;Apollo.lv Samazin\u0101ta priv\u0101tm\u0101jas plat\u012bba, ko at\u013cauts b\u016bv\u0113t pa\u0161u&hellip;\n","protected":false},"author":2,"featured_media":26384,"comment_status":"","ping_status":"","sticky":false,"template":"","format":"standard","meta":{"footnotes":""},"categories":[12],"tags":[23,28,29,634,635,2838,6575,32,33,22,30,31,35,39,38,36,37,34,40,20,26,27,24,25,21],"class_list":{"0":"post-26383","1":"post","2":"type-post","3":"status-publish","4":"format-standard","5":"has-post-thumbnail","7":"category-latvija","8":"tag-aktualitates","9":"tag-breaking-news","10":"tag-breakingnews","11":"tag-buvnieciba","12":"tag-buvniecibas-izmaksas","13":"tag-ekonomikas-ministrija","14":"tag-ekonomikas-zinas","15":"tag-featured-news","16":"tag-featurednews","17":"tag-headlines","18":"tag-latest-news","19":"tag-latestnews","20":"tag-latvia","21":"tag-latvian","22":"tag-latviesu","23":"tag-latviesu-valoda","24":"tag-latviesuvaloda","25":"tag-latvija","26":"tag-lv","27":"tag-news","28":"tag-popularakas-zinas","29":"tag-popularakaszinas","30":"tag-top-stories","31":"tag-topstories","32":"tag-zinas"},"share_on_mastodon":{"url":"","error":""},"_links":{"self":[{"href":"https:\/\/www.europesays.com\/lv\/wp-json\/wp\/v2\/posts\/26383","targetHints":{"allow":["GET"]}}],"collection":[{"href":"https:\/\/www.europesays.com\/lv\/wp-json\/wp\/v2\/posts"}],"about":[{"href":"https:\/\/www.europesays.com\/lv\/wp-json\/wp\/v2\/types\/post"}],"author":[{"embeddable":true,"href":"https:\/\/www.europesays.com\/lv\/wp-json\/wp\/v2\/users\/2"}],"replies":[{"embeddable":true,"href":"https:\/\/www.europesays.com\/lv\/wp-json\/wp\/v2\/comments?post=26383"}],"version-history":[{"count":0,"href":"https:\/\/www.europesays.com\/lv\/wp-json\/wp\/v2\/posts\/26383\/revisions"}],"wp:featuredmedia":[{"embeddable":true,"href":"https:\/\/www.europesays.com\/lv\/wp-json\/wp\/v2\/media\/26384"}],"wp:attachment":[{"href":"https:\/\/www.europesays.com\/lv\/wp-json\/wp\/v2\/media?parent=26383"}],"wp:term":[{"taxonomy":"category","embeddable":true,"href":"https:\/\/www.europesays.com\/lv\/wp-json\/wp\/v2\/categories?post=26383"},{"taxonomy":"post_tag","embeddable":true,"href":"https:\/\/www.europesays.com\/lv\/wp-json\/wp\/v2\/tags?post=26383"}],"curies":[{"name":"wp","href":"https:\/\/api.w.org\/{rel}","templated":true}]}}