{"id":26387,"date":"2025-10-20T13:05:09","date_gmt":"2025-10-20T13:05:09","guid":{"rendered":"https:\/\/www.europesays.com\/lv\/26387\/"},"modified":"2025-10-20T13:05:09","modified_gmt":"2025-10-20T13:05:09","slug":"tumsi-noslepumi-dramatisms-luksuss-un-romantika-trilogijas-rubina-loks-pirmaja-gramata","status":"publish","type":"post","link":"https:\/\/www.europesays.com\/lv\/26387\/","title":{"rendered":"Tum\u0161i nosl\u0113pumi, dramatisms, luksuss un romantika \u2013 trilo\u0123ijas &#8220;Rub\u012bna loks&#8221; pirmaj\u0101 gr\u0101mat\u0101"},"content":{"rendered":"<p>Rom\u0101na darb\u012bba norisin\u0101s Haikl\u0113ras Akad\u0113mij\u0101 \u2013 elit\u0101r\u0101 skol\u0101, kur m\u0101c\u0101s miljon\u0101ru, slaven\u012bbu un ietekm\u012bgu cilv\u0113ku b\u0113rni. Aiz grezn\u012bbas un \u0161\u0137ietam\u0101s harmonijas sl\u0113pjas tum\u0161i nosl\u0113pumi, konkurence un intrigu t\u012bkls. \u0160aj\u0101 pasaul\u0113 nejau\u0161i nok\u013c\u016bst ar\u012b Lu\u012bza, popul\u0101ras dzied\u0101t\u0101jas meita, kas sa\u0146em stipendiju un iest\u0101jas akad\u0113mij\u0101.<\/p>\n<blockquote class=\"quote ck-widget\" contenteditable=\"false\">\n<p>\u201cEs zin\u0101ju, ka audz\u0113k\u0146i uzskata sevi par sava veida elit\u0101ru kopienu&#8230; Rub\u012bna loks. T\u0101 vi\u0146i sevi d\u0113v\u0113ja.\u201d<\/p>\n<\/blockquote>\n<p>Studentu pils\u0113ti\u0146\u0101 ar trim grezniem namiem \u2013 Havertonu, Belmontu un Sera \u0100r\u010dera Remingtona \u2013 dz\u012bve \u0161\u0137iet idilliska l\u012bdz br\u012bdim, kad s\u0101kas nosl\u0113pumaina sp\u0113le, ko vada k\u0101ds, kur\u0161 sevi d\u0113v\u0113 par Meistaru. Dal\u012bbnieki sa\u0146em nosl\u0113pumainas v\u0113stules ar izaicin\u0101jumiem, bet par katru p\u0101rk\u0101ptu noteikumu draud izsl\u0113g\u0161ana no sp\u0113les \u2013 un v\u0113l \u013caun\u0101kas sekas.<\/p>\n<p><img decoding=\"async\" class=\"figure__image\" onclick=\"triggerEvent('articleImageClick', { id: 17226150, focus: 'single-image', focusIndex: '17226150' })\" onkeydown=\"if (event.key === 'Enter') {&#10;        triggerEvent('articleImageClick', { id: 17226150, focus: 'single-image', focusIndex: '17226150' })&#10;        }\" role=\"button\" tabindex=\"0\" data-focus-from=\"single-image\" data-focus-index=\"17226150\" src=\"https:\/\/www.europesays.com\/lv\/wp-content\/uploads\/2025\/10\/17226150t1hb079.jpg\" onload=\"this.parentElement.classList.remove('figure__image-loading')\" alt=\"Rubina loks_1_vaks brosa ar atl_mug 26.indd\"\/>Rubina loks_1_vaks brosa ar atl_mug 26.indd Foto: Publicit\u0101tes foto<\/p>\n<p>Kas ir \u0161is Meistars? K\u0101ds ir vi\u0146a m\u0113r\u0137is? Un vai visp\u0101r k\u0101dam var uztic\u0113ties?<\/p>\n<blockquote class=\"quote ck-widget\" contenteditable=\"false\">\n<p>\u201cTeo izbrauca ar roku caur matiem&#8230; Vi\u0146\u0161 bija dom\u0101jis, ka Meistara sp\u0113le uz vi\u0146u neattiecas. Galu gal\u0101 vi\u0146am nebija nosl\u0113pumu. Iz\u0146emot&#8230; \u0161o vienu.\u201d<\/p>\n<\/blockquote>\n<p>Lu\u012bza, cen\u0161oties atrast savu vietu jaunaj\u0101 vid\u0113, iepaz\u012bst Teo \u2013 nosl\u0113pumainu un pievilc\u012bgu jaunieti, kur\u0161, \u0161\u0137iet, sl\u0113pj kaut ko b\u012bstamu. Vi\u0146u starp\u0101 dzimst aizliegta pievilk\u0161an\u0101s, kas arvien vair\u0101k sapinas ar Meistara sp\u0113li un t\u0101s nosl\u0113pumiem.<\/p>\n","protected":false},"excerpt":{"rendered":"Rom\u0101na darb\u012bba norisin\u0101s Haikl\u0113ras Akad\u0113mij\u0101 \u2013 elit\u0101r\u0101 skol\u0101, kur m\u0101c\u0101s miljon\u0101ru, slaven\u012bbu un ietekm\u012bgu cilv\u0113ku b\u0113rni. Aiz grezn\u012bbas&hellip;\n","protected":false},"author":2,"featured_media":26388,"comment_status":"","ping_status":"","sticky":false,"template":"","format":"standard","meta":{"footnotes":""},"categories":[19],"tags":[4158,89,90,35,39,38,36,37,34,40],"class_list":{"0":"post-26387","1":"post","2":"type-post","3":"status-publish","4":"format-standard","5":"has-post-thumbnail","7":"category-izklaide","8":"tag-zvaigzne-abc","9":"tag-entertainment","10":"tag-izklaide","11":"tag-latvia","12":"tag-latvian","13":"tag-latviesu","14":"tag-latviesu-valoda","15":"tag-latviesuvaloda","16":"tag-latvija","17":"tag-lv"},"share_on_mastodon":{"url":"","error":""},"_links":{"self":[{"href":"https:\/\/www.europesays.com\/lv\/wp-json\/wp\/v2\/posts\/26387","targetHints":{"allow":["GET"]}}],"collection":[{"href":"https:\/\/www.europesays.com\/lv\/wp-json\/wp\/v2\/posts"}],"about":[{"href":"https:\/\/www.europesays.com\/lv\/wp-json\/wp\/v2\/types\/post"}],"author":[{"embeddable":true,"href":"https:\/\/www.europesays.com\/lv\/wp-json\/wp\/v2\/users\/2"}],"replies":[{"embeddable":true,"href":"https:\/\/www.europesays.com\/lv\/wp-json\/wp\/v2\/comments?post=26387"}],"version-history":[{"count":0,"href":"https:\/\/www.europesays.com\/lv\/wp-json\/wp\/v2\/posts\/26387\/revisions"}],"wp:featuredmedia":[{"embeddable":true,"href":"https:\/\/www.europesays.com\/lv\/wp-json\/wp\/v2\/media\/26388"}],"wp:attachment":[{"href":"https:\/\/www.europesays.com\/lv\/wp-json\/wp\/v2\/media?parent=26387"}],"wp:term":[{"taxonomy":"category","embeddable":true,"href":"https:\/\/www.europesays.com\/lv\/wp-json\/wp\/v2\/categories?post=26387"},{"taxonomy":"post_tag","embeddable":true,"href":"https:\/\/www.europesays.com\/lv\/wp-json\/wp\/v2\/tags?post=26387"}],"curies":[{"name":"wp","href":"https:\/\/api.w.org\/{rel}","templated":true}]}}