{"id":263935,"date":"2026-08-07T17:24:27","date_gmt":"2026-08-07T17:24:27","guid":{"rendered":"https:\/\/www.europesays.com\/lv\/263935\/"},"modified":"2026-08-07T17:24:27","modified_gmt":"2026-08-07T17:24:27","slug":"lietuva-valsts-beres-apglabata-ekspremjere-prunskiene","status":"publish","type":"post","link":"https:\/\/www.europesays.com\/lv\/263935\/","title":{"rendered":"Lietuv\u0101 valsts b\u0113r\u0113s apglab\u0101ta ekspremjere Prunskiene"},"content":{"rendered":"<p>B\u0113ru ceremonijas laik\u0101 premjerministrs Mindaugs Sinkevi\u010ds uzsv\u0113ra Prunskienes noz\u012bmi atjaunot\u0101s Lietuvas pirm\u0101s vald\u012bbas izveid\u0113. Vi\u0146\u0161 teica, ka vi\u0146as vad\u012bt\u0101 vald\u012bba lika pamatus Lietuvas valstij nenoteikt\u012bbas un nep\u0101rtrauktu Padomju Savien\u012bbas milit\u0101ro draudu laik\u0101.<\/p>\n<p>&#8220;Sp\u0113ja vienoties par kop\u012bgu m\u0113r\u0137i un ap\u0146\u0113m\u012bgi to \u012bstenot ir viena no svar\u012bg\u0101kaj\u0101m Prunskienes sniegtaj\u0101m l\u012bder\u012bbas m\u0101c\u012bb\u0101m. Paldies, cien\u012bjam\u0101 premjerministr, par \u0161o m\u0101c\u012bbu un par Lietuvas valsts pamatiem. M\u0113s uz tiem pa\u013caujamies \u0161odien, un uz tiem pa\u013causies ar\u012b n\u0101kam\u0101s vald\u012bbas,&#8221; sac\u012bja Sinkevi\u010ds.<\/p>\n<p>Seima priek\u0161s\u0113d\u0113t\u0101js Jozs Oleks raksturoja Prunskieni k\u0101 vienu no iev\u0113rojam\u0101kaj\u0101m agr\u012bn\u0101s neatkar\u012bbas laikmeta l\u012bder\u0113m. Vi\u0146\u0161 uzsv\u0113ra, ka vi\u0146a savus pien\u0101kumus k\u0101 atjaunot\u0101s neatkar\u012bg\u0101s Lietuvas pirm\u0101s vald\u012bbas vad\u012bt\u0101ja pild\u012bja ar stingr\u012bbu, atbild\u012bbu un demokr\u0101tiskiem principiem.<\/p>\n<p>1990. gada 11. marta akta parakst\u012bt\u0101ja un Neatkar\u012bbas akta parakst\u012bt\u0101ju kluba priek\u0161s\u0113d\u0113t\u0101ja Birute Valion\u012bte ceremonijas laik\u0101 sac\u012bja, ka Prunskiene atv\u0113ra Lietuvai durvis uz pasauli un str\u0101d\u0101ja pie labkl\u0101j\u012bg\u0101kas un taisn\u012bg\u0101kas valsts veido\u0161anas.<\/p>\n","protected":false},"excerpt":{"rendered":"B\u0113ru ceremonijas laik\u0101 premjerministrs Mindaugs Sinkevi\u010ds uzsv\u0113ra Prunskienes noz\u012bmi atjaunot\u0101s Lietuvas pirm\u0101s vald\u012bbas izveid\u0113. Vi\u0146\u0161 teica, ka vi\u0146as&hellip;\n","protected":false},"author":2,"featured_media":263936,"comment_status":"","ping_status":"","sticky":false,"template":"","format":"standard","meta":{"footnotes":"","_share_on_mastodon":"0"},"categories":[14],"tags":[23,57,24144,28,29,32,33,22,30,31,35,39,38,36,37,34,1464,40,20,26,27,24,25,54,55,56,21,58],"class_list":["post-263935","post","type-post","status-publish","format-standard","has-post-thumbnail","category-zinas-no-arvalstim","tag-aktualitates","tag-arvalstim","tag-beres","tag-breaking-news","tag-breakingnews","tag-featured-news","tag-featurednews","tag-headlines","tag-latest-news","tag-latestnews","tag-latvia","tag-latvian","tag-latviesu","tag-latviesu-valoda","tag-latviesuvaloda","tag-latvija","tag-lietuva","tag-lv","tag-news","tag-popularakas-zinas","tag-popularakaszinas","tag-top-stories","tag-topstories","tag-world","tag-world-news","tag-worldnews","tag-zinas","tag-zinas-no-arvalstim"],"share_on_mastodon":{"url":"https:\/\/pubeurope.com\/@lv\/117055394256674175","error":""},"_links":{"self":[{"href":"https:\/\/www.europesays.com\/lv\/wp-json\/wp\/v2\/posts\/263935","targetHints":{"allow":["GET"]}}],"collection":[{"href":"https:\/\/www.europesays.com\/lv\/wp-json\/wp\/v2\/posts"}],"about":[{"href":"https:\/\/www.europesays.com\/lv\/wp-json\/wp\/v2\/types\/post"}],"author":[{"embeddable":true,"href":"https:\/\/www.europesays.com\/lv\/wp-json\/wp\/v2\/users\/2"}],"replies":[{"embeddable":true,"href":"https:\/\/www.europesays.com\/lv\/wp-json\/wp\/v2\/comments?post=263935"}],"version-history":[{"count":0,"href":"https:\/\/www.europesays.com\/lv\/wp-json\/wp\/v2\/posts\/263935\/revisions"}],"wp:featuredmedia":[{"embeddable":true,"href":"https:\/\/www.europesays.com\/lv\/wp-json\/wp\/v2\/media\/263936"}],"wp:attachment":[{"href":"https:\/\/www.europesays.com\/lv\/wp-json\/wp\/v2\/media?parent=263935"}],"wp:term":[{"taxonomy":"category","embeddable":true,"href":"https:\/\/www.europesays.com\/lv\/wp-json\/wp\/v2\/categories?post=263935"},{"taxonomy":"post_tag","embeddable":true,"href":"https:\/\/www.europesays.com\/lv\/wp-json\/wp\/v2\/tags?post=263935"}],"curies":[{"name":"wp","href":"https:\/\/api.w.org\/{rel}","templated":true}]}}