{"id":26395,"date":"2025-10-20T13:09:08","date_gmt":"2025-10-20T13:09:08","guid":{"rendered":"https:\/\/www.europesays.com\/lv\/26395\/"},"modified":"2025-10-20T13:09:08","modified_gmt":"2025-10-20T13:09:08","slug":"foto-vecaki-jau-nakti-tika-informeti-par-notiekoso-aculieciniece-stasta-par-ugunsgreku-bernudarza-bitite-apollo-lv","status":"publish","type":"post","link":"https:\/\/www.europesays.com\/lv\/26395\/","title":{"rendered":"FOTO Vec\u0101ki jau nakt\u012b tika inform\u0113ti par notieko\u0161o \u2013 aculieciniece st\u0101sta par ugunsgr\u0113ku b\u0113rnud\u0101rz\u0101 &quot;Bit\u012bte&quot; &#8211; Apollo.lv"},"content":{"rendered":"<ol>\n<li><a href=\"https:\/\/news.google.com\/rss\/articles\/CBMizwFBVV95cUxOTDVHTVF6N0FwVEdGbFByX0p2aWd4RnIzN3NkZVItSVM2TndwQlg4dUpBYjFqWEN6X3ZVb18yS1l3U05qUlhCMEl0bURIc0wyTVpiaThUYUtkZjM1V0E2dmlEa0N6eWR6TS1OZGtfM0VPNHhCVzBCOU1CbG03a0xlMHBYTlJlYTI4MDI0ZGE3OHY4c1BMVWJlbGxYVzNEMEJtQ2JGRWc4Um5zTVcxbGhqQXRrYkM1OHZQbFZBejBnYmExTFVxN3VEbktwMVhObVE?oc=5\" target=\"_blank\" rel=\"nofollow noopener\">FOTO Vec\u0101ki jau nakt\u012b tika inform\u0113ti par notieko\u0161o \u2013 aculieciniece st\u0101sta par ugunsgr\u0113ku b\u0113rnud\u0101rz\u0101 &#8220;Bit\u012bte&#8221;<\/a>&nbsp;&nbsp;Apollo.lv<\/li>\n<li><a href=\"https:\/\/news.google.com\/rss\/articles\/CBMi0AFBVV95cUxPekh2Vm9fN2toQjRhN2xmUmF2OWxxdERWMllsUnZVT3RLejFPei1jaEt4QVMzSjNQSlB1U3c0bE9KT0oyRVhqUEF2d3N2Vl9VUTd5RU5ZbTNmY0VrVUVWMDRoaFVTcWc4RW05cjdnNHE4d2pjcGRMQks5d08yTTBZUnB5M0Qxb2F6REtUeE1MYW1zSjBFbGRIdURybXo5UzJuYzVRcDlaZ2RIaFhtbjFWSS1seVBuNExsekY4bVR2aVFvdFRWcmhraFFqZ3dyQzZu?oc=5\" target=\"_blank\" rel=\"nofollow noopener\">Aizvad\u012btaj\u0101 nakt\u012b izc\u0113lies pla\u0161s ugunsgr\u0113ks b\u0113rnud\u0101rz\u0101 \u00abBit\u012bte\u00bb S\u0113jas pagast\u0101 \/ Raksts<\/a>&nbsp;&nbsp;LSM<\/li>\n<li><a href=\"https:\/\/news.google.com\/rss\/articles\/CBMitgFBVV95cUxQZVhkdFItdHdwUDU3VXNVemY3WXpndThrb1dVejN1aHBVMU11MU52T3dLWFlSU0psTFJ0MFc5Vm5sd3dWVV9haFlKc3RSazVtTUwxVnRTdmkzbXVuSmVzRWNsRGV1SDlvd05UWVJ0dGRXSDFjQkwzeHJLenhBX194a0l1b0ZSa01mRV9KdXhrTkFvaTVMaE9vU1JCLXFLM05IOG56TXQ3MzhuRmpJS2pad0N0VUZjZw?oc=5\" target=\"_blank\" rel=\"nofollow noopener\">Sv\u0113tdien pla\u0161a ugunsnelaime sk\u0101rusi b\u0113rnud\u0101rzu S\u0113jas pagast\u0101 (plkst. 12.09)<\/a>&nbsp;&nbsp;Delfi<\/li>\n<li><a href=\"https:\/\/news.google.com\/rss\/articles\/CBMimgFBVV95cUxPZ3kwSnBlTDNNY2ExNFFHMy1na3RZQko0TGJ0QUlQUTY1TlVoekl3YUJwYy1McGdOSUhkMkVuV1otM0hmN1VrV3A4X0xhQ3RJbUdXTk5LUmpibzJNejJSdXZiQXo3cVN6SUtYdHNSalNURmhlQUZfZjQyQnZIellia0pNSUh5c1h3TTZuZWlERUhkU3g1WG11QnZB?oc=5\" target=\"_blank\" rel=\"nofollow noopener\">Policija s\u0101kusi p\u0101rbaudi par posto\u0161o ugunsgr\u0113ku b\u0113rnud\u0101rz\u0101 &#8220;Bit\u012bte&#8221;<\/a>&nbsp;&nbsp;TVNET<\/li>\n<li><a href=\"https:\/\/news.google.com\/rss\/articles\/CBMiswFBVV95cUxPOVoxbFFqancxa0R5M1VVRWFjTFotM3JaVEpmNTFvTmlfTFVmTWlkbFJQbF9qLUQtQmU2V1VhdXJQdUIxeFUwOF81bEJxYU9POU00cDFabUVoeHMzSjg2TnNZajIzUUdvOVRsS0Z3X3NfSHlmWmJvRnprZ0c3OGhSeWpHUm5Yal9XcktVUDF6b005UE5fZmNkTGx5UG9vSlc3WmJkSmNDMDFjdjlXSHhJVHRsMA?oc=5\" target=\"_blank\" rel=\"nofollow noopener\">FOTO: Saulkrastu novad\u0101 sv\u0113tdien degusi pirmsskolas izgl\u012bt\u012bbas iest\u0101de &#8220;Bit\u012bte&#8221;<\/a>&nbsp;&nbsp;Jauns.lv<\/li>\n<\/ol>\n","protected":false},"excerpt":{"rendered":"FOTO Vec\u0101ki jau nakt\u012b tika inform\u0113ti par notieko\u0161o \u2013 aculieciniece st\u0101sta par ugunsgr\u0113ku b\u0113rnud\u0101rz\u0101 &#8220;Bit\u012bte&#8221;&nbsp;&nbsp;Apollo.lv Aizvad\u012btaj\u0101 nakt\u012b izc\u0113lies&hellip;\n","protected":false},"author":2,"featured_media":26396,"comment_status":"","ping_status":"","sticky":false,"template":"","format":"standard","meta":{"footnotes":""},"categories":[12],"tags":[23,28,29,32,33,22,30,31,35,39,38,36,37,34,40,20,26,27,24,25,377,4909,4908,21],"class_list":{"0":"post-26395","1":"post","2":"type-post","3":"status-publish","4":"format-standard","5":"has-post-thumbnail","7":"category-latvija","8":"tag-aktualitates","9":"tag-breaking-news","10":"tag-breakingnews","11":"tag-featured-news","12":"tag-featurednews","13":"tag-headlines","14":"tag-latest-news","15":"tag-latestnews","16":"tag-latvia","17":"tag-latvian","18":"tag-latviesu","19":"tag-latviesu-valoda","20":"tag-latviesuvaloda","21":"tag-latvija","22":"tag-lv","23":"tag-news","24":"tag-popularakas-zinas","25":"tag-popularakaszinas","26":"tag-top-stories","27":"tag-topstories","28":"tag-ugunsgreks","29":"tag-valsts-ugunsdzesibas-un-glabsanas-dienests-vugd","30":"tag-vugd","31":"tag-zinas"},"share_on_mastodon":{"url":"","error":""},"_links":{"self":[{"href":"https:\/\/www.europesays.com\/lv\/wp-json\/wp\/v2\/posts\/26395","targetHints":{"allow":["GET"]}}],"collection":[{"href":"https:\/\/www.europesays.com\/lv\/wp-json\/wp\/v2\/posts"}],"about":[{"href":"https:\/\/www.europesays.com\/lv\/wp-json\/wp\/v2\/types\/post"}],"author":[{"embeddable":true,"href":"https:\/\/www.europesays.com\/lv\/wp-json\/wp\/v2\/users\/2"}],"replies":[{"embeddable":true,"href":"https:\/\/www.europesays.com\/lv\/wp-json\/wp\/v2\/comments?post=26395"}],"version-history":[{"count":0,"href":"https:\/\/www.europesays.com\/lv\/wp-json\/wp\/v2\/posts\/26395\/revisions"}],"wp:featuredmedia":[{"embeddable":true,"href":"https:\/\/www.europesays.com\/lv\/wp-json\/wp\/v2\/media\/26396"}],"wp:attachment":[{"href":"https:\/\/www.europesays.com\/lv\/wp-json\/wp\/v2\/media?parent=26395"}],"wp:term":[{"taxonomy":"category","embeddable":true,"href":"https:\/\/www.europesays.com\/lv\/wp-json\/wp\/v2\/categories?post=26395"},{"taxonomy":"post_tag","embeddable":true,"href":"https:\/\/www.europesays.com\/lv\/wp-json\/wp\/v2\/tags?post=26395"}],"curies":[{"name":"wp","href":"https:\/\/api.w.org\/{rel}","templated":true}]}}