{"id":263981,"date":"2026-08-07T18:15:12","date_gmt":"2026-08-07T18:15:12","guid":{"rendered":"https:\/\/www.europesays.com\/lv\/263981\/"},"modified":"2026-08-07T18:15:12","modified_gmt":"2026-08-07T18:15:12","slug":"lauvas-varti-atveras-8-augusta-ko-astrologi-prognoze-katrai-zodiaka-zimei-1188-lv","status":"publish","type":"post","link":"https:\/\/www.europesays.com\/lv\/263981\/","title":{"rendered":"Lauvas v\u0101rti atveras 8. august\u0101 \u2013 ko astrologi prognoz\u0113 katrai Zodiaka z\u012bmei? &#8211; 1188.lv"},"content":{"rendered":"<ol>\n<li><a href=\"https:\/\/news.google.com\/rss\/articles\/CBMiqAFBVV95cUxQNk9kMDFnQ1JtczZEX0JTT2FCV2l3REVMSjlySXNnVllJbUJhM1JFNkN2WUk1ajVZeEdiTGJ1S1hUTndNVFBMWFR5bWxWNTdJaFNVbGN3RmdlUHJYWFVEMjBOS0wxdjhvYkZnV29BMUYxMXMwa2RJMGRPOWlGRlMyR29yUHpUMExPN1hDd3FJdEtEU0t5YXcxRTNkRkl5RVA3NmtmLUhuQ2U?oc=5\" target=\"_blank\" rel=\"nofollow noopener\">Lauvas v\u0101rti atveras 8. august\u0101 \u2013 ko astrologi prognoz\u0113 katrai Zodiaka z\u012bmei?<\/a>&nbsp;&nbsp;1188.lv<\/li>\n<li><a href=\"https:\/\/news.google.com\/rss\/articles\/CBMi7gFBVV95cUxNMFlCSmNwTjNzZ3ltZXhHMU1BVTJQbzVxd0VRU2h1dng4Z21obnpnYUplWnBhbUxTNkNNMmpXRjNhVEJPZlVObE1ZYjNiaVd4VWp3dXhWLUx3elV0NWVvZkROXzQ2VmhPMUlvSHZOTW5fNjVhcWxpbWdvaGN1aUdROVdSYWljTlVkbktDNThOazdxOW9BUTAzWWV4RkhmeUdsa0NQR2VVMjFWTDhMd3g1cnNSaWFtMUI5VDlXa0NyN0xDTWwxbDhJb3ZSYUNqUnBYNzd3VGlJWDZFNW9xdUtlMUtlbzRZUG9hMVBtZUlR?oc=5\" target=\"_blank\" rel=\"nofollow noopener\">Divi augusta vakari, p\u0113c kuriem pirmdiena izskat\u012bsies cit\u0101di: ko 8.\u20139. datum\u0101 liktenis noklus\u0113s l\u012bdz p\u0113d\u0113jai min\u016btei<\/a>&nbsp;&nbsp;Kaipkada.lt<\/li>\n<li><a href=\"https:\/\/news.google.com\/rss\/articles\/CBMitgFBVV95cUxQRmZ2SjNOR282TTExWVgwb0Ricm8wLXZ4bnV1M3lYWHJGWVJCVUQzelJ2dXhrRC0zME53VXJ5TUZyU2FialUxeXFYUE1iUlNBUVBYa0JCNmFjSUIxcWlGYzNDaW1RT09Rc0JOc3J6ay1KMkZxa2tpMUdsUWVFY3dleGFRUHVuVkNBX3VaYnlpN1paSUprZVVNMkJCSFlBZk1QaXBodkxLOFQ0UjBHMkcxcUxpcWdqQQ?oc=5\" target=\"_blank\" rel=\"nofollow noopener\">Tam\u0101ra Globa par 8. augustu: 4 zodiaka z\u012bm\u0113m dz\u012bv\u0113 viss beidzot nost\u0101sies sav\u0101s viet\u0101s<\/a>&nbsp;&nbsp;Dzentlmenis.lv<\/li>\n<\/ol>\n","protected":false},"excerpt":{"rendered":"Lauvas v\u0101rti atveras 8. august\u0101 \u2013 ko astrologi prognoz\u0113 katrai Zodiaka z\u012bmei?&nbsp;&nbsp;1188.lv Divi augusta vakari, p\u0113c kuriem pirmdiena&hellip;\n","protected":false},"author":2,"featured_media":263982,"comment_status":"","ping_status":"","sticky":false,"template":"","format":"standard","meta":{"footnotes":"","_share_on_mastodon":"0"},"categories":[19],"tags":[129,6378,1746,89,90,35,39,38,36,37,34,40,6379,1747,6380,1748],"class_list":["post-263981","post","type-post","status-publish","format-standard","has-post-thumbnail","category-izklaide","tag-__typenameadvicekeyword","tag-id1751","tag-id98","tag-entertainment","tag-izklaide","tag-latvia","tag-latvian","tag-latviesu","tag-latviesu-valoda","tag-latviesuvaloda","tag-latvija","tag-lv","tag-slugastrologija","tag-slughoroskops","tag-titleastrologija","tag-titlehoroskops"],"share_on_mastodon":{"url":"https:\/\/pubeurope.com\/@lv\/117055594621732114","error":""},"_links":{"self":[{"href":"https:\/\/www.europesays.com\/lv\/wp-json\/wp\/v2\/posts\/263981","targetHints":{"allow":["GET"]}}],"collection":[{"href":"https:\/\/www.europesays.com\/lv\/wp-json\/wp\/v2\/posts"}],"about":[{"href":"https:\/\/www.europesays.com\/lv\/wp-json\/wp\/v2\/types\/post"}],"author":[{"embeddable":true,"href":"https:\/\/www.europesays.com\/lv\/wp-json\/wp\/v2\/users\/2"}],"replies":[{"embeddable":true,"href":"https:\/\/www.europesays.com\/lv\/wp-json\/wp\/v2\/comments?post=263981"}],"version-history":[{"count":0,"href":"https:\/\/www.europesays.com\/lv\/wp-json\/wp\/v2\/posts\/263981\/revisions"}],"wp:featuredmedia":[{"embeddable":true,"href":"https:\/\/www.europesays.com\/lv\/wp-json\/wp\/v2\/media\/263982"}],"wp:attachment":[{"href":"https:\/\/www.europesays.com\/lv\/wp-json\/wp\/v2\/media?parent=263981"}],"wp:term":[{"taxonomy":"category","embeddable":true,"href":"https:\/\/www.europesays.com\/lv\/wp-json\/wp\/v2\/categories?post=263981"},{"taxonomy":"post_tag","embeddable":true,"href":"https:\/\/www.europesays.com\/lv\/wp-json\/wp\/v2\/tags?post=263981"}],"curies":[{"name":"wp","href":"https:\/\/api.w.org\/{rel}","templated":true}]}}