{"id":26399,"date":"2025-10-20T13:11:12","date_gmt":"2025-10-20T13:11:12","guid":{"rendered":"https:\/\/www.europesays.com\/lv\/26399\/"},"modified":"2025-10-20T13:11:12","modified_gmt":"2025-10-20T13:11:12","slug":"modelei-bjankai-balti-kurai-diagnosticets-vezis-atteikta-daliba-victorias-secret-sova","status":"publish","type":"post","link":"https:\/\/www.europesays.com\/lv\/26399\/","title":{"rendered":"Modelei Bjankai Balti, kurai diagnostic\u0113ts v\u0113zis, atteikta dal\u012bba &#8220;Victoria\u2019s Secret&#8221; \u0161ov\u0101"},"content":{"rendered":"<p>41 gadu vec\u0101, bijus\u012b &#8220;Victoria\u2019s Secret&#8221; <a rel=\"noopener nofollow\" target=\"_blank\" href=\"https:\/\/www.delfi.lv\/temas\/44186899\/modele\" tag-id=\"44186899\">modele<\/a> Bjanka Balti vietn\u0113 &#8220;Substack&#8221; atkl\u0101jusi, ka ir v\u0113rsusies pie z\u012bmola ar l\u016bgumu \u013caut vi\u0146ai piedal\u012bties 2025. gada modes \u0161ov\u0101, lai iedvesmotu un dotu cer\u012bbu sieviet\u0113m, kuras p\u0101rvar\u0113ju\u0161as v\u0113zi. Vi\u0146a nor\u0101da, ka 6. oktobr\u012b nos\u016bt\u012bjusi &#8220;Victoria\u2019s Secret&#8221; komandai v\u0113stuli, l\u016bdzot \u013caut vi\u0146ai iziet uz skatuves 15. oktobra skat\u0113, nor\u0101d\u012bts port\u0101l\u0101 &#8220;<a rel=\"noopener nofollow\" target=\"_blank\" href=\"https:\/\/people.com\/bianca-balti-model-with-cancer-says-victorias-secret-denied-her-request-to-walk-in-fashion-show-11832505\" data-rel-date-range=\"[]\">People<\/a>&#8220;, ta\u010du dal\u012bba skat\u0113 vi\u0146ai atteikta.<\/p>\n<p>&#8220;Nezinu, no kurienes man rad\u0101s drosme, ta\u010du es sa\u0146\u0113mos. Dz\u012bv\u0113 visvair\u0101k no\u017e\u0113lojam neizmantot\u0101s iesp\u0113jas. Pavaic\u0101ju sev: &#8220;Ko gan es varu zaud\u0113t?&#8221; \u2013 un nol\u0113mu m\u0113\u0123in\u0101t,&#8221; rakst\u012bja Balti. &#8220;&#8221;LinkedIn&#8221; atradu kontaktus un nos\u016bt\u012bju savu atkl\u0101to v\u0113stuli visiem uz\u0146\u0113muma darbiniekiem, kurus vien var\u0113ju atrast.&#8221;<\/p>\n<p class=\"MsoNormal\">Modele v\u0113stules saturu pievienoja ar\u012b savam &#8220;Substack&#8221; ierakstam. &#8220;P\u0113d\u0113jos gados ar apbr\u012bnu esmu v\u0113rojusi, k\u0101 j\u016bsu z\u012bmols main\u0101s \u2013 patiesi ap\u0146\u0113m\u012bgi iest\u0101jas par daudzveid\u012bbu un iek\u013cau\u0161anu,&#8221; rakst\u012bja vi\u0146a. &#8220;J\u016bsu kampa\u0146\u0101s un skat\u0113s redzu da\u017e\u0101du izm\u0113ru, taut\u012bbu un vecumu sievietes. Kad uzzin\u0101ju, ka &#8220;Victoria\u2019s Secret&#8221; modes <a rel=\"noopener nofollow\" target=\"_blank\" href=\"https:\/\/www.delfi.lv\/temas\/44183223\/sovs\" tag-id=\"44183223\">\u0161ovs<\/a> atgrie\u017eas, sajutu skaidru aicin\u0101jumu \u2013 ar\u012b man tur j\u0101b\u016bt.&#8221;<\/p>\n<p class=\"MsoNormal\">&#8220;Es neesmu nedz jaun\u0101k\u0101 modele, nedz ide\u0101l\u0101kaj\u0101 fiziskaj\u0101 form\u0101. Bet es esmu sp\u0113c\u012bga, dro\u0161a un dz\u012bva \u2013 un joproj\u0101m nol\u0101d\u0113ti seks\u012bga. Es lepojos ar sav\u0101m r\u0113t\u0101m un ar prieku r\u0101du tikko ataugu\u0161os matus. Mana par\u0101d\u012b\u0161an\u0101s uz skatuves neb\u016btu tikai mans sapnis \u2013 tas b\u016btu v\u0113st\u012bjums miljoniem sievie\u0161u: &#8220;Dz\u012bve turpin\u0101s ar\u012b gr\u016bt\u012bb\u0101s. Tu neesi maz\u0101k sieviete. Tu esi vesela. Tu esi seks\u012bga. Tu esi neapturama.&#8221; Es esmu tam dz\u012bvs pier\u0101d\u012bjums,&#8221; vi\u0146a turpin\u0101ja. &#8220;Paldies, ka apsverat manu dal\u012bbu \u2013 ne tikai manis pa\u0161as d\u0113\u013c, bet ar\u012b visu to sievie\u0161u v\u0101rd\u0101, kur\u0101m vajadz\u012bgs k\u0101ds, kas iemieso cer\u012bbu un sp\u0113ku,&#8221; nosl\u0113dza Balti.<\/p>\n<p class=\"MsoNormal\">Vi\u0146a uzsv\u0113ra ar\u012b 2024. gada \u0161ova daudzveid\u012bbu: &#8220;Divas transsievietes, tr\u012bs &#8220;plus-size&#8221; supermodeles \u2013 E\u0161lija Gr\u0113ma, Paloma Elsesere un Devina Garsija \u2013, un vecumu amplit\u016bda no 22 gadus vec\u0101s Lilas Mosas l\u012bdz 56 gadus vecajai Karlai Bruni.&#8221;<\/p>\n<p class=\"MsoNormal\">P\u0113c tam vi\u0146a paskaidroja, k\u0101p\u0113c savu dal\u012bbu uzskata par svar\u012bgu: &#8220;Ne jau tikai t\u0101p\u0113c, ka esmu skaista \u2013 es p\u0101rst\u0101vu miljoniem sievie\u0161u, kur\u0101m ir vai ir bijis <a rel=\"noopener nofollow\" target=\"_blank\" href=\"https:\/\/www.delfi.lv\/temas\/43202896\/vezis\" tag-id=\"43202896\">v\u0113zis<\/a>, k\u0101 ar\u012b t\u0101s, kur\u0101m diagnoze v\u0113l tikai priek\u0161\u0101. Es gribu par\u0101d\u012bt, ka diagnoze nav skaistuma vai p\u0101rliec\u012bbas beigas. R\u0113tas neizdz\u0113\u0161 to, kas m\u0113s esam. Dz\u012bve p\u0113c v\u0113\u017ea var b\u016bt drosm\u012bga, seks\u012bga un pilnv\u0113rt\u012bga.&#8221;<\/p>\n<p class=\"MsoNormal\">&#8220;Victoria\u2019s Secret&#8221; uz v\u0113stuli atbild\u0113ja ar atteikumu, paskaidrojot, ka \u0161\u012b gada \u0161ova sast\u0101vs jau ir nokomplekt\u0113ts. &#8220;Un tas ir okei,&#8221; rakst\u012bja Balti. &#8220;Es sp\u0113ru \u0161o drosm\u012bgo soli, jo kop\u0161 saslim\u0161anas j\u016btu atbild\u012bbu dot cer\u012bbu ne tikai sieviet\u0113m ar v\u0113zi, bet ar\u012b ikvienam, kur\u0161 p\u0113c gr\u016bt\u012bb\u0101m m\u0101c\u0101s dz\u012bvot no jauna. Es m\u0113\u0123in\u0101ju. Nesan\u0101ca. Ta\u010du neno\u017e\u0113loju. V\u0113zis man iem\u0101c\u012bja, ka dz\u012bve ir p\u0101r\u0101k \u012bsa, lai nem\u0113\u0123in\u0101tu \u2013 un ka m\u0113\u0123in\u0101\u0161ana nenogalina.&#8221;<\/p>\n<p class=\"MsoNormal\">Par sav\u0101m vesel\u012bbas c\u012b\u0146\u0101m Balti run\u0101jusi atkl\u0101ti \u2013 2022. gad\u0101 vi\u0146a veica profilaktisku dubulto mastektomiju, jo tika konstat\u0113ta BRCA1 g\u0113na mut\u0101cija, kas b\u016btiski palielina kr\u016bts v\u0113\u017ea risku. Divus gadus v\u0113l\u0101k vi\u0146ai diagnostic\u0113ja oln\u012bcu v\u0113zi. Bjanka Balti pirmoreiz uz &#8220;Victoria\u2019s Secret&#8221; m\u0113les k\u0101pa 2005. gad\u0101.<\/p>\n<p class=\"m-0\">Seko &#8220;Delfi&#8221; ar\u012b  <a target=\"_blank\" href=\"https:\/\/www.instagram.com\/delfi.lv\/\" rel=\"nofollow noopener\">Instagram<\/a>  un <a target=\"_blank\" href=\"https:\/\/www.youtube.com\/channel\/UCw5foWtcJvAbUm64rv7jwUQ\" rel=\"nofollow noopener\">YouTube<\/a>  profil\u0101 \u2013 pievienojies, lai uzzin\u0101tu svar\u012bg\u0101ko un interesant\u0101ko pirmais!<\/p>\n<p>Publik\u0101cijas saturs vai t\u0101s jebk\u0101da apjoma da\u013ca ir aizsarg\u0101ts autorties\u012bbu objekts Autorties\u012bbu likuma izpratn\u0113, un t\u0101 izmanto\u0161ana bez izdev\u0113ja at\u013caujas ir aizliegta. Vair\u0101k lasi  <a target=\"_blank\" href=\"https:\/\/www.delfi.lv\/noteikumi#autortiesibas\" rel=\"nofollow noopener\">\u0161eit<\/a><script async src=\"\/\/www.instagram.com\/embed.js\"><\/script><\/p>\n","protected":false},"excerpt":{"rendered":"41 gadu vec\u0101, bijus\u012b &#8220;Victoria\u2019s Secret&#8221; modele Bjanka Balti vietn\u0113 &#8220;Substack&#8221; atkl\u0101jusi, ka ir v\u0113rsusies pie z\u012bmola ar&hellip;\n","protected":false},"author":2,"featured_media":26400,"comment_status":"","ping_status":"","sticky":false,"template":"","format":"standard","meta":{"footnotes":""},"categories":[19],"tags":[89,90,3971,35,39,38,36,37,34,40,182,8233,3716,976,8232],"class_list":{"0":"post-26399","1":"post","2":"type-post","3":"status-publish","4":"format-standard","5":"has-post-thumbnail","7":"category-izklaide","8":"tag-entertainment","9":"tag-izklaide","10":"tag-kruts-vezis","11":"tag-latvia","12":"tag-latvian","13":"tag-latviesu","14":"tag-latviesu-valoda","15":"tag-latviesuvaloda","16":"tag-latvija","17":"tag-lv","18":"tag-modele","19":"tag-olnicu-vezis","20":"tag-sovs","21":"tag-vezis","22":"tag-victorias-secret"},"share_on_mastodon":{"url":"","error":""},"_links":{"self":[{"href":"https:\/\/www.europesays.com\/lv\/wp-json\/wp\/v2\/posts\/26399","targetHints":{"allow":["GET"]}}],"collection":[{"href":"https:\/\/www.europesays.com\/lv\/wp-json\/wp\/v2\/posts"}],"about":[{"href":"https:\/\/www.europesays.com\/lv\/wp-json\/wp\/v2\/types\/post"}],"author":[{"embeddable":true,"href":"https:\/\/www.europesays.com\/lv\/wp-json\/wp\/v2\/users\/2"}],"replies":[{"embeddable":true,"href":"https:\/\/www.europesays.com\/lv\/wp-json\/wp\/v2\/comments?post=26399"}],"version-history":[{"count":0,"href":"https:\/\/www.europesays.com\/lv\/wp-json\/wp\/v2\/posts\/26399\/revisions"}],"wp:featuredmedia":[{"embeddable":true,"href":"https:\/\/www.europesays.com\/lv\/wp-json\/wp\/v2\/media\/26400"}],"wp:attachment":[{"href":"https:\/\/www.europesays.com\/lv\/wp-json\/wp\/v2\/media?parent=26399"}],"wp:term":[{"taxonomy":"category","embeddable":true,"href":"https:\/\/www.europesays.com\/lv\/wp-json\/wp\/v2\/categories?post=26399"},{"taxonomy":"post_tag","embeddable":true,"href":"https:\/\/www.europesays.com\/lv\/wp-json\/wp\/v2\/tags?post=26399"}],"curies":[{"name":"wp","href":"https:\/\/api.w.org\/{rel}","templated":true}]}}