{"id":26438,"date":"2025-10-20T13:50:08","date_gmt":"2025-10-20T13:50:08","guid":{"rendered":"https:\/\/www.europesays.com\/lv\/26438\/"},"modified":"2025-10-20T13:50:08","modified_gmt":"2025-10-20T13:50:08","slug":"honkonga-avarejusi-kravas-lidmasina","status":"publish","type":"post","link":"https:\/\/www.europesays.com\/lv\/26438\/","title":{"rendered":"Honkong\u0101 avar\u0113jusi kravas lidma\u0161\u012bna"},"content":{"rendered":"<p>Lidma\u0161\u012bna l\u012bdz ar auto ieg\u0101z\u0101s j\u016br\u0101.<\/p>\n<blockquote class=\"twitter-tweet\">\n<p lang=\"en\" dir=\"ltr\">\ud83d\udeecDisaster in Hong Kong: cargo plane plunges into the sea<\/p>\n<p>A cargo <a href=\"https:\/\/www.tvnet.lv\/term\/11583\/boeing\" class=\"topicLink\" target=\"_blank\" rel=\"nofollow noopener\">Boeing<\/a> 747 operated by Emirates overshot the runway and plunged into the sea near Hong Kong International Airport. On its way, the aircraft collided with a ground service vehicle \u2014 two people were killed.\u2026 <a href=\"https:\/\/t.co\/moUKy9yUr3\" rel=\"nofollow\">pic.twitter.com\/moUKy9yUr3<\/a><\/p>\n<p>\u2014 NEXTA (@nexta_tv) <a href=\"https:\/\/twitter.com\/nexta_tv\/status\/1980133610846871968?ref_src=twsrc%5Etfw\" rel=\"nofollow noopener\" target=\"_blank\">October 20, 2025<\/a><\/p><\/blockquote>\n<p>\u010cetri apkalpes locek\u013ci veiksm\u012bgi evaku\u0113ju\u0161ies.<\/p>\n<p>S\u0101kta izmekl\u0113\u0161anas, lai noskaidrotu, kas Honkongas starptautiskaj\u0101 lidost\u0101 izrais\u012bja lidma\u0161\u012bnas &#8220;Boeing&#8221; noskrie\u0161anu no skrejce\u013ca, apliecin\u0101ja amatpersonas.<\/p>\n<p>Avar\u0113jus\u012b lidma\u0161\u012bna ielidojusi no Dubaijas.<\/p>\n<p>Patru\u013cma\u0161\u012bna negad\u012bjuma br\u012bd\u012b neatrad\u0101s uz skrejce\u013ca un &#8220;tie\u0161i lidma\u0161\u012bna novirz\u012bj\u0101s no skrejce\u013ca, tr\u0101p\u012bja patru\u013cma\u0161\u012bnai, kas atrad\u0101s \u0101rpus no\u017eogojuma&#8221;, un iest\u016bma to \u016bden\u012b, sac\u012bja Honkongas lidostas p\u0101rvaldes lidostas oper\u0101ciju izpilddirektors St\u012bvens Jiu.<\/p>\n<p>Lidma\u0161\u012bnu vad\u012bja Turcijas lidsabiedr\u012bbas &#8220;ACT Airlines&#8221; piloti, lidojums tika veikts lidsabiedr\u012bbas &#8220;Emirates Airlines&#8221; uzdevum\u0101.<\/p>\n<p>&#8220;Emirates&#8221; apstiprin\u0101ja, ka visi apkalpes locek\u013ci ir dz\u012bvi, un piebilda, ka lidma\u0161\u012bn\u0101 nebija kravas.<\/p>\n<p>Zi\u0146u a\u0123ent\u016bra &#8220;Reuters&#8221; v\u0113sta, ka piloti pirms nos\u0113\u0161an\u0101s nav zi\u0146oju\u0161i par darb\u012bbas trauc\u0113jumiem.<\/p>\n<p>Honkongas kravu lidostas &#8211; vienas no liel\u0101kaj\u0101m pasaul\u0113 &#8211; darbu incidents nav ietekm\u0113jis. Skrejce\u013c\u0161, no kura noskr\u0113ja lidma\u0161\u012bna, p\u0113c p\u0101rbaudes tika atv\u0113rts.<\/p>\n<p><script async src=\"https:\/\/platform.twitter.com\/widgets.js\" charset=\"utf-8\"><\/script><\/p>\n","protected":false},"excerpt":{"rendered":"Lidma\u0161\u012bna l\u012bdz ar auto ieg\u0101z\u0101s j\u016br\u0101. \ud83d\udeecDisaster in Hong Kong: cargo plane plunges into the sea A cargo&hellip;\n","protected":false},"author":2,"featured_media":26439,"comment_status":"","ping_status":"","sticky":false,"template":"","format":"standard","meta":{"footnotes":""},"categories":[14],"tags":[23,57,8113,28,29,32,33,22,8242,30,31,35,39,38,36,37,34,40,20,26,27,24,25,54,55,56,21,58],"class_list":{"0":"post-26438","1":"post","2":"type-post","3":"status-publish","4":"format-standard","5":"has-post-thumbnail","7":"category-zinas-no-arvalstim","8":"tag-aktualitates","9":"tag-arvalstim","10":"tag-boeing","11":"tag-breaking-news","12":"tag-breakingnews","13":"tag-featured-news","14":"tag-featurednews","15":"tag-headlines","16":"tag-hongkonga","17":"tag-latest-news","18":"tag-latestnews","19":"tag-latvia","20":"tag-latvian","21":"tag-latviesu","22":"tag-latviesu-valoda","23":"tag-latviesuvaloda","24":"tag-latvija","25":"tag-lv","26":"tag-news","27":"tag-popularakas-zinas","28":"tag-popularakaszinas","29":"tag-top-stories","30":"tag-topstories","31":"tag-world","32":"tag-world-news","33":"tag-worldnews","34":"tag-zinas","35":"tag-zinas-no-arvalstim"},"share_on_mastodon":{"url":"","error":""},"_links":{"self":[{"href":"https:\/\/www.europesays.com\/lv\/wp-json\/wp\/v2\/posts\/26438","targetHints":{"allow":["GET"]}}],"collection":[{"href":"https:\/\/www.europesays.com\/lv\/wp-json\/wp\/v2\/posts"}],"about":[{"href":"https:\/\/www.europesays.com\/lv\/wp-json\/wp\/v2\/types\/post"}],"author":[{"embeddable":true,"href":"https:\/\/www.europesays.com\/lv\/wp-json\/wp\/v2\/users\/2"}],"replies":[{"embeddable":true,"href":"https:\/\/www.europesays.com\/lv\/wp-json\/wp\/v2\/comments?post=26438"}],"version-history":[{"count":0,"href":"https:\/\/www.europesays.com\/lv\/wp-json\/wp\/v2\/posts\/26438\/revisions"}],"wp:featuredmedia":[{"embeddable":true,"href":"https:\/\/www.europesays.com\/lv\/wp-json\/wp\/v2\/media\/26439"}],"wp:attachment":[{"href":"https:\/\/www.europesays.com\/lv\/wp-json\/wp\/v2\/media?parent=26438"}],"wp:term":[{"taxonomy":"category","embeddable":true,"href":"https:\/\/www.europesays.com\/lv\/wp-json\/wp\/v2\/categories?post=26438"},{"taxonomy":"post_tag","embeddable":true,"href":"https:\/\/www.europesays.com\/lv\/wp-json\/wp\/v2\/tags?post=26438"}],"curies":[{"name":"wp","href":"https:\/\/api.w.org\/{rel}","templated":true}]}}